{"id":47727,"date":"2012-01-25T17:28:50","date_gmt":"2012-01-25T15:28:50","guid":{"rendered":"http:\/\/www.korhanyilmaz.com\/?p=47727"},"modified":"2012-01-25T22:44:09","modified_gmt":"2012-01-25T20:44:09","slug":"tubitaktan-garip-cevap","status":"publish","type":"post","link":"http:\/\/www.korhanyilmaz.com\/?p=47727","title":{"rendered":"T\u00dcB\u0130TAK&#8217;tan garip cevap"},"content":{"rendered":"<p style=\"text-align: center;\"><a href=\"http:\/\/www.korhanyilmaz.com\/wp-content\/uploads\/2012\/01\/94741.jpg\"  class=\"lightview\"><img loading=\"lazy\" decoding=\"async\" class=\"aligncenter  wp-image-47729\" title=\"94741\" src=\"http:\/\/www.korhanyilmaz.com\/wp-content\/uploads\/2012\/01\/94741.jpg\" alt=\"\" width=\"212\" height=\"215\" \/><\/a><\/p>\n<p><span style=\"text-align: justify;\">Savc\u0131l\u0131k kuruma &#8220;Te\u011fmen Mehmet Ali \u00c7elebi\u2019nin telefonuna sehven y\u00fckleme yap\u0131lm\u0131\u015f, incele, rapor haz\u0131rla&#8221; dedi. T\u00dcB\u0130TAK talebi \u015fu k\u0131sa yan\u0131tla reddedildi: Yo\u011funuz.<\/span><\/p>\n<p style=\"text-align: justify;\">\u0130STANBUL- Te\u011fmen Mehmet Ali \u00c7elebi\u2019nin telefonuna \u2018sehven\u2019 y\u00fckleme yap\u0131ld\u0131\u011f\u0131 iddias\u0131na \u00fczerine avukat Serkan G\u00fcnel tam bir sene \u00f6nce 26 Ocak 2011 tarihinde Fatih Cumhuriyet Ba\u015fsavc\u0131l\u0131\u011f\u0131\u2019na su\u00e7 duyurusunda bulundu. Bir senedir devam eden soru\u015fturmada bir arpa boyu yol al\u0131namad\u0131. Soru\u015fturmada s\u00fcrecinde 3 savc\u0131 de\u011fi\u015fti ancak soru\u015fturmada ilerleme olmad\u0131.\u00a0<!--more--><\/p>\n<p style=\"text-align: justify;\"><strong>BAKANLIK DOSYAYI SAVCILI\u011eA G\u00d6NDERD\u0130<\/strong><\/p>\n<p style=\"text-align: justify;\">G\u00f6revli polisler hakk\u0131nda \u0130\u00e7i\u015fleri Bakanl\u0131\u011f\u0131 da bir inceleme yapt\u0131. Bakanl\u0131k ge\u00e7en \u015fubat ay\u0131nda incelemesinin ard\u0131ndan dosyay\u0131 \u2018iddialar g\u00f6rev su\u00e7u kapsam\u0131na girmemektedir\u2019 diyerek Fatih Cumhuriyet Ba\u015fsavc\u0131l\u0131\u011f\u0131\u2019na g\u00f6nderdi. \u0130ddialar\u0131n ancak Cumhuriyet Ba\u015fsavc\u0131l\u0131\u011f\u0131\u2019nca yap\u0131lacak bir soru\u015fturma sonucunda ortaya \u00e7\u0131kabilecek mahiyette oldu\u011funu belirten bakanl\u0131k, polisler hakk\u0131ndaki iddialara memur su\u00e7lar\u0131na bakmakla g\u00f6revli Fatih Cumhuriyet Ba\u015fsavc\u0131l\u0131\u011f\u0131\u2019n\u0131n bakmas\u0131 gerekti\u011fini bildirdi.<\/p>\n<p style=\"text-align: justify;\"><strong>POL\u0130SLER\u0130N \u0130FADES\u0130 ALINDI<\/strong><\/p>\n<p style=\"text-align: justify;\">Savc\u0131l\u0131k bu geli\u015fme \u00fczerine polislerin konuya ili\u015fkin ifadesini ald\u0131. Telefon d\u00f6k\u00fcm\u00fcn\u00fc yapan polis memuru H. \u00d6 ifadesinde, \u201cMehmet Ali \u00c7elebi ve Mahmut O\u011fuz Kazanc\u0131\u2019n\u0131n telefon d\u00f6k\u00fcmlerini ben yapt\u0131m. \u00c7elebi\u2019nin telefon d\u00f6k\u00fcm kay\u0131tlar\u0131 i\u00e7erisine Kazanc\u0131\u2019ya ait telefon bilgilerinin nas\u0131l girdi\u011fi hakk\u0131nda net bir fikrim yok. Kazanc\u0131\u2019n\u0131n telefon d\u00f6k\u00fcm kay\u0131tlar\u0131n\u0131 \u00c7elebi\u2019ye ait telefon d\u00f6k\u00fcm kay\u0131tlar\u0131na aktarmad\u0131m.&#8221; dedi.<\/p>\n<p style=\"text-align: justify;\"><strong>GE\u00c7EN YILIN MAYIS AYINDA T\u00dcB\u0130TAK\u2019TAN RAPOR \u0130STEN\u0130LD\u0130<\/strong><\/p>\n<p style=\"text-align: justify;\">Savc\u0131l\u0131k daha sonra Te\u011fmen Mehmet Ali \u00c7elebi\u2019nin telefonuna \u0130stanbul Emniyet M\u00fcd\u00fcrl\u00fc\u011f\u00fc\u2019nde \u2018sehven\u2019 y\u00fckleme yap\u0131l\u0131p yap\u0131lmad\u0131\u011f\u0131na ili\u015fkin soru\u015fturmay\u0131 geni\u015fletme karar\u0131 ald\u0131. S\u00f6z konusu telefona y\u00fckleme yap\u0131l\u0131p yap\u0131lmad\u0131\u011f\u0131n\u0131n T\u00dcB\u0130TAK taraf\u0131ndan incelenmesine karar veren savc\u0131l\u0131k, 24 May\u0131s 2011\u2019de T\u00dcB\u0130TAK\u2019tan incelemeyi yapacak bilirki\u015fi heyetinin isimlerinin bildirilmesini istedi.<\/p>\n<p style=\"text-align: justify;\"><strong>T\u00dcB\u0130TAK \u2018YO\u011eUNUZ\u2019 DED\u0130<\/strong><\/p>\n<p style=\"text-align: justify;\">Yakla\u015f\u0131k iki ay sonra cevap yaz\u0131s\u0131 yazan T\u00dcB\u0130TAK, savc\u0131l\u0131\u011fa \u015fa\u015f\u0131rtan bir yan\u0131t geldi. T\u00dcB\u0130TAK yaz\u0131s\u0131nda, \u201cKurumumuzun konuyla ilgili uzmanlar\u0131 ba\u015fka davalarla ilgili bilirki\u015filik yapmaktad\u0131r. \u0130\u015f yo\u011funlu\u011fu nedeniyle ilgili talebe cevap verilememektedir. &#8221; dedi. T\u00dcB\u0130TAK kendisinden istenilen incelemenin \u0130stanbul Emniyet M\u00fcd\u00fcrl\u00fc\u011f\u00fc veya Hacettepe \u00dcniversitesi Adli Bili\u015fim Ara\u015ft\u0131rma ve Uygulama Merkezi taraf\u0131ndan da yap\u0131labilece\u011fini belirtti. T\u00dcB\u0130TAK ayr\u0131ca cep telefonu konusunda kurumlar\u0131nda yetkin bir mekanizman\u0131n da bulunmad\u0131\u011f\u0131n\u0131 vurgulad\u0131.<\/p>\n<p style=\"text-align: justify;\"><strong>SAVCILIK\u2019TAN \u2018YO\u011eUNUZ\u2019A SERT YANIT<\/strong><\/p>\n<p style=\"text-align: justify;\">Savc\u0131l\u0131k, T\u00dcB\u0130TAK\u2019\u0131n bu yaz\u0131s\u0131na 26 Eyl\u00fcl 2011 tarihinde sert bir cevap verdi. \u0130stenilen incelemede g\u00f6rev alabilecek personelin isimlerinin biran \u00f6nce g\u00f6nderilmesini isteyen savc\u0131l\u0131k, \u201c\u0130\u015f yo\u011funlu\u011fu, talebin ancak cevaplanma s\u00fcresini geciktirebilir. Yani bilirki\u015fiye verilen i\u015f \u00e7ok acele yap\u0131lmas\u0131 gereken bir i\u015f ise g\u00f6revlendirme yapmaktan imtina edilebilir. Bunun takdiri de Cumhuriyet Ba\u015fsavc\u0131l\u0131\u011f\u0131m\u0131za aittir. Dosyada bir \u00e7ok bilirki\u015fi raporu al\u0131nm\u0131\u015f olup, ancak kurumunuzda g\u00f6revli uzman bilirki\u015filerce yeniden de\u011ferlendirilmesi gerekmektedir.&#8221; denildi. Savc\u0131l\u0131\u011f\u0131n bu yaz\u0131s\u0131n\u0131n ard\u0131ndan T\u00dcB\u0130TAK\u2019tan istenilen bilirki\u015filerin isimleri g\u00f6nderildi\u011fi ancak T\u00dcB\u0130TAK\u2019tan konuya ili\u015fkin bir rapor hen\u00fcz savc\u0131l\u0131\u011fa ula\u015fmad\u0131.<\/p>\n<p style=\"text-align: justify;\">Ergenekon kapsam\u0131nda tutuklanan Te\u011fmen Mehmet Ali \u00c7elebi\u2019nin telefonuna, emniyet incelemesi s\u0131ras\u0131nda Hizb\u00fc-t Tahrir ter\u00f6r \u00f6rg\u00fct \u00fcyeli\u011finden hakk\u0131nda dava a\u00e7\u0131lan Mahmut O\u011fuz Kazanc\u0131\u2019n\u0131n telefonundaki isimlerin y\u00fcklendi\u011fi iddia edilmi\u015fti. Ge\u00e7ti\u011fimiz y\u0131l ortaya \u00e7\u0131kan bu iddia \u00fczerine telefon \u00fczerinde inceleme yapan emniyet g\u00f6revlileri hakk\u0131nda soru\u015fturma ba\u015flat\u0131lm\u0131\u015ft\u0131.<\/p>\n<p style=\"text-align: justify;\"><a href=\"http:\/\/www.gazeteport.com.tr\/haber\/75604\/tubitaktan_garip_cevap\" target=\"_blank\">Kaynak : GAZETEPORT<\/a><\/p>\n","protected":false},"excerpt":{"rendered":"<p style=\"text-align: center;\">\n<p>Savc\u0131l\u0131k kuruma &#8220;Te\u011fmen Mehmet Ali \u00c7elebi\u2019nin telefonuna sehven y\u00fckleme yap\u0131lm\u0131\u015f, incele, rapor haz\u0131rla&#8221; dedi. T\u00dcB\u0130TAK talebi \u015fu k\u0131sa yan\u0131tla reddedildi: Yo\u011funuz.<\/p>\n<p style=\"text-align: justify;\">\u0130STANBUL- Te\u011fmen Mehmet Ali \u00c7elebi\u2019nin telefonuna \u2018sehven\u2019 y\u00fckleme yap\u0131ld\u0131\u011f\u0131 iddias\u0131na \u00fczerine avukat Serkan G\u00fcnel tam bir sene \u00f6nce 26 Ocak 2011 tarihinde Fatih Cumhuriyet Ba\u015fsavc\u0131l\u0131\u011f\u0131\u2019na su\u00e7 duyurusunda bulundu. Bir <\/p>\n","protected":false},"author":1,"featured_media":0,"comment_status":"open","ping_status":"open","sticky":false,"template":"","format":"standard","meta":{"footnotes":""},"categories":[105],"tags":[],"class_list":["post-47727","post","type-post","status-publish","format-standard","hentry","category-gundem","odd"],"_links":{"self":[{"href":"http:\/\/www.korhanyilmaz.com\/index.php?rest_route=\/wp\/v2\/posts\/47727","targetHints":{"allow":["GET"]}}],"collection":[{"href":"http:\/\/www.korhanyilmaz.com\/index.php?rest_route=\/wp\/v2\/posts"}],"about":[{"href":"http:\/\/www.korhanyilmaz.com\/index.php?rest_route=\/wp\/v2\/types\/post"}],"author":[{"embeddable":true,"href":"http:\/\/www.korhanyilmaz.com\/index.php?rest_route=\/wp\/v2\/users\/1"}],"replies":[{"embeddable":true,"href":"http:\/\/www.korhanyilmaz.com\/index.php?rest_route=%2Fwp%2Fv2%2Fcomments&post=47727"}],"version-history":[{"count":0,"href":"http:\/\/www.korhanyilmaz.com\/index.php?rest_route=\/wp\/v2\/posts\/47727\/revisions"}],"wp:attachment":[{"href":"http:\/\/www.korhanyilmaz.com\/index.php?rest_route=%2Fwp%2Fv2%2Fmedia&parent=47727"}],"wp:term":[{"taxonomy":"category","embeddable":true,"href":"http:\/\/www.korhanyilmaz.com\/index.php?rest_route=%2Fwp%2Fv2%2Fcategories&post=47727"},{"taxonomy":"post_tag","embeddable":true,"href":"http:\/\/www.korhanyilmaz.com\/index.php?rest_route=%2Fwp%2Fv2%2Ftags&post=47727"}],"curies":[{"name":"wp","href":"https:\/\/api.w.org\/{rel}","templated":true}]}}