{"id":47718,"date":"2012-01-25T17:52:27","date_gmt":"2012-01-25T15:52:27","guid":{"rendered":"http:\/\/www.korhanyilmaz.com\/?p=47718"},"modified":"2012-01-25T19:56:58","modified_gmt":"2012-01-25T17:56:58","slug":"memur-emeklisine-maas-farki-subatta","status":"publish","type":"post","link":"http:\/\/www.korhanyilmaz.com\/?p=47718","title":{"rendered":"Memur emeklisine maa\u015f fark\u0131 \u015fubatta"},"content":{"rendered":"<p style=\"text-align: center;\"><a href=\"http:\/\/www.korhanyilmaz.com\/wp-content\/uploads\/2012\/01\/9473.jpg\"  class=\"lightview\"><img loading=\"lazy\" decoding=\"async\" class=\"aligncenter  wp-image-47719\" src=\"http:\/\/www.korhanyilmaz.com\/wp-content\/uploads\/2012\/01\/9473.jpg\" alt=\"\" width=\"279\" height=\"215\" \/><\/a><\/p>\n<p style=\"text-align: justify;\">Emekli Sand\u0131\u011f\u0131 Kanunu m\u00fclga h\u00fck\u00fcmlerine g\u00f6re emekli, adi malull\u00fck, vazife malull\u00fc\u011f\u00fc, dul ve yetim ayl\u0131\u011f\u0131 alan 1 milyon 908 bin ki\u015finin 1 Ocak&#8217;tan ge\u00e7erli olmak \u00fczere ayl\u0131klar\u0131nda olu\u015fan fark tutarlar\u0131 \u015fubat ay\u0131 i\u00e7inde ayl\u0131k ald\u0131klar\u0131 g\u00fcn itibar\u0131yla \u00f6denecek.<!--more--><\/p>\n<p style=\"text-align: justify;\">Sosyal G\u00fcvenlik Kurumu&#8217;ndan (SGK) yap\u0131lan a\u00e7\u0131klamada, 10 Ocak 2012 tarihli Resmi Gazete&#8217;de yay\u0131mlanan Bakanlar Kurulu karar\u0131yla 1 Ocak&#8217;tan ge\u00e7erli olmak \u00fczere 657 say\u0131l\u0131 Devlet Memurlar\u0131 Kanunu&#8217;nun 154. maddesi uyar\u0131nca, ayl\u0131k g\u00f6sterge tablosunda yer alan rakamlar ile ek g\u00f6sterge rakamlar\u0131n\u0131n ayl\u0131k tutarlara \u00e7evrilmesine esas ayl\u0131k katsay\u0131s\u0131 ve memuriyet taban ayl\u0131\u011f\u0131 g\u00f6stergesine uygulanan taban ayl\u0131k katsay\u0131s\u0131n\u0131n yeniden belirlendi\u011fi ifade edildi.<\/p>\n<p style=\"text-align: justify;\">5434 say\u0131l\u0131 TC. Emekli Sand\u0131\u011f\u0131 Kanunu&#8217;nun m\u00fclga h\u00fck\u00fcmlerine g\u00f6re emekli, adi malull\u00fck, vazife malull\u00fc\u011f\u00fc, dul ve yetim ayl\u0131\u011f\u0131 alan 1 milyon 908 bin 215 ki\u015finin 1 Ocak 2012 tarihinden ge\u00e7erli olmak \u00fczere ayl\u0131klar\u0131nda olu\u015fan fark tutarlar\u0131n\u0131n, ayl\u0131k almakta olduklar\u0131 banka ve PTT \u015fubelerine g\u00f6nderilerek, \u015eubat 2012 i\u00e7erisinde ayl\u0131k almakta olduklar\u0131 g\u00fcn itibar\u0131yla \u00f6deme yap\u0131laca\u011f\u0131 bildirildi.<\/p>\n<p style=\"text-align: justify;\">Buna g\u00f6re, ayl\u0131klar\u0131n\u0131 \u00fc\u00e7er ayl\u0131k halinde alanlardan, 1. grupta ayl\u0131k alanlara, ocak ay\u0131 olmak \u00fczere 1 ayl\u0131k tutar\u0131nda, 2. grupta ayl\u0131k alanlara, ocak, \u015fubat aylar\u0131 olmak \u00fczere 2 ayl\u0131k tutar\u0131nda, 3. grupta yer alanlara, ocak, \u015fubat, mart aylar\u0131 olmak \u00fczere 3 ayl\u0131k tutar\u0131nda ayl\u0131k fark\u0131 yans\u0131t\u0131lacak.<\/p>\n<p style=\"text-align: justify;\">Ayl\u0131klar\u0131n\u0131 birer ayl\u0131k olarak alanlara, ocak ay\u0131na ait 1 ayl\u0131k tutar\u0131nda ayl\u0131k fark\u0131 \u00f6denecek.<\/p>\n<p style=\"text-align: justify;\"><a href=\"http:\/\/www.cnnturk.com\/2012\/ekonomi\/genel\/01\/25\/memur.emeklisine.maas.farki.subatta\/646403.0\/index.html\" target=\"_blank\">Kaynak : CNN T\u00dcRK<\/a><\/p>\n","protected":false},"excerpt":{"rendered":"<p style=\"text-align: center;\">\n<p style=\"text-align: justify;\">Emekli Sand\u0131\u011f\u0131 Kanunu m\u00fclga h\u00fck\u00fcmlerine g\u00f6re emekli, adi malull\u00fck, vazife malull\u00fc\u011f\u00fc, dul ve yetim ayl\u0131\u011f\u0131 alan 1 milyon 908 bin ki\u015finin 1 Ocak&#8217;tan ge\u00e7erli olmak \u00fczere ayl\u0131klar\u0131nda olu\u015fan fark tutarlar\u0131 \u015fubat ay\u0131 i\u00e7inde ayl\u0131k ald\u0131klar\u0131 g\u00fcn itibar\u0131yla \u00f6denecek.<\/p>\n","protected":false},"author":1,"featured_media":0,"comment_status":"open","ping_status":"open","sticky":false,"template":"","format":"standard","meta":{"footnotes":""},"categories":[7],"tags":[],"class_list":["post-47718","post","type-post","status-publish","format-standard","hentry","category-ekonomi","odd"],"_links":{"self":[{"href":"http:\/\/www.korhanyilmaz.com\/index.php?rest_route=\/wp\/v2\/posts\/47718","targetHints":{"allow":["GET"]}}],"collection":[{"href":"http:\/\/www.korhanyilmaz.com\/index.php?rest_route=\/wp\/v2\/posts"}],"about":[{"href":"http:\/\/www.korhanyilmaz.com\/index.php?rest_route=\/wp\/v2\/types\/post"}],"author":[{"embeddable":true,"href":"http:\/\/www.korhanyilmaz.com\/index.php?rest_route=\/wp\/v2\/users\/1"}],"replies":[{"embeddable":true,"href":"http:\/\/www.korhanyilmaz.com\/index.php?rest_route=%2Fwp%2Fv2%2Fcomments&post=47718"}],"version-history":[{"count":0,"href":"http:\/\/www.korhanyilmaz.com\/index.php?rest_route=\/wp\/v2\/posts\/47718\/revisions"}],"wp:attachment":[{"href":"http:\/\/www.korhanyilmaz.com\/index.php?rest_route=%2Fwp%2Fv2%2Fmedia&parent=47718"}],"wp:term":[{"taxonomy":"category","embeddable":true,"href":"http:\/\/www.korhanyilmaz.com\/index.php?rest_route=%2Fwp%2Fv2%2Fcategories&post=47718"},{"taxonomy":"post_tag","embeddable":true,"href":"http:\/\/www.korhanyilmaz.com\/index.php?rest_route=%2Fwp%2Fv2%2Ftags&post=47718"}],"curies":[{"name":"wp","href":"https:\/\/api.w.org\/{rel}","templated":true}]}}