{"id":47714,"date":"2012-01-25T14:11:37","date_gmt":"2012-01-25T12:11:37","guid":{"rendered":"http:\/\/www.korhanyilmaz.com\/?p=47714"},"modified":"2012-01-25T19:46:25","modified_gmt":"2012-01-25T17:46:25","slug":"ugurun-sakallari-cikmaya-basladi","status":"publish","type":"post","link":"http:\/\/www.korhanyilmaz.com\/?p=47714","title":{"rendered":"U\u011fur&#8217;un sakallar\u0131 \u00e7\u0131kmaya ba\u015flad\u0131"},"content":{"rendered":"<p style=\"text-align: center;\"><a href=\"http:\/\/www.korhanyilmaz.com\/wp-content\/uploads\/2012\/01\/9472.jpg\"  class=\"lightview\"><img loading=\"lazy\" decoding=\"async\" class=\"aligncenter  wp-image-47715\" src=\"http:\/\/www.korhanyilmaz.com\/wp-content\/uploads\/2012\/01\/9472.jpg\" alt=\"\" width=\"396\" height=\"180\" \/><\/a><\/p>\n<p style=\"text-align: justify;\">T\u00fcrkiye&#8217;nin ilk y\u00fcz nakli yap\u0131lan hastas\u0131 U\u011fur Acar ilk s\u00f6zlerini bu sabah saatlerinde s\u00f6yledi. Ayr\u0131ca U\u011fur&#8217;un sakallar\u0131n\u0131n \u00e7\u0131kmaya ba\u015flad\u0131\u011f\u0131 da belirtildi.<\/p>\n<p style=\"text-align: justify;\">ANTALYA &#8211; A\u00dc T\u0131p Fak\u00fcltesi Hastanesi\u2019nde ger\u00e7ekle\u015ftirilen T\u00fcrkiye\u2019nin ilk y\u00fcz nakli ile \u00e7ift kol nakli ameliyatlar\u0131n\u0131n 5\u2019inci g\u00fcn\u00fcnde Plastik ve Rekonstr\u00fcktif Cerrahi Anabilim Dal\u0131 Ba\u015fkan\u0131 Yrd. Do\u00e7. Dr. \u00d6zlenen \u00d6zkan, T\u0131p Fak\u00fcltesi Ruh Sa\u011fl\u0131\u011f\u0131 ve Hastal\u0131klar\u0131 Anabilim Dal\u0131 \u00f6\u011fretim \u00fcyesi Prof. Dr. \u00d6mer Ge\u00e7ici ve Prof. Dr. Tuncer Karpuzo\u011flu Organ Nakil Merkezi M\u00fcd\u00fcr Yard\u0131mc\u0131s\u0131 Do\u00e7. Dr. H\u00fcseyin Ko\u00e7ak, ortak bas\u0131n toplant\u0131s\u0131 d\u00fczenledi.\u00a0<!--more--><\/p>\n<p style=\"text-align: justify;\">Anabilim Dal\u0131 Ba\u015fkan\u0131 Yrd. Do\u00e7. Dr. \u00d6zkan, T\u00fcrkiye\u2019nin ilk y\u00fcz nakli hastas\u0131 U\u011fur Acar\u2019\u0131n d\u00fcnden beri serviste takip edildi\u011fini s\u00f6yledi. Bug\u00fcn sabah saatlerinde ger\u00e7ekle\u015ftirdikleri kontrolde U\u011fur Acar\u2019a &#8220;Ho\u015fgeldin yeni hayat\u0131na&#8221; demek isterken onun kendilerinden \u00f6nce davrand\u0131\u011f\u0131n\u0131 aktaran Yrd. Do\u00e7. Dr. \u00d6zkan, &#8220;Bize \u2019Ho\u015fgeldiniz\u2019 dedi. Birazc\u0131k bo\u011fuktu, ama bizim i\u00e7in \u00e7ok yeterliydi. Ac\u0131kt\u0131\u011f\u0131n\u0131, susad\u0131\u011f\u0131n\u0131 ifade etti. Bu bekledi\u011fimizden \u00e7ok \u00e7ok iyi&#8221; dedi.<\/p>\n<p style=\"text-align: justify;\"><strong>2 G\u00dcN SONRA KONU\u015eMASI BEKLEN\u0130YORDU<\/strong><\/p>\n<p style=\"text-align: justify;\">D\u00fcn yo\u011fun bak\u0131mdan \u00e7\u0131kar\u0131larak servise al\u0131nan U\u011fur Acar&#8217;\u0131 Antalya Valisi Ahmet Alt\u0131parmak ve Akdeniz \u00dcniversitesi Rekt\u00f6r\u00fc \u0130srafil Kurtcephe ziyaret etti. Hastas\u0131n\u0131n sa\u011fl\u0131k durumu ile ilgili d\u00fcn a\u00e7\u0131klama yapan Prof. Dr. \u00d6mer \u00d6zkan, \u201cG\u00f6zlerini a\u00e7t\u0131. Konu\u015fmas\u0131 \u015fu anda m\u00fcmk\u00fcn de\u011fil. Bir iki g\u00fcn sonra o imk\u00e2n\u0131 verece\u011fiz.&#8221; diyerek Acar&#8217;\u0131n konu\u015fmas\u0131n\u0131 hen\u00fcz beklemediklerini ifade etmi\u015fti.<\/p>\n<p style=\"text-align: justify;\"><strong>SAKALLARI \u00c7IKACAK<\/strong><\/p>\n<p style=\"text-align: justify;\">T\u00fcrkiye\u2019nin ilk y\u00fcz nakli hastas\u0131 U\u011fur Acar\u2019\u0131n foto\u011fraflarda belli olmayacak \u015fekilde sakallar\u0131n\u0131n \u00e7\u0131kmaya ba\u015flad\u0131\u011f\u0131n\u0131 kaydeden Yrd. Do\u00e7. Dr. \u00d6zkan, &#8220;Sakallar\u0131 \u00e7\u0131kacak elbette. Bir iki g\u00fcn i\u00e7inde g\u00f6r\u00fcr\u00fcz. U\u011fur \u00e7ok motive zaten. D\u00fcn bir ara televizyon izletmeyi tart\u0131\u015ft\u0131k. Y\u00fcz\u00fcn\u00fc televizyonda g\u00f6rs\u00fcn istemedi\u011fimiz i\u00e7in izletmedik. Kendisi \u2019Benim i\u00e7in hi\u00e7 sorun de\u011fil\u2019 \u015feklinde el kol hareketleriyle yan\u0131t verdi. Bu bizi mutlu etti&#8221; diye konu\u015ftu.<\/p>\n<p style=\"text-align: justify;\">Yrd. Do\u00e7. Dr. \u00d6zkan, don\u00f6r Ahmet Kaya\u2019n\u0131n yak\u0131nlar\u0131n\u0131n U\u011fur Acar\u2019\u0131 g\u00f6rme y\u00f6n\u00fcndeki taleplerinin ise ilerleyen d\u00f6nemde kar\u015f\u0131lanabilece\u011fini belirterek, &#8220;\u00d6dem azalmakla birlikte devam etmekte. Y\u00fcz biraz daha kendisini bulsun, g\u00f6sterece\u011fiz&#8221; dedi. (DHA)<\/p>\n<p style=\"text-align: justify;\"><strong>KAVDIR\u2019IN DA DURUMU DAHA \u0130Y\u0130<\/strong><\/p>\n<p style=\"text-align: justify;\">Gerek U\u011fur Acar gerekse \u00e7ift kol nakli olan Atilla Kavd\u0131r i\u00e7in her\u015feyin \u00e7ok yolunda oldu\u011funu kaydeden Yrd. Do\u00e7. Dr. \u00d6zkan, &#8220;Atilla Kavd\u0131r yo\u011fun bak\u0131mda. Bir s\u00fcre daha yo\u011fun bak\u0131mda takip etmek y\u00f6n\u00fcnde karar ald\u0131k. D\u00fcne g\u00f6re \u00e7ok \u00e7ok iyi. Yaln\u0131z yo\u011fun bak\u0131m hocam\u0131z, yo\u011fun bak\u0131mda devam etmesi konusunda \u0131srarl\u0131. 1- 2 g\u00fcn daha yo\u011fun bak\u0131mda devam edecek. \u2019U\u011fur \u00e7\u0131kt\u0131 Atilla Bey kald\u0131\u2019 diye ailenin bir endi\u015fesi var, ama endi\u015feye gerek yok&#8221; diye konu\u015ftu.<\/p>\n<p style=\"text-align: justify;\"><strong>&#8216;GENELKURMAY BA\u015eKANI ARADI&#8217;<\/strong><\/p>\n<p style=\"text-align: justify;\">Genelkurmay Ba\u015fkan\u0131 Orgeneral Necdet \u00d6zel\u2019in, ekibin ba\u015fkan\u0131 e\u015fi Prof. Dr. \u00d6mer \u00d6zkan\u2019\u0131 arad\u0131\u011f\u0131n\u0131 aktaran Yrd. Do\u00e7. Dr. \u00d6zlenen \u00d6zkan, &#8220;Kendisi \u00e7ok gururland\u0131\u011f\u0131n\u0131 ifade etti ve gazilerimiz i\u00e7in de \u00fcmit kap\u0131s\u0131 oldu\u011funu belirtti&#8221; dedi. Yrd. Do\u00e7. Dr. \u00d6zkan, G\u00fclhane Askeri T\u0131p Akademisi (GATA) ile ortak \u00e7al\u0131\u015fma yap\u0131lmas\u0131 y\u00f6n\u00fcndeki soruya ise &#8220;Niye olmas\u0131n&#8221; kar\u015f\u0131l\u0131\u011f\u0131n\u0131 verdi.<\/p>\n<p style=\"text-align: justify;\"><strong>\u015eAKA B\u0130LE YAPTI<\/strong><\/p>\n<p style=\"text-align: justify;\">Prof. Dr. \u00d6mer Ge\u00e7ici ise y\u00fcz nakli olan U\u011fur Acar\u2019\u0131 d\u00fcn ve bug\u00fcn g\u00f6rd\u00fc\u011f\u00fcn\u00fc belirterek, &#8220;D\u00fcne g\u00f6re \u00e7ok \u00f6nemli farklar var. D\u00fcn konu\u015fam\u0131yordu, bug\u00fcn \u00e7ok g\u00fczel kendini ifade edebiliyor. \u015eaka bile yapt\u0131. Haline hat\u0131r\u0131n\u0131 sorduk. Bunlara \u00e7ok g\u00fczel ve net cevaplar verdi&#8221; diye konu\u015ftu. U\u011fur Acar\u2019\u0131 \u00e7ok iyi g\u00f6rd\u00fc\u011f\u00fcn\u00fc belirten Prof. Dr. Ge\u00e7ici, &#8220;U\u011fur y\u00fcz\u00fcn\u00fc \u015fu zaman g\u00f6recek diye bir \u015fey s\u00f6ylemek \u00e7ok zor. U\u011fur ve tedavi ekibiyle ortak karar verece\u011fiz. S\u00fcre\u00e7 h\u0131zl\u0131 da olabilir, zaman da alabilir. Ama U\u011fur\u2019un genel yap\u0131s\u0131, hayat\u0131 sevmesi a\u00e7\u0131s\u0131ndan s\u00fcrecin \u00e7ok h\u0131zl\u0131 i\u015fleyece\u011fini d\u00fc\u015f\u00fcn\u00fcyorum&#8221; diye konu\u015ftu.<\/p>\n<p style=\"text-align: justify;\"><strong>DOKU VE ORGAN REDD\u0130 S\u00d6Z KONUSU DE\u011e\u0130L<\/strong><\/p>\n<p style=\"text-align: justify;\">Do\u00e7. Dr. H\u00fcseyin Ko\u00e7ak da her iki hasta i\u00e7in en b\u00fcy\u00fck riskin doku ve organ reddi oldu\u011funu belirterek, &#8220;Her iki hasta i\u00e7in ret s\u00f6z konusu de\u011fil. \u015eu an i\u00e7in ikisi de sa\u011fl\u0131kl\u0131&#8221; dedi.<\/p>\n<p style=\"text-align: justify;\">D\u00fcn servise al\u0131nan U\u011fur Acar, A\u00dc T\u0131p Fak\u00fcltesi Hastanesi\u2019nin B Blok 5\u2019inci kat\u0131nda, Plastik ve Rekonstr\u00fcktif Cerrahi\u2019ye ait serviste tuttuluyor. Acar, iki ki\u015filik odada tek ba\u015f\u0131na kal\u0131yor.<\/p>\n<p style=\"text-align: justify;\"><a href=\"http:\/\/www.gazeteport.com.tr\/haber\/75564\/ugurun_sakallari_cikmaya_basladi\" target=\"_blank\">Kaynak : GAZETEPORT<\/a><\/p>\n","protected":false},"excerpt":{"rendered":"<p style=\"text-align: center;\">\n<p style=\"text-align: justify;\">T\u00fcrkiye&#8217;nin ilk y\u00fcz nakli yap\u0131lan hastas\u0131 U\u011fur Acar ilk s\u00f6zlerini bu sabah saatlerinde s\u00f6yledi. Ayr\u0131ca U\u011fur&#8217;un sakallar\u0131n\u0131n \u00e7\u0131kmaya ba\u015flad\u0131\u011f\u0131 da belirtildi.<\/p>\n<p style=\"text-align: justify;\">ANTALYA &#8211; A\u00dc T\u0131p Fak\u00fcltesi Hastanesi\u2019nde ger\u00e7ekle\u015ftirilen T\u00fcrkiye\u2019nin ilk y\u00fcz nakli ile \u00e7ift kol nakli ameliyatlar\u0131n\u0131n 5\u2019inci g\u00fcn\u00fcnde Plastik ve Rekonstr\u00fcktif Cerrahi Anabilim Dal\u0131 Ba\u015fkan\u0131 Yrd. Do\u00e7. <\/p>\n","protected":false},"author":1,"featured_media":0,"comment_status":"open","ping_status":"open","sticky":false,"template":"","format":"standard","meta":{"footnotes":""},"categories":[105],"tags":[],"class_list":["post-47714","post","type-post","status-publish","format-standard","hentry","category-gundem","odd"],"_links":{"self":[{"href":"http:\/\/www.korhanyilmaz.com\/index.php?rest_route=\/wp\/v2\/posts\/47714","targetHints":{"allow":["GET"]}}],"collection":[{"href":"http:\/\/www.korhanyilmaz.com\/index.php?rest_route=\/wp\/v2\/posts"}],"about":[{"href":"http:\/\/www.korhanyilmaz.com\/index.php?rest_route=\/wp\/v2\/types\/post"}],"author":[{"embeddable":true,"href":"http:\/\/www.korhanyilmaz.com\/index.php?rest_route=\/wp\/v2\/users\/1"}],"replies":[{"embeddable":true,"href":"http:\/\/www.korhanyilmaz.com\/index.php?rest_route=%2Fwp%2Fv2%2Fcomments&post=47714"}],"version-history":[{"count":0,"href":"http:\/\/www.korhanyilmaz.com\/index.php?rest_route=\/wp\/v2\/posts\/47714\/revisions"}],"wp:attachment":[{"href":"http:\/\/www.korhanyilmaz.com\/index.php?rest_route=%2Fwp%2Fv2%2Fmedia&parent=47714"}],"wp:term":[{"taxonomy":"category","embeddable":true,"href":"http:\/\/www.korhanyilmaz.com\/index.php?rest_route=%2Fwp%2Fv2%2Fcategories&post=47714"},{"taxonomy":"post_tag","embeddable":true,"href":"http:\/\/www.korhanyilmaz.com\/index.php?rest_route=%2Fwp%2Fv2%2Ftags&post=47714"}],"curies":[{"name":"wp","href":"https:\/\/api.w.org\/{rel}","templated":true}]}}