{"id":47710,"date":"2012-01-25T19:29:45","date_gmt":"2012-01-25T17:29:45","guid":{"rendered":"http:\/\/www.korhanyilmaz.com\/?p=47710"},"modified":"2012-01-25T19:35:40","modified_gmt":"2012-01-25T17:35:40","slug":"hrant-dink-davasinda-surpriz-gelisme","status":"publish","type":"post","link":"http:\/\/www.korhanyilmaz.com\/?p=47710","title":{"rendered":"Hrant Dink davas\u0131nda s\u00fcrpriz geli\u015fme"},"content":{"rendered":"<p style=\"text-align: center;\"><a href=\"http:\/\/www.korhanyilmaz.com\/wp-content\/uploads\/2012\/01\/9471.jpg\"  class=\"lightview\"><img loading=\"lazy\" decoding=\"async\" class=\"aligncenter  wp-image-47711\" src=\"http:\/\/www.korhanyilmaz.com\/wp-content\/uploads\/2012\/01\/9471.jpg\" alt=\"\" width=\"307\" height=\"236\" \/><\/a><\/p>\n<p style=\"text-align: justify;\">Hrant Dink cinayetine ili\u015fkin davada mahkemenin &#8221;\u00f6rg\u00fct tespit edilemedi&#8221; karar\u0131na itiraz eden duru\u015fma savc\u0131s\u0131 Hikmet Usta harekete ge\u00e7ti. &#8220;Dink suikast\u0131, Rahip Santaro cinayeti ve Malatya Zirve Yay\u0131nevi katliam\u0131 ile bir de\u011ferlendirilmelidir&#8221; g\u00f6r\u00fc\u015f\u00fcn\u00fc savunan Usta, bu davalar\u0131n dosyalar\u0131n\u0131 istedi.\u00a0<!--more--><\/p>\n<p style=\"text-align: justify;\">Duru\u015fman\u0131n savc\u0131s\u0131 Hikmet Usta, Yarg\u0131tay&#8217;a g\u00f6nderece\u011fi itiraz\u0131n gerek\u00e7eleri \u00fczerinde \u00e7al\u0131\u015fmaya ba\u015flad\u0131.<\/p>\n<p style=\"text-align: justify;\">Dink cinayetindeki \u00f6rg\u00fct\u00fcn varl\u0131\u011f\u0131na dair delilleri itiraz dilek\u00e7esinde anlatacak olan Usta, Trabzon A\u011f\u0131r Ceza Mahkemesi&#8217;nden Rahip Santaro cinayetine ili\u015fkin dosyay\u0131 ve Malatya A\u011f\u0131r Ceza Mahkemesi&#8217;nden de Malatya Zirve Yay\u0131nevi katliam\u0131na ili\u015fkin dosyay\u0131 istedi.<\/p>\n<p style=\"text-align: justify;\">Bu dosyalar\u0131 inceleyecek olan Usta&#8217;n\u0131n dilek\u00e7esinde, bu cinayetlerle Dink cinayeti aras\u0131ndaki ba\u011flant\u0131lar\u0131 anlataca\u011f\u0131 \u00f6\u011frenildi.<\/p>\n<p style=\"text-align: justify;\"><a href=\"http:\/\/www.cnnturk.com\/2012\/turkiye\/01\/25\/hrant.dink.davasinda.surpriz.gelisme\/646408.0\/index.html\" target=\"_blank\">Kaynak : CNN T\u00dcRK<\/a><\/p>\n","protected":false},"excerpt":{"rendered":"<p style=\"text-align: center;\">\n<p style=\"text-align: justify;\">Hrant Dink cinayetine ili\u015fkin davada mahkemenin &#8221;\u00f6rg\u00fct tespit edilemedi&#8221; karar\u0131na itiraz eden duru\u015fma savc\u0131s\u0131 Hikmet Usta harekete ge\u00e7ti. &#8220;Dink suikast\u0131, Rahip Santaro cinayeti ve Malatya Zirve Yay\u0131nevi katliam\u0131 ile bir de\u011ferlendirilmelidir&#8221; g\u00f6r\u00fc\u015f\u00fcn\u00fc savunan Usta, bu davalar\u0131n dosyalar\u0131n\u0131 istedi. <\/p>\n","protected":false},"author":1,"featured_media":0,"comment_status":"open","ping_status":"open","sticky":false,"template":"","format":"standard","meta":{"footnotes":""},"categories":[105],"tags":[],"class_list":["post-47710","post","type-post","status-publish","format-standard","hentry","category-gundem","odd"],"_links":{"self":[{"href":"http:\/\/www.korhanyilmaz.com\/index.php?rest_route=\/wp\/v2\/posts\/47710","targetHints":{"allow":["GET"]}}],"collection":[{"href":"http:\/\/www.korhanyilmaz.com\/index.php?rest_route=\/wp\/v2\/posts"}],"about":[{"href":"http:\/\/www.korhanyilmaz.com\/index.php?rest_route=\/wp\/v2\/types\/post"}],"author":[{"embeddable":true,"href":"http:\/\/www.korhanyilmaz.com\/index.php?rest_route=\/wp\/v2\/users\/1"}],"replies":[{"embeddable":true,"href":"http:\/\/www.korhanyilmaz.com\/index.php?rest_route=%2Fwp%2Fv2%2Fcomments&post=47710"}],"version-history":[{"count":0,"href":"http:\/\/www.korhanyilmaz.com\/index.php?rest_route=\/wp\/v2\/posts\/47710\/revisions"}],"wp:attachment":[{"href":"http:\/\/www.korhanyilmaz.com\/index.php?rest_route=%2Fwp%2Fv2%2Fmedia&parent=47710"}],"wp:term":[{"taxonomy":"category","embeddable":true,"href":"http:\/\/www.korhanyilmaz.com\/index.php?rest_route=%2Fwp%2Fv2%2Fcategories&post=47710"},{"taxonomy":"post_tag","embeddable":true,"href":"http:\/\/www.korhanyilmaz.com\/index.php?rest_route=%2Fwp%2Fv2%2Ftags&post=47710"}],"curies":[{"name":"wp","href":"https:\/\/api.w.org\/{rel}","templated":true}]}}