{"id":47690,"date":"2012-01-25T16:41:51","date_gmt":"2012-01-25T14:41:51","guid":{"rendered":"http:\/\/www.korhanyilmaz.com\/?p=47690"},"modified":"2012-01-25T20:35:46","modified_gmt":"2012-01-25T18:35:46","slug":"yeni-dosya-iddiasi","status":"publish","type":"post","link":"http:\/\/www.korhanyilmaz.com\/?p=47690","title":{"rendered":"K\u0131l\u0131\u00e7daro\u011flu: &#8220;Yeni mi fark ettiniz?&#8221;"},"content":{"rendered":"<p style=\"text-align: center;\"><a href=\"http:\/\/www.korhanyilmaz.com\/wp-content\/uploads\/2012\/01\/9469.jpg\"  class=\"lightview\"><img loading=\"lazy\" decoding=\"async\" class=\"aligncenter  wp-image-47703\" src=\"http:\/\/www.korhanyilmaz.com\/wp-content\/uploads\/2012\/01\/9469.jpg\" alt=\"\" width=\"346\" height=\"266\" \/><\/a><\/p>\n<p style=\"text-align: justify;\">CHP Genel Ba\u015fkan\u0131 Kemal K\u0131l\u0131\u00e7daro\u011flu, AK Parti iktidar\u0131n\u0131 Hrant Dink cinayetinden sorumlu tuttu\u011funu belirterek, &#8220;Ba\u015fbakan diyor ki, &#8216;Ankara&#8217;n\u0131n karanl\u0131k dehlizlerinde bunlar kaybolmayacak.&#8217; \u0130yi de Say\u0131n Ba\u015fbakan yeni mi fark ettiniz? B\u00fct\u00fcn bunlar kayboldu&#8221; dedi. K\u0131l\u0131\u00e7daro\u011flu, &#8220;yarg\u0131da cemaat yap\u0131lanmas\u0131&#8221; oldu\u011fu iddialar\u0131n\u0131 da do\u011fru bulmad\u0131\u011f\u0131n\u0131 s\u00f6yledi.<!--more--><\/p>\n<p style=\"text-align: justify;\">CHP Genel Ba\u015fkan\u0131 Kemal K\u0131l\u0131\u00e7daro\u011flu, CNN T\u00dcRK Ankara Temsilcisi Hande F\u0131rat&#8217;\u0131n sorular\u0131n\u0131 yan\u0131tlad\u0131.<\/p>\n<p style=\"text-align: justify;\"><strong>&#8220;Say\u0131n Ba\u015fbakan yeni mi fark ettiniz?&#8221;<\/strong><\/p>\n<p style=\"text-align: justify;\">Hrant Dink davas\u0131na ili\u015fkin ele\u015ftirilerini anlatan K\u0131l\u0131\u00e7daro\u011flu, AK Parti&#8217;yi su\u00e7lad\u0131 ve Dink cinayetinde sorumlulu\u011fu oldu\u011funu ileri s\u00fcrd\u00fc\u011f\u00fc kamu g\u00f6revlilerinin terfi ettirilmesine dikkat \u00e7ekti. K\u0131l\u0131\u00e7daro\u011flu, \u015funlar\u0131 s\u00f6yledi:<\/p>\n<p style=\"text-align: justify;\">&#8220;D\u00f6nemin \u0130stanbul Emniyet M\u00fcd\u00fcr\u00fc hemen cinayetten sonra bir a\u00e7\u0131klama yapt\u0131: &#8216;Bir \u00f6rg\u00fct yoktur&#8217; dedi. Ortaya \u00e7\u0131kan karar bunu do\u011fruluyor. Bu Emniyet M\u00fcd\u00fcr\u00fc \u015fimdi Osmaniye Valisi. D\u00f6nemin \u0130stanbul Valisi, Kamu G\u00fcvenli\u011fi m\u00fcste\u015far\u0131 yap\u0131ld\u0131 ki, \u00e7ok \u00f6nemli bir g\u00f6revdir; b\u00fct\u00fcn istihbarat orada toplan\u0131r; sonra milletvekili yap\u0131ld\u0131. Olay\u0131 toplamas\u0131, \u00f6nlemesi gereken, delilleri al\u0131p yarg\u0131ya intikal ettirmesi gereken ki\u015filer&#8230; Say\u0131n Ba\u015fbakan diyor ki, &#8216;Ankara&#8217;n\u0131n karanl\u0131k dehlizlerinde bunlar kaybolmayacak.&#8217; \u0130yi de Say\u0131n Ba\u015fbakan yeni mi fark ettiniz? B\u00fct\u00fcn bunlar kayboldu. Nedim \u015eener&#8217;in kitaplar\u0131na bakal\u0131m, bunlar\u0131n hepsini yazd\u0131. \u015eimdi Say\u0131n Ba\u015fbakan da bunlar\u0131 kabul ediyor. Trabzon&#8217;da ba\u015flayan bir s\u00fcre\u00e7 var. 17 kez ihbar yap\u0131lm\u0131\u015f. D\u00f6nemin Trabzon Valisi bile &#8216;Bana \u00f6nceden haber verselerdi, ben bu cinayeti \u00f6nlerdim&#8217; dedi. Kimin su\u00e7u i\u015fleyece\u011fi, nerede i\u015fleyece\u011fi, hangi silahla i\u015fleyece\u011fi belli! Ama hi\u00e7kimse bir \u015fey yapm\u0131yor, yapmayanlar belli. Siz onlar\u0131 al\u0131p terfi ettirdiniz, y\u00fcksek b\u00fcrokrat, milletvekili yapt\u0131n\u0131z.&#8221;<\/p>\n<p style=\"text-align: justify;\"><strong>&#8220;AK Parti&#8217;nin sorumlulu\u011fu d\u0131\u015f\u0131nda bir sonu\u00e7 \u00e7\u0131kmas\u0131 m\u00fcmk\u00fcn de\u011fil&#8221;\u00a0<\/strong><\/p>\n<p style=\"text-align: justify;\">K\u0131l\u0131\u00e7daro\u011flu, AK Parti h\u00fck\u00fcmetinin Hrant Dink cinayetindeki sorumlulu\u011funa ili\u015fkin bir soru \u00fczerine, &#8220;Ben sadece ger\u00e7ekleri s\u00f6yl\u00fcyorum. Bana desinler ki, &#8216;D\u00f6nemin emniyet m\u00fcd\u00fcr\u00fcn\u00fc vali, valiyi milletvekili yapmad\u0131k&#8217; desinler. Bu verilerden yola \u00e7\u0131k\u0131nca bu sonu\u00e7 \u00e7\u0131k\u0131yor. Ba\u015fka bir sonu\u00e7 \u00e7\u0131kmas\u0131 m\u00fcmk\u00fcn de\u011fil zaten&#8221; dedi.<\/p>\n<p style=\"text-align: justify;\"><strong>&#8220;Deliller gizlendi&#8221;\u00a0<\/strong><\/p>\n<p style=\"text-align: justify;\">Bat\u0131&#8217;da yap\u0131lan &#8220;Ergenekon enerjisi, Dink davas\u0131na verilmedi?&#8221; bi\u00e7imindeki ele\u015ftirileri de de\u011ferlendiren CHP lideri K\u0131l\u0131\u00e7daro\u011flu, &#8220;T\u00fcrkiye&#8217;deki hukuk garabetleri art\u0131k b\u00fct\u00fcn d\u00fcnyan\u0131n ilgisini \u00e7ekmeye ba\u015flad\u0131. Bunu b\u00fct\u00fcn d\u00fcnyada seslendiren biziz. \u00c7\u00fcnk\u00fc biz adalet istiyoruz. Biz, &#8216;Kimse yarg\u0131lanmas\u0131n&#8217; demiyoruz ama &#8216;hukuk i\u00e7inde yarg\u0131lans\u0131n.&#8217; Siz bunlar\u0131 yapm\u0131yorsunuz. Hak ihlalleri var; hak ihlallerini b\u0131rak\u0131n deliller gizleniyor. D\u00f6nemin valisi bunu s\u00f6yl\u00fcyor: &#8216;Benim haberim olsayd\u0131, engellerdim&#8217; diyor.&#8221;<\/p>\n<p style=\"text-align: justify;\"><strong>&#8220;Yarg\u0131tay&#8217;\u0131n d\u00fczeltece\u011fini nereden biliyor?&#8221;\u00a0<\/strong><\/p>\n<p style=\"text-align: justify;\">Dink cinayetine ili\u015fkin Ba\u015fbakan Erdo\u011fan&#8217;\u0131n &#8220;Yarg\u0131tay bunu d\u00fczeltecek&#8221; s\u00f6zlerini hat\u0131rlatan K\u0131l\u0131\u00e7daro\u011flu, &#8220;Say\u0131n Ba\u015fbakan siz bunu nereden biliyorsunuz? O b\u00fcrokratlar\u0131 al\u0131p yarg\u0131ya m\u0131 teslim edeceksiniz, yeniden delilleri mi toplayacaks\u0131n\u0131z?&#8221; dedi.<\/p>\n<p style=\"text-align: justify;\">Soru\u015fturma makamlar\u0131n\u0131n siyasi otoriteden ba\u011f\u0131ms\u0131z, \u00f6zg\u00fcrce delil toplay\u0131p yarg\u0131ya verebilmesi gerekti\u011fini belirten K\u0131l\u0131\u00e7daro\u011flu, &#8220;Siyasi otorite emniyete bask\u0131 yaparsa, &#8216;\u015eu delilleri vermeyin&#8217; derse, deliller gitmez. Sonra da biz toplanaca\u011f\u0131z, hep beraber yarg\u0131y\u0131 su\u00e7layaca\u011f\u0131z. Yarg\u0131\u00e7 da &#8216;ben \u00f6n\u00fcme gelen delillere g\u00f6re karar verdim&#8217; diyor&#8221; \u015feklinde konu\u015ftu.<\/p>\n<p style=\"text-align: justify;\"><strong>&#8220;Soru\u015fturmay\u0131 siyasi otoritenin engelledi\u011finin somut bilgisi var&#8221;\u00a0<\/strong><\/p>\n<p style=\"text-align: justify;\">&#8220;Soru\u015fturma s\u00fcrecinde delillerin siyasi otorite taraf\u0131ndan engellendi\u011fine dair elinde somut bilgiler mi bulundu\u011fu&#8221; sorulan K\u0131l\u0131\u00e7daro\u011flu, \u015fu yan\u0131t\u0131 verdi:<\/p>\n<p style=\"text-align: justify;\">&#8220;Muammer G\u00fcler&#8217;le ilgili somut bilgi, Trabzon Emniyet M\u00fcd\u00fcr\u00fc&#8217;yle ilgili somut bilgi, d\u00f6nemin \u0130stanbul Emniyet M\u00fcd\u00fcr\u00fc&#8217;yle ilgili somut bilgi var. Somut bilgiyi ben s\u00f6ylemiyorum. Dosyada var. \u00c7ok daha \u00f6nce, olay\u0131n \u00fczerinden 36 saat ge\u00e7meden \u0130stanbul Emniyet M\u00fcd\u00fcr\u00fc \u00e7\u0131kt\u0131, &#8216;\u00f6rg\u00fct yok&#8217; dedi. \u015eimdi bir \u00f6rg\u00fct var deniyor. Sormayacak m\u0131 siyasi iktidar? &#8216;Karde\u015fim ba\u015ftan yok dedin, \u015fimdi ne oldu?&#8217; demeyecek mi? Hat\u0131rlay\u0131n b\u00fct\u00fcn gazetelerde \u015femalar vard\u0131 ama, o \u015femalar \u015fimdi dava dosyas\u0131nda yok.&#8221;<\/p>\n<p style=\"text-align: justify;\">Bu konularda her hangi bir d\u00fczeltme yapma imkan\u0131 kalmad\u0131\u011f\u0131n\u0131 dile getiren K\u0131l\u0131\u00e7daro\u011flu, &#8220;H\u00fck\u00fcmet bug\u00fcn hi\u00e7bir \u015fey yapamaz. H\u00fck\u00fcmetin o delilleri mahkemeye vermeyen, soru\u015fturmaya vermeyen makamlar\u0131n t\u00fcm\u00fc hakk\u0131nda soru\u015fturma a\u00e7mas\u0131 laz\u0131m. Ve eksiklikleri varsa, bu davan\u0131n karart\u0131lmas\u0131 anlam\u0131na gelir. Gerekirse bu ki\u015fileri g\u00f6revinden almas\u0131 gerekir. Oysa, hepsini terfi ettirdi, bug\u00fcn bir \u015fey yapmalar\u0131 m\u00fcmk\u00fcn de\u011fil&#8221; dedi.<\/p>\n<p style=\"text-align: justify;\"><strong>&#8220;Soru \u00f6nergemiz iddianameye girdi&#8221;\u00a0<\/strong><\/p>\n<p style=\"text-align: justify;\">Partisinin Adalet Bakan\u0131 Sadullah Ergin hakk\u0131nda verdi\u011fi gensoruya ili\u015fkin de a\u00e7\u0131klama getiren Kemal K\u0131l\u0131\u00e7daro\u011flu, \u015funlar\u0131 s\u00f6yledi:<\/p>\n<p style=\"text-align: justify;\">&#8220;CHP&#8217;nin verdi\u011fi soru \u00f6nergeleri iktidar\u0131 y\u0131pratmak amac\u0131yla verilmi\u015ftir&#8217; diye bir davada savc\u0131 taraf\u0131ndan kullan\u0131l\u0131yor. D\u00fcnyan\u0131n hangi demokrasisinde b\u00f6yle bir \u015fey olabilir. Bir\u00e7ok gazete bunlar\u0131 yay\u0131nlad\u0131, &#8216;siz bunlar\u0131 yay\u0131nlad\u0131n\u0131z amac\u0131n\u0131z h\u00fck\u00fcmeti y\u0131pratmakt\u0131&#8217; diyor. Bunu nas\u0131l iddia dosyas\u0131na koyabilirsin! Kafas\u0131nda demokrasi kavram\u0131 olmayan bir insandan savc\u0131 olabilir mi? Hangi hukuk fak\u00fcltesinden mezun olmu\u015f? Hukuk emri almam\u0131\u015ft\u0131r, siyasi otoritenin emrindedir, siyasi otoriteye yaranmak i\u00e7in b\u00f6yle bir dava a\u00e7m\u0131\u015ft\u0131r. Bizim muhatab\u0131m\u0131z Adalet Bakan\u0131d\u0131r, \u00e7\u00fcnk\u00fc HSYK ba\u015fkan\u0131d\u0131r, m\u00fcste\u015far da yard\u0131mc\u0131s\u0131d\u0131r. Gere\u011fini yapmas\u0131 laz\u0131m. Bizden \u00e7ok daha \u00f6nce HSYK&#8217;n\u0131n harekete ge\u00e7ip, &#8216;Bir dakika, sen demokrasi diye bir kavram\u0131 biliyor musun? Bunu nas\u0131l delil olarak kullanabilirsin?&#8217; demesi laz\u0131m. Ad\u0131 \u00fcst\u00fcnde bizim g\u00f6revimiz muhalefet. Kurallara uygun de\u011filse TBMM Ba\u015fkan\u0131 iade eder. \u00d6yle olursa biz de \u00e7ekeriz. TBMM Ba\u015fkan\u0131 onaylam\u0131\u015f, bakan yan\u0131t vermi\u015f, siz bunu bir iddianameye delil olarak koyuyorsunuz.&#8221;<\/p>\n<p style=\"text-align: justify;\"><strong>&#8220;Bizim SS k\u0131talar\u0131m\u0131z yok, bunlar iktidar\u0131n elinde&#8221;\u00a0<\/strong><\/p>\n<p style=\"text-align: justify;\">Adalet Bakan\u0131&#8217;n\u0131n kendisine d\u00f6n\u00fck, &#8220;baz\u0131 kurumlar\u0131 sistematik olarak g\u00f6\u00e7ertme \u00e7abas\u0131nda&#8221; oldu\u011fu hat\u0131rlat\u0131lan K\u0131l\u0131\u00e7daro\u011flu, &#8220;Bizim polis g\u00fcc\u00fcm\u00fcz, SS k\u0131talar\u0131m\u0131z yok. Bunlar iktidar\u0131n elinde. \u0130stedi\u011fi yere bask\u0131 yap\u0131yorlar. Pazar g\u00fcn\u00fc Adalar Belediyesi isimsiz bir e-maille bas\u0131ld\u0131. Pazar g\u00fcn\u00fc belediye mi bas\u0131l\u0131r? Bu iddialar ki\u015filerle ilgilidir, yolsuzluk vs. de\u011fil. O da yarg\u0131 bakar, varsa \u00f6yle bir \u015fey cezay\u0131 verir yoksa gider&#8221; diye konu\u015ftu.<\/p>\n<p style=\"text-align: justify;\">Adalet Bakan\u0131 Ergin&#8217;e d\u00f6n\u00fck ele\u015ftirilerini s\u00fcrd\u00fcren K\u0131l\u0131\u00e7daro\u011flu, s\u00f6zlerine \u015f\u00f6yle devam etti:<\/p>\n<p style=\"text-align: justify;\">&#8220;Bizim b\u00fct\u00fcn ele\u015ftirilerimize baks\u0131nlar. Adalet Bakan\u0131na \u015funu sormak isterim; onun telefonlar\u0131 yasa d\u0131\u015f\u0131 dinlense, onun telefonlar\u0131 yasaya g\u00f6re imha edilmeyip al\u0131n\u0131p bir davan\u0131n ekine konulsa acaba bakan ne yapar? Benim i\u00e7in yap\u0131ld\u0131, ben su\u00e7 duyurusunda bulundum. Bana verilen yan\u0131t ne? Sadullah Ergin imzal\u0131 olarak verilen yan\u0131tta &#8216;Savc\u0131n\u0131n y\u00fck\u00fc \u00e7ok yo\u011funmu\u015f, imha edememi\u015f&#8230;&#8217; Bu soruya yan\u0131t vermeyen bir Adalet Bakan\u0131n\u0131n ciddiyetine g\u00fcvenebilir misiniz?&#8221;<\/p>\n<p style=\"text-align: justify;\"><strong>&#8220;Adalet Bakan\u0131 salona giriyor, bin hakim aya\u011fa kalk\u0131yor&#8221;\u00a0<\/strong><\/p>\n<p style=\"text-align: justify;\">HSYK&#8217;n\u0131n siyasi otoritenin emrinde bulunmas\u0131na dikkat \u00e7eken K\u0131l\u0131\u00e7daro\u011flu, &#8220;HSYK siyasi otoritenin emrinde ve ba\u011f\u0131ms\u0131zl\u0131\u011f\u0131 yoktur. Bin ki\u015filik bir salona Adalet Bakan\u0131 giriyor diye, bin hakim aya\u011fa kalk\u0131yorsa, orada yarg\u0131 ba\u011f\u0131ms\u0131zl\u0131\u011f\u0131 yoktur. \u0130nsan utan\u0131r! Adalet Bakan\u0131 giriyor diye hakimler aya\u011fa kalkar m\u0131! Yarg\u0131\u00e7lar aya\u011fa kalkmaz. Tabii ki, belli bir sayg\u0131y\u0131 g\u00f6stereceklerdir ama bu tablo despot bir \u00fclkenin y\u00f6netimi gibi. Korku var tabi. Adalet Bakan\u0131, bug\u00fcn \u00f6\u011fleden sonra oturup istedi\u011fi yarg\u0131c\u0131 istedi\u011fi yere s\u00fcrebilir. Biz bir korku t\u00fcnelinden ge\u00e7iyoruz. Adalet korkuyorsa, toplum bir korku t\u00fcnelinden ge\u00e7iyor demektir&#8221; \u015feklinde konu\u015ftu.<\/p>\n<p style=\"text-align: justify;\">Ergenekon ile Hrant Dink suikasti aras\u0131nda bir ba\u011flant\u0131 g\u00f6r\u00fcp g\u00f6rmedi\u011fi sorulan K\u0131l\u0131\u00e7daro\u011flu, &#8220;Benim elimde bir veri yok. Veri olmadan b\u00f6yle bir de\u011ferlendirme yapmak do\u011fru de\u011fil&#8221; dedi.<\/p>\n<p style=\"text-align: justify;\"><strong>&#8220;Yarg\u0131da cemaat kadrola\u015fmas\u0131 var demeyi do\u011fru bulmuyorum&#8221;\u00a0<\/strong><\/p>\n<p style=\"text-align: justify;\">Hande F\u0131rat&#8217;\u0131n yarg\u0131 i\u00e7indeki &#8220;cemaat yap\u0131lanmas\u0131&#8221; iddialar\u0131n\u0131 da sordu\u011fu K\u0131l\u0131\u00e7daro\u011flu, &#8220;Yarg\u0131 i\u00e7inde \u015f\u00f6yle b\u00f6yle kadrola\u015fma vard\u0131r demeyi do\u011fru bulmuyorum. Yarg\u0131\u00e7lar\u0131n verdi\u011fi karar\u0131n kamu vicdan\u0131n\u0131 \u00f6rselememesi laz\u0131m. Bizim yapmam\u0131z gereken, hukuk fak\u00fcltelerinden ba\u015flayarak bu s\u00fcrecin ele al\u0131nmas\u0131d\u0131r. \u0130kincisi, s\u0131navlar\u0131n objektif yap\u0131lmas\u0131 laz\u0131m. Sadece sizinle ayn\u0131 d\u00fcnya g\u00f6r\u00fc\u015f\u00fcn\u00fc savunanlar\u0131 yarg\u0131\u00e7 al\u0131yorsunuz. S\u0131nav yap\u0131yorsunuz, ilk 20&#8217;ye girenlerin 16&#8217;s\u0131n\u0131 eliyorsunuz. Buna s\u0131nav m\u0131 denir?&#8221; diye konu\u015ftu.<\/p>\n<p style=\"text-align: justify;\"><a href=\"http:\/\/www.cnnturk.com\/2012\/turkiye\/01\/25\/kilicdaroglu.yeni.mi.fark.ettiniz\/646356.0\/index.html\" target=\"_blank\">Kaynak : CNN T\u00dcRK<\/a><\/p>\n<hr \/>\n<p><center><br \/>\n<object width=\"550\" height=\"413\" classid=\"clsid:d27cdb6e-ae6d-11cf-96b8-444553540000\" codebase=\"http:\/\/download.macromedia.com\/pub\/shockwave\/cabs\/flash\/swflash.cab#version=6,0,40,0\"><param name=\"src\" value=\"\/swf\/flvplayer.swf?file=cnnturk\/haber\/2012-01-25\/kemal.mp4&amp;streamer=rtmp:\/\/213.243.10.90\/vod\/&amp;skin=\/swf\/nacht.zip&amp;menu=false&amp;volume=45&amp;autostart=false&amp;volume=50&amp;controlbar=over&amp;stretching=exactfit\" \/><embed width=\"550\" height=\"413\" type=\"application\/x-shockwave-flash\" src=\"\/swf\/flvplayer.swf?file=cnnturk\/haber\/2012-01-25\/kemal.mp4&amp;streamer=rtmp:\/\/213.243.10.90\/vod\/&amp;skin=\/swf\/nacht.zip&amp;menu=false&amp;volume=45&amp;autostart=false&amp;volume=50&amp;controlbar=over&amp;stretching=exactfit\" \/><\/object><\/center><\/p>\n<p style=\"text-align: justify;\"><a href=\"http:\/\/video.cnnturk.com\/2012\/haber\/1\/25\/kemal-kilicdaroglu-ozel-roportajinin-tamami\" target=\"_blank\">Video Kayna\u011f\u0131 :\u00a0http:\/\/video.cnnturk.com\/2012\/haber\/1\/25\/kemal-kilicdaroglu-ozel-roportajinin-tamami<\/a><\/p>\n","protected":false},"excerpt":{"rendered":"<p style=\"text-align: center;\">\n<p style=\"text-align: justify;\">CHP Genel Ba\u015fkan\u0131 Kemal K\u0131l\u0131\u00e7daro\u011flu, AK Parti iktidar\u0131n\u0131 Hrant Dink cinayetinden sorumlu tuttu\u011funu belirterek, &#8220;Ba\u015fbakan diyor ki, &#8216;Ankara&#8217;n\u0131n karanl\u0131k dehlizlerinde bunlar kaybolmayacak.&#8217; \u0130yi de Say\u0131n Ba\u015fbakan yeni mi fark ettiniz? B\u00fct\u00fcn bunlar kayboldu&#8221; dedi. K\u0131l\u0131\u00e7daro\u011flu, &#8220;yarg\u0131da cemaat yap\u0131lanmas\u0131&#8221; oldu\u011fu iddialar\u0131n\u0131 da do\u011fru bulmad\u0131\u011f\u0131n\u0131 s\u00f6yledi.<\/p>\n","protected":false},"author":1,"featured_media":0,"comment_status":"open","ping_status":"open","sticky":false,"template":"","format":"standard","meta":{"footnotes":""},"categories":[105],"tags":[],"class_list":["post-47690","post","type-post","status-publish","format-standard","hentry","category-gundem","odd"],"_links":{"self":[{"href":"http:\/\/www.korhanyilmaz.com\/index.php?rest_route=\/wp\/v2\/posts\/47690","targetHints":{"allow":["GET"]}}],"collection":[{"href":"http:\/\/www.korhanyilmaz.com\/index.php?rest_route=\/wp\/v2\/posts"}],"about":[{"href":"http:\/\/www.korhanyilmaz.com\/index.php?rest_route=\/wp\/v2\/types\/post"}],"author":[{"embeddable":true,"href":"http:\/\/www.korhanyilmaz.com\/index.php?rest_route=\/wp\/v2\/users\/1"}],"replies":[{"embeddable":true,"href":"http:\/\/www.korhanyilmaz.com\/index.php?rest_route=%2Fwp%2Fv2%2Fcomments&post=47690"}],"version-history":[{"count":0,"href":"http:\/\/www.korhanyilmaz.com\/index.php?rest_route=\/wp\/v2\/posts\/47690\/revisions"}],"wp:attachment":[{"href":"http:\/\/www.korhanyilmaz.com\/index.php?rest_route=%2Fwp%2Fv2%2Fmedia&parent=47690"}],"wp:term":[{"taxonomy":"category","embeddable":true,"href":"http:\/\/www.korhanyilmaz.com\/index.php?rest_route=%2Fwp%2Fv2%2Fcategories&post=47690"},{"taxonomy":"post_tag","embeddable":true,"href":"http:\/\/www.korhanyilmaz.com\/index.php?rest_route=%2Fwp%2Fv2%2Ftags&post=47690"}],"curies":[{"name":"wp","href":"https:\/\/api.w.org\/{rel}","templated":true}]}}