{"id":47659,"date":"2012-01-25T09:21:56","date_gmt":"2012-01-25T07:21:56","guid":{"rendered":"http:\/\/www.korhanyilmaz.com\/?p=47659"},"modified":"2012-01-25T12:30:18","modified_gmt":"2012-01-25T10:30:18","slug":"pkk-uludereden-6-ceset-mi-kacirdi","status":"publish","type":"post","link":"http:\/\/www.korhanyilmaz.com\/?p=47659","title":{"rendered":"PKK Uludere&#8217;den 6 ceset mi ka\u00e7\u0131rd\u0131?"},"content":{"rendered":"<p style=\"text-align: center;\"><a href=\"http:\/\/www.korhanyilmaz.com\/wp-content\/uploads\/2012\/01\/9462.jpg\"  class=\"lightview\"><img loading=\"lazy\" decoding=\"async\" class=\"aligncenter  wp-image-47660\" src=\"http:\/\/www.korhanyilmaz.com\/wp-content\/uploads\/2012\/01\/9462.jpg\" alt=\"\" width=\"420\" height=\"210\" \/><\/a><\/p>\n<p style=\"text-align: justify;\">Uludere&#8217;deki hava operasyonunda PKK&#8217;l\u0131 6 ter\u00f6ristin \u00f6ld\u00fc\u011f\u00fc telsiz dinlemelerine tak\u0131ld\u0131 Konu\u015fmalara g\u00f6re PKK, cesetleri k\u00f6yl\u00fcler gelmeden al\u0131p, Haftanin kamp\u0131na g\u00f6t\u00fcrd\u00fc.<\/p>\n<p style=\"text-align: justify;\">\u015e\u0131rnak&#8217;\u0131n Uludere il\u00e7esinde akaryak\u0131t ka\u00e7ak\u00e7\u0131l\u0131\u011f\u0131 yapan 34 k\u00f6yl\u00fcn\u00fcn hava harek\u00e2t\u0131nda \u00f6lmesinden g\u00fcnler sonra dinlemeye tak\u0131lan bir konu\u015fma soru\u015fturmaya yeni bir boyut katt\u0131.\u00a0<!--more--><\/p>\n<p style=\"text-align: justify;\">\u0130stihbarat birimleri Zap b\u00f6lgesinde faaliyet g\u00f6steren PKK&#8217;n\u0131n s\u00f6zde \u00f6zel g\u00fc\u00e7 sorumlular\u0131 Rojhilat ile Cilo telsiz kodlar\u0131n\u0131 kullanan ter\u00f6ristler aras\u0131nda ge\u00e7en bir konu\u015fmay\u0131 kayda ald\u0131. Rapora g\u00f6re 2 ter\u00f6rist sald\u0131r\u0131dan sonra 4 Ocak&#8217;ta bir ba\u015fka grupla bir araya geldi. G\u00f6r\u00fc\u015fmede Uludere&#8217;deki hava harek\u00e2t\u0131 konu\u015fuldu.<\/p>\n<p style=\"text-align: justify;\">Dinlemelere g\u00f6re g\u00f6r\u00fc\u015fmede, ka\u00e7ak\u00e7\u0131l\u0131k yapan grubun i\u00e7erisinde 6 PKK&#8217;l\u0131n\u0131n oldu\u011fu \u015feklindeki konu\u015fma yer ald\u0131. Hava harek\u00e2t\u0131n\u0131n sonras\u0131nda k\u00f6yl\u00fcler olay yerine gelmeden Haftanin kamp\u0131ndaki ter\u00f6ristlerden bir k\u0131sm\u0131 \u00f6len ter\u00f6ristlerin cesetlerini ve silahlar\u0131n\u0131 almak i\u00e7in b\u00f6lgeye gitti. Cesetler Haftanin kamp\u0131na g\u00f6t\u00fcr\u00fcld\u00fc.<\/p>\n<p style=\"text-align: justify;\"><strong>&#8216;500 K\u0130\u015e\u0130 SALDIRACA\u011eIZ&#8217;\u00a0<\/strong><\/p>\n<p style=\"text-align: justify;\">\u0130stihbarat birimlerince rapora d\u00f6n\u00fc\u015ft\u00fcr\u00fclen g\u00f6r\u00fc\u015fme kay\u0131tlar\u0131nda, b\u00f6l\u00fcc\u00fc ter\u00f6r \u00f6rg\u00fct\u00fcn\u00fcn Ortasu k\u00f6y\u00fcnde ya\u015fanan bu olay\u0131 &#8220;propaganda&#8221; malzemesi yaparak TSK&#8217;n\u0131n bundan sonraki hava harek\u00e2tlar\u0131n\u0131 \u00f6nlemeye \u00e7al\u0131\u015faca\u011f\u0131 belirlendi. Rojhilat ile Cilo kod adl\u0131 ter\u00f6ristlerin kendi aralar\u0131nda yapt\u0131\u011f\u0131 g\u00f6r\u00fc\u015fme PKK&#8217;n\u0131n bahar d\u00f6neminde planlad\u0131\u011f\u0131 &#8220;kanl\u0131&#8221; eylemleri de de\u015fifre etti. \u00d6rg\u00fct\u00fcn Uludere&#8217;deki hava operasyonunda \u00f6len 6 ter\u00f6ristin intikam\u0131n\u0131 almak amac\u0131yla yaz d\u00f6neminde s\u0131n\u0131r hatt\u0131nda bulunan karakol, \u00fcs b\u00f6lgesi ve s\u0131n\u0131r birliklerine 400-500&#8217;er ki\u015filik gruplar ile sald\u0131r\u0131 tasarlad\u0131\u011f\u0131 tespit edildi.<\/p>\n<p style=\"text-align: justify;\"><strong>SINIRDA BAHAR \u00d6NLEM\u0130\u00a0<\/strong><\/p>\n<p style=\"text-align: justify;\">\u0130stihbarat konusunda Genelkurmay Ba\u015fkanl\u0131\u011f\u0131, emniyet birimleri, Kara Kuvvetleri ve Jandarma Genel Komutanl\u0131\u011f\u0131&#8217;da bilgilendirildi. Baharla birlikte s\u0131n\u0131r birliklerine y\u00f6nelik sald\u0131r\u0131 ve s\u0131zma giri\u015fimlerine kar\u015f\u0131 g\u00fcvenlik \u00f6nlemlerinin en \u00fcst seviyeye \u00e7\u0131kart\u0131lmas\u0131 ve zayiat verilmemesi istendi. Uludere olay\u0131 sonras\u0131 Genelkurmay &#8220;Sinat-Haftanin&#8217;e takviye maksad\u0131yla \u00e7ok say\u0131da ter\u00f6rist g\u00f6nderildi\u011fi bilgisi al\u0131nm\u0131\u015ft\u0131r. \u00c7e\u015fitli kaynaklardan al\u0131nan istihbarat ve yap\u0131lan teknik analizler sonucunda, i\u00e7lerinde \u00f6rg\u00fct liderlerinin de bulundu\u011fu gruplar\u0131n b\u00f6lgede bir araya geldikleri ve s\u0131n\u0131rdaki karakol ve \u00fcs b\u00f6lgelerimize y\u00f6nelik sald\u0131r\u0131 haz\u0131rl\u0131\u011f\u0131nda anla\u015f\u0131lm\u0131\u015f, birlikler ikaz edilmi\u015ftir&#8221; a\u00e7\u0131klamas\u0131 yapm\u0131\u015ft\u0131.(Sabah\/ Alper Sancak)<\/p>\n<p style=\"text-align: justify;\"><a href=\"http:\/\/haber.gazetevatan.com\/pkk-uludereden-6-ceset-mi-kacirdi\/426709\/1\/Gundem\" target=\"_blank\">Kaynak : VATAN Gazetesi<\/a><\/p>\n","protected":false},"excerpt":{"rendered":"<p style=\"text-align: center;\">\n<p style=\"text-align: justify;\">Uludere&#8217;deki hava operasyonunda PKK&#8217;l\u0131 6 ter\u00f6ristin \u00f6ld\u00fc\u011f\u00fc telsiz dinlemelerine tak\u0131ld\u0131 Konu\u015fmalara g\u00f6re PKK, cesetleri k\u00f6yl\u00fcler gelmeden al\u0131p, Haftanin kamp\u0131na g\u00f6t\u00fcrd\u00fc.<\/p>\n<p style=\"text-align: justify;\">\u015e\u0131rnak&#8217;\u0131n Uludere il\u00e7esinde akaryak\u0131t ka\u00e7ak\u00e7\u0131l\u0131\u011f\u0131 yapan 34 k\u00f6yl\u00fcn\u00fcn hava harek\u00e2t\u0131nda \u00f6lmesinden g\u00fcnler sonra dinlemeye tak\u0131lan bir konu\u015fma soru\u015fturmaya yeni bir boyut katt\u0131. <\/p>\n","protected":false},"author":1,"featured_media":0,"comment_status":"open","ping_status":"open","sticky":false,"template":"","format":"standard","meta":{"footnotes":""},"categories":[105],"tags":[],"class_list":["post-47659","post","type-post","status-publish","format-standard","hentry","category-gundem","odd"],"_links":{"self":[{"href":"http:\/\/www.korhanyilmaz.com\/index.php?rest_route=\/wp\/v2\/posts\/47659","targetHints":{"allow":["GET"]}}],"collection":[{"href":"http:\/\/www.korhanyilmaz.com\/index.php?rest_route=\/wp\/v2\/posts"}],"about":[{"href":"http:\/\/www.korhanyilmaz.com\/index.php?rest_route=\/wp\/v2\/types\/post"}],"author":[{"embeddable":true,"href":"http:\/\/www.korhanyilmaz.com\/index.php?rest_route=\/wp\/v2\/users\/1"}],"replies":[{"embeddable":true,"href":"http:\/\/www.korhanyilmaz.com\/index.php?rest_route=%2Fwp%2Fv2%2Fcomments&post=47659"}],"version-history":[{"count":0,"href":"http:\/\/www.korhanyilmaz.com\/index.php?rest_route=\/wp\/v2\/posts\/47659\/revisions"}],"wp:attachment":[{"href":"http:\/\/www.korhanyilmaz.com\/index.php?rest_route=%2Fwp%2Fv2%2Fmedia&parent=47659"}],"wp:term":[{"taxonomy":"category","embeddable":true,"href":"http:\/\/www.korhanyilmaz.com\/index.php?rest_route=%2Fwp%2Fv2%2Fcategories&post=47659"},{"taxonomy":"post_tag","embeddable":true,"href":"http:\/\/www.korhanyilmaz.com\/index.php?rest_route=%2Fwp%2Fv2%2Ftags&post=47659"}],"curies":[{"name":"wp","href":"https:\/\/api.w.org\/{rel}","templated":true}]}}