{"id":4765,"date":"2009-03-10T16:15:54","date_gmt":"2009-03-10T14:15:54","guid":{"rendered":"http:\/\/www.korhanyilmaz.com\/?p=4765"},"modified":"2009-03-10T16:15:54","modified_gmt":"2009-03-10T14:15:54","slug":"ergenekonda-2-iddianame","status":"publish","type":"post","link":"http:\/\/www.korhanyilmaz.com\/?p=4765","title":{"rendered":"Ergenekon&#039;da 2. iddianame"},"content":{"rendered":"<p><img loading=\"lazy\" decoding=\"async\" class=\"aligncenter size-full wp-image-4766\" title=\"Ergenekon'da 2. iddianame \" src=\"http:\/\/www.korhanyilmaz.com\/wp-content\/uploads\/2009\/03\/100320091731057438860_2.jpg\" alt=\"Ergenekon'da 2. iddianame \" width=\"320\" height=\"100\" \/><\/p>\n<p style=\"text-align: justify;\"><strong>\u0130kinci iddianame 1909 sayfadan olu\u015fuyor ve 21 tutuklu, 35 tutuksuz olmak \u00fczere 56 \u015f\u00fcpheliyi kaps\u0131yor<\/strong><\/p>\n<p style=\"text-align: justify;\">\u00dcmraniye il\u00e7esinde bir evde ele ge\u00e7irilen patlay\u0131c\u0131 maddelerin ard\u0131ndan ba\u015flat\u0131lan ve &#8220;Ergenekon&#8221; ad\u0131 verilerek geni\u015fletilen soru\u015fturmada 20 ay sonra ikinci iddianame haz\u0131rlanarak \u0130stanbul 13. A\u011f\u0131r Ceza Mahkemesi&#8217;ne g\u00f6nderildi.<\/p>\n<p style=\"text-align: justify;\">\u0130stanbul Cumhuriyet Ba\u015fsavc\u0131l\u0131\u011f\u0131ndan yap\u0131lan yaz\u0131l\u0131 a\u00e7\u0131klamada, 12 Haziran 2007 tarihinde \u0130stanbul \u00dcmraniye il\u00e7esinde bir evde ele ge\u00e7irilen patlay\u0131c\u0131 maddeler sebebiyle ba\u015flat\u0131lan ve geni\u015fletilerek s\u00fcrd\u00fcr\u00fclen soru\u015fturmada, 10 Temmuz 2008 tarihinde a\u00e7\u0131lan birinci kamu davas\u0131ndan sonra devam ettirilen soru\u015fturman\u0131n sonu\u00e7land\u0131r\u0131ld\u0131\u011f\u0131 bildirildi. <!--more--><\/p>\n<p style=\"text-align: justify;\">A\u00e7\u0131klamada, 8 Martta 2009\/511 soru\u015fturma say\u0131l\u0131 1909 sayfadan olu\u015fan iddianame ile ikinci kamu davas\u0131 a\u00e7\u0131ld\u0131\u011f\u0131 ve 10 Martta UYAP sisteminden \u0130stanbul 13. A\u011f\u0131r Ceza Mahkemesine tevzi edildi\u011fi belirtildi.<\/p>\n<p style=\"text-align: justify;\"><strong>56 san\u0131k var, 77 dosya ayr\u0131ld\u0131<\/strong><\/p>\n<p style=\"text-align: justify;\">\u0130ddianamede 21 tutuklu, 35 tutuksuz olmak \u00fczere 56 \u015f\u00fcpheli oldu\u011fu ifade edilen a\u00e7\u0131klamada, yak\u0131n tarihlerde soru\u015fturmaya dahil edilen 48 tutuklu, 29 tutuksuz olmak \u00fczere 77 \u015f\u00fcpheli hakk\u0131ndaki soru\u015fturma evrak\u0131n\u0131n tefrik edildi\u011fi (ayr\u0131ld\u0131\u011f\u0131) ve bunlar hakk\u0131ndaki soru\u015fturman\u0131n devam etti\u011fi kaydedildi.<\/p>\n<p style=\"text-align: justify;\">6, 7 ve 8. dalga g\u00f6zalt\u0131 operasyonlar\u0131n\u0131 kapsayan ikinci iddianamede 12 ki\u015fi &#8220;\u00f6rg\u00fct y\u00f6neticili\u011fi&#8221; ile su\u00e7lan\u0131yor. \u0130ddianamede Sivas katliam\u0131 ve Gazi olaylar\u0131n\u0131n da Ergenekon ile ba\u011flant\u0131l\u0131 oldu\u011fu \u00f6ne s\u00fcr\u00fcl\u00fcyor.<\/p>\n<p style=\"text-align: justify;\">\u0130stanbul Cumhuriyet Ba\u015fsavc\u0131l\u0131\u011f\u0131&#8217;ndan yap\u0131lan yaz\u0131l\u0131 a\u00e7\u0131klamada, 12 Haziran 2007&#8217;de ba\u015flat\u0131lan ve izleyen d\u00f6nemde geni\u015fletilerek s\u00fcrd\u00fcr\u00fclen soru\u015fturmayla ilgili olarak 10 Temmuz 2008&#8217;de a\u00e7\u0131lan birinci kamu davas\u0131ndan sonra s\u00fcrd\u00fcr\u00fclen soru\u015fturman\u0131n ikinci a\u015famas\u0131n\u0131n tamamland\u0131\u011f\u0131 anlat\u0131ld\u0131.<\/p>\n<p style=\"text-align: justify;\">A\u00e7\u0131klamada, toplam 1909 sayfal\u0131k iddianamenin 5 b\u00f6l\u00fcmden olu\u015ftu\u011fu belirtildi.<\/p>\n<p style=\"text-align: justify;\"><strong>\u0130ddianameyi olu\u015fturan be\u015f b\u00f6l\u00fcm<\/strong><\/p>\n<p style=\"text-align: justify;\">A\u00e7\u0131klamaya g\u00f6re iddianame \u015fu b\u00f6l\u00fcmlerden olu\u015ftu:<\/p>\n<p style=\"text-align: justify;\">1- Birinci b\u00f6l\u00fcmde &#8220;Ergenekon&#8221; soru\u015fturmas\u0131n\u0131n ilk a\u015famas\u0131yla birinci iddianamenin \u00f6zeti yap\u0131ld\u0131.<\/p>\n<p style=\"text-align: justify;\">2- \u0130kinci b\u00f6l\u00fcmde soru\u015fturman\u0131n sonraki a\u015famalar\u0131 ve varl\u0131\u011f\u0131 iddia edilen &#8220;Ergenekon&#8221; \u00f6rg\u00fct\u00fc anlat\u0131ld\u0131.<\/p>\n<p style=\"text-align: justify;\">3- \u00dc\u00e7\u00fcnc\u00fc b\u00f6l\u00fcmde &#8220;\u00f6rg\u00fct\u00fcn i\u015fledi\u011fi su\u00e7lar genel olarak ve topluca&#8221; anlat\u0131ld\u0131.<\/p>\n<p style=\"text-align: justify;\">4- D\u00f6rd\u00fcnc\u00fc b\u00f6l\u00fcmde \u00f6rg\u00fct\u00fcn di\u011fer faaliyetleri, ba\u015fka \u00f6rg\u00fctler, sivil toplum ve medya kurulu\u015flar\u0131yla ili\u015fkileri \u00fczerinde duruldu.<\/p>\n<p style=\"text-align: justify;\">5- Be\u015finci b\u00f6l\u00fcmde iddianamede yaz\u0131l\u0131 \u015f\u00fcphelilerin bireysel eylemleri ve bu eylemlerin olu\u015fturdu\u011fu su\u00e7lar ve sevk maddeleri ile hukuki durumlar\u0131 ele al\u0131nd\u0131.<\/p>\n<p style=\"text-align: justify;\"><strong>&#8216;Eruygur ve Tolon TBMM ve h\u00fck\u00fcmeti y\u0131kmaya te\u015febb\u00fcs ettiler&#8217;<\/strong><\/p>\n<p style=\"text-align: justify;\">\u0130kinci iddianamede emekli generaller Hur\u015fit Tolon ve \u015eener Eruygur, h\u00fck\u00fcmeti y\u0131kmaya te\u015febb\u00fcs etmekle su\u00e7lan\u0131yor.<\/p>\n<p style=\"text-align: justify;\">\u0130stanbul Cumhuriyet Ba\u015fsavc\u0131l\u0131\u011f\u0131&#8217;n\u0131n a\u00e7\u0131klamas\u0131nda, \u015f\u00fcpheliler hakk\u0131ndaki su\u00e7lara ili\u015fkin bilgiler, isim a\u00e7\u0131klanmadan \u015f\u00f6yle verildi:<\/p>\n<p style=\"text-align: justify;\">&#8220;2 \u015f\u00fcpheli hakk\u0131nda &#8216;\u00f6rg\u00fct y\u00f6neticisi olmak&#8217;, &#8216;cebir ve \u015fiddet kullanarak TBMM&#8217;yi ve T\u00fcrkiye Cumhuriyeti h\u00fck\u00fcmetini ortadan kald\u0131rmaya veya g\u00f6revlerini yapmas\u0131n\u0131 k\u0131smen veya tamamen engellemeye te\u015febb\u00fcs&#8217;, &#8216;T\u00fcrkiye Cumhuriyeti h\u00fck\u00fcmetine kar\u015f\u0131 silahl\u0131 isyana tahrik&#8217;, &#8216;devletin g\u00fcvenli\u011fine veya i\u00e7 veya d\u0131\u015f siyasal yararlar\u0131na ili\u015fkin belgelerini kullanmak&#8217;, &#8216;devletin g\u00fcvenli\u011fine ili\u015fkin belgeleri temin etmek&#8217;, &#8216;ki\u015fisel verileri hukuka ayk\u0131r\u0131 olarak kaydetmek&#8217;, &#8216;adil yarg\u0131lamay\u0131 etkilemeye te\u015febb\u00fcs su\u00e7lar\u0131ndan&#8217; ve \u00f6rg\u00fct\u00fcn \u00fcst d\u00fczey y\u00f6neticileri olduklar\u0131ndan yasa gere\u011fi \u00f6rg\u00fct \u00fcyelerinin i\u015fledikleri su\u00e7lardan,<\/p>\n<p style=\"text-align: justify;\">2 \u015f\u00fcpheli hakk\u0131nda &#8216;\u00f6rg\u00fct y\u00f6neticisi olmak&#8217;, &#8216;cebir ve \u015fiddet kullanarak TBMM&#8217;yi ve T\u00fcrkiye Cumhuriyeti h\u00fck\u00fcmetini ortadan kald\u0131rmaya veya g\u00f6revlerini yapmas\u0131n\u0131 k\u0131smen veya tamamen engellemeye te\u015febb\u00fcs&#8217;, &#8216;T\u00fcrkiye Cumhuriyeti h\u00fck\u00fcmetine kar\u015f\u0131 silahl\u0131 isyana tahrik&#8217;, &#8216;devletin g\u00fcvenli\u011fine veya i\u00e7 veya d\u0131\u015f siyasal yararlar\u0131na ili\u015fkin belgelerini kullanmak&#8217;, &#8216;devletin g\u00fcvenli\u011fine ili\u015fkin belgeleri temin etmek&#8217;, &#8216;ki\u015fisel verileri hukuka ayk\u0131r\u0131 olarak kaydetmek&#8217;, &#8216;resmi evrakta sahtecilik&#8217; su\u00e7lar\u0131ndan,<\/p>\n<p style=\"text-align: justify;\">4 \u015f\u00fcpheli hakk\u0131nda, &#8216;\u00f6rg\u00fct y\u00f6neticisi olmak&#8217;, &#8216;cebir ve \u015fiddet kullanarak TBMM&#8217;yi ve T\u00fcrkiye Cumhuriyeti h\u00fck\u00fcmetini ortadan kald\u0131rmaya veya g\u00f6revlerini yapmas\u0131n\u0131 k\u0131smen veya tamamen engellemeye te\u015febb\u00fcs&#8217;, &#8216;askeri itaatsizli\u011fe te\u015fvik&#8217;, &#8216;ki\u015fisel verileri hukuka ayk\u0131r\u0131 olarak kaydetmek&#8217;, &#8216;adil yarg\u0131lanmay\u0131 etkilemeye te\u015febb\u00fcs&#8217; su\u00e7lar\u0131ndan,<\/p>\n<p style=\"text-align: justify;\">1 \u015f\u00fcpheli hakk\u0131nda &#8216;\u00f6rg\u00fct y\u00f6neticisi olmak&#8217;, &#8216;ki\u015fisel verileri hukuka ayk\u0131r\u0131 olarak kaydetmek&#8217; su\u00e7lar\u0131ndan,<\/p>\n<p style=\"text-align: justify;\">3 \u015f\u00fcpheli hakk\u0131nda &#8216;\u00f6rg\u00fct \u00fcyesi olmak&#8217;, &#8216;cebir ve \u015fiddet kullanarak TBMM&#8217;yi ve T\u00fcrkiye Cumhuriyeti h\u00fck\u00fcmetini ortadan kald\u0131rmaya veya g\u00f6revlerini yapmas\u0131n\u0131 k\u0131smen veya tamamen engellemeye te\u015febb\u00fcs&#8217;, &#8216;devletin g\u00fcvenli\u011fine ili\u015fkin belgeleri temin etmek&#8217;, &#8216;patlay\u0131c\u0131 madde bulundurmak&#8217;, &#8216;yasaklanan bilgileri temin etmek&#8217; su\u00e7lar\u0131ndan,<\/p>\n<p style=\"text-align: justify;\">3 \u015f\u00fcpheli hakk\u0131nda &#8216;\u00f6rg\u00fct y\u00f6neticisi olmak&#8217;, &#8216;T\u00fcrkiye Cumhuriyeti h\u00fck\u00fcmetini ortadan kald\u0131rmaya veya g\u00f6revlerini yapmas\u0131na k\u0131smen veya tamamen engellemeye te\u015febb\u00fcs&#8217; su\u00e7lar\u0131ndan,<\/p>\n<p style=\"text-align: justify;\">37 \u015f\u00fcpheli hakk\u0131nda &#8216;\u00f6rg\u00fct \u00fcyesi olmak&#8217;, &#8216;yasaklanan bilgileri temin etmek&#8217;, &#8216;ki\u015fisel verileri hukuka ayk\u0131r\u0131 olarak kaydetmek&#8217;, &#8216;uyu\u015fturucu madde bulundurmak&#8217;, &#8216;6136 say\u0131l\u0131 yasaya muhalefet&#8217; su\u00e7lar\u0131ndan,<\/p>\n<p style=\"text-align: justify;\">4 \u015f\u00fcpheli hakk\u0131nda &#8216;\u00f6rg\u00fcte bilerek ve isteyerek yard\u0131m etmek&#8217; su\u00e7lar\u0131ndan kamu davas\u0131 a\u00e7\u0131lm\u0131\u015ft\u0131r.&#8221;<\/p>\n<p style=\"text-align: justify;\">A\u00e7\u0131klamada, yasa gere\u011fi iddianame, mahkeme taraf\u0131ndan kabul edilinceye kadar soru\u015fturman\u0131n i\u00e7eri\u011fiyle ilgili gizlilik kural\u0131n\u0131n devam etti\u011fi vurguland\u0131.<\/p>\n<p style=\"text-align: justify;\"><strong>\u0130kinci iddianame 8 ayda yaz\u0131ld\u0131 <\/strong><\/p>\n<p style=\"text-align: justify;\">Ergenekon davas\u0131 ile ilgili ilk iddianame, soru\u015fturma ba\u015flad\u0131ktan yakla\u015f\u0131k 13 ay sonra , 14 Temmuz 2008 tarihinde \u0130stanbul 13. A\u011f\u0131r Ceza Mahkemesi&#8217;ne sunulmu\u015ftu. \u0130kinci iddianame ilkinden yakla\u015f\u0131k sekiz ay sonra tamamlanabildi.<\/p>\n<p style=\"text-align: justify;\">Ba\u015fsavc\u0131l\u0131k a\u00e7\u0131klamas\u0131nda, baz\u0131 beklentilerin aksine, Emekli Oramiral \u00d6zden \u00d6rnek&#8217;e ait oldu\u011fu iddia edilen darbe g\u00fcnl\u00fckleri ile ilgili bir ifade bulunmamas\u0131 dikkat \u00e7ekti.<\/p>\n<p style=\"text-align: justify;\"><strong>Mahkeme inceleyecek<\/strong><\/p>\n<p style=\"text-align: justify;\">\u0130kinci iddianamenin \u0130stanbul 13. A\u011f\u0131r Ceza Mahkemesi&#8217;ne ula\u015fmas\u0131n\u0131n ard\u0131ndan mahkeme heyeti 15 g\u00fcn boyunca dosyay\u0131 inceleyecek. Dosyan\u0131n yeterli g\u00f6r\u00fclmememesi halinde mahkeme heyeti, savcl\u0131ardan eksiklerin giderilmesini isteyecek. \u0130ddianamenin yeterli g\u00f6r\u00fclmesi halindeyse duru\u015fma a\u015famas\u0131na ge\u00e7ilecek.<\/p>\n<p style=\"text-align: justify;\"><span style=\"color: #888888;\">Kaynak : Vatan Gazetesi<\/span><\/p>\n","protected":false},"excerpt":{"rendered":"<\/p>\n<p style=\"text-align: justify;\">\u0130kinci iddianame 1909 sayfadan olu\u015fuyor ve 21 tutuklu, 35 tutuksuz olmak \u00fczere 56 \u015f\u00fcpheliyi kaps\u0131yor<\/p>\n<p style=\"text-align: justify;\">\u00dcmraniye il\u00e7esinde bir evde ele ge\u00e7irilen patlay\u0131c\u0131 maddelerin ard\u0131ndan ba\u015flat\u0131lan ve &#8220;Ergenekon&#8221; ad\u0131 verilerek geni\u015fletilen soru\u015fturmada 20 ay sonra ikinci iddianame haz\u0131rlanarak \u0130stanbul 13. A\u011f\u0131r Ceza Mahkemesi&#8217;ne g\u00f6nderildi.<\/p>\n<p style=\"text-align: justify;\">\u0130stanbul Cumhuriyet Ba\u015fsavc\u0131l\u0131\u011f\u0131ndan yap\u0131lan yaz\u0131l\u0131 <\/p>\n","protected":false},"author":1,"featured_media":0,"comment_status":"open","ping_status":"closed","sticky":false,"template":"","format":"standard","meta":{"footnotes":""},"categories":[105],"tags":[],"class_list":["post-4765","post","type-post","status-publish","format-standard","hentry","category-gundem","odd"],"_links":{"self":[{"href":"http:\/\/www.korhanyilmaz.com\/index.php?rest_route=\/wp\/v2\/posts\/4765","targetHints":{"allow":["GET"]}}],"collection":[{"href":"http:\/\/www.korhanyilmaz.com\/index.php?rest_route=\/wp\/v2\/posts"}],"about":[{"href":"http:\/\/www.korhanyilmaz.com\/index.php?rest_route=\/wp\/v2\/types\/post"}],"author":[{"embeddable":true,"href":"http:\/\/www.korhanyilmaz.com\/index.php?rest_route=\/wp\/v2\/users\/1"}],"replies":[{"embeddable":true,"href":"http:\/\/www.korhanyilmaz.com\/index.php?rest_route=%2Fwp%2Fv2%2Fcomments&post=4765"}],"version-history":[{"count":0,"href":"http:\/\/www.korhanyilmaz.com\/index.php?rest_route=\/wp\/v2\/posts\/4765\/revisions"}],"wp:attachment":[{"href":"http:\/\/www.korhanyilmaz.com\/index.php?rest_route=%2Fwp%2Fv2%2Fmedia&parent=4765"}],"wp:term":[{"taxonomy":"category","embeddable":true,"href":"http:\/\/www.korhanyilmaz.com\/index.php?rest_route=%2Fwp%2Fv2%2Fcategories&post=4765"},{"taxonomy":"post_tag","embeddable":true,"href":"http:\/\/www.korhanyilmaz.com\/index.php?rest_route=%2Fwp%2Fv2%2Ftags&post=4765"}],"curies":[{"name":"wp","href":"https:\/\/api.w.org\/{rel}","templated":true}]}}