{"id":47643,"date":"2012-01-25T10:15:25","date_gmt":"2012-01-25T08:15:25","guid":{"rendered":"http:\/\/www.korhanyilmaz.com\/?p=47643"},"modified":"2012-01-25T11:33:51","modified_gmt":"2012-01-25T09:33:51","slug":"af-orgutu-fransadaki-yasa-ifade-ozgurlugune-tehdit","status":"publish","type":"post","link":"http:\/\/www.korhanyilmaz.com\/?p=47643","title":{"rendered":"Af \u00d6rg\u00fct\u00fc: &#8220;Fransa&#8217;daki yasa ifade \u00f6zg\u00fcrl\u00fc\u011f\u00fcne tehdit&#8221;"},"content":{"rendered":"<p style=\"text-align: center;\"><a href=\"http:\/\/www.korhanyilmaz.com\/wp-content\/uploads\/2012\/01\/9458.jpg\"  class=\"lightview\"><img loading=\"lazy\" decoding=\"async\" class=\"aligncenter  wp-image-47644\" src=\"http:\/\/www.korhanyilmaz.com\/wp-content\/uploads\/2012\/01\/9458.jpg\" alt=\"\" width=\"234\" height=\"248\" \/><\/a><\/p>\n<p style=\"text-align: justify;\">Uluslararas\u0131 Af \u00d6rg\u00fct\u00fc (Amnesty), 1915 olaylar\u0131na ili\u015fkin Ermeni iddialar\u0131n\u0131n reddini su\u00e7 sayan yasa teklifinin kabul edilmesinin ifade \u00f6zg\u00fcrl\u00fc\u011f\u00fcn\u00fc tehdit etti\u011fini bildirdi.<\/p>\n<p style=\"text-align: justify;\">Merkezi Londra&#8217;da bulunan \u00f6rg\u00fctten yap\u0131lan a\u00e7\u0131klamada, Fransa Senatosunda kabul edilen yasa tasar\u0131s\u0131n\u0131n ifade \u00f6zg\u00fcrl\u00fc\u011f\u00fcn\u00fc ihlal edece\u011fi belirtilerek, &#8220;2001 y\u0131l\u0131nda Fransa&#8217;n\u0131n 1915 y\u0131l\u0131nda Ermenilerin zorla yerlerinden edilmelerini ve topluca \u00f6l\u00fcmlerini soyk\u0131r\u0131m olarak tan\u0131d\u0131\u011f\u0131&#8221; hat\u0131rlat\u0131ld\u0131.\u00a0<!--more--><\/p>\n<p style=\"text-align: justify;\">Yeni yasan\u0131n ise &#8220;soyk\u0131r\u0131m\u0131 inkar edenlere bir y\u0131l hapis cezas\u0131 ve\/veya 45 bin Avro para cezas\u0131 verilmesini&#8221; i\u00e7erdi\u011fini bildiren \u00f6rg\u00fct, uluslararas\u0131 insan haklar\u0131 hukukunun ifade \u00f6zg\u00fcrl\u00fc\u011f\u00fc \u00fczerindeki k\u0131s\u0131tlamalar\u0131n ancak milli g\u00fcvenlik, kamu d\u00fczeni ya da ba\u015fkalar\u0131n\u0131n haklar\u0131 veya sayg\u0131nl\u0131\u011f\u0131n\u0131 koruma gibi durumlarda uygulanabilece\u011fi h\u00fckm\u00fcn\u00fc i\u00e7erdi\u011fine dikkati \u00e7ekti. A\u00e7\u0131klamada, &#8220;Bunlar\u0131n hi\u00e7biri bu konuda uygulanamaz ve yeni yasa ifade \u00f6zg\u00fcrl\u00fc\u011f\u00fcn\u00fc su\u00e7 kapsam\u0131na sokacakt\u0131r&#8221; denildi.<\/p>\n<p style=\"text-align: justify;\">Uluslararas\u0131 insan haklar\u0131 hukukunun ayr\u0131ca, devletlerin ayr\u0131mc\u0131l\u0131k, d\u00fc\u015fmanl\u0131k ve \u015fiddete te\u015fvik eden ulusal, \u0131rksal ve dini nefretin savunulmas\u0131n\u0131 \u00f6nlemesi gerekti\u011fini bildirdi\u011fi kaydedildi. Ancak yeni yasan\u0131n bunun aksine neden\u00a0oldu\u011fu kaydedildi.<\/p>\n<p style=\"text-align: justify;\">A\u00e7\u0131klamada Uluslararas\u0131 Af \u00d6rg\u00fct\u00fc&#8217;n\u00fcn Avrupa ve Orta Asya Direkt\u00f6r\u00fc Nicola Duckworth&#8217;\u00fcn \u015fu s\u00f6zlerine yer verildi:<\/p>\n<p style=\"text-align: justify;\">&#8220;Bu yasa e\u011fer uygulan\u0131rsa Fransa&#8217;n\u0131n ifade \u00f6zg\u00fcrl\u00fc\u011f\u00fcn\u00fcn desteklenmesi konusundaki uluslararas\u0131 y\u00fck\u00fcml\u00fcl\u00fc\u011f\u00fcne ters d\u00fc\u015fecektir. \u0130nsanlar bu konudaki g\u00f6r\u00fc\u015flerini ifade etmekte \u00f6zg\u00fcrd\u00fcr, Fransa&#8217;da da, T\u00fcrkiye&#8217;de de, ba\u015fka yerde de. Bu yasada s\u00f6z konusu olan as\u0131l \u015fey, 1915 y\u0131l\u0131nda Ermenilerin geni\u015f \u00e7apta \u00f6ld\u00fcrme olaylar\u0131n\u0131n ya da zorla yerlerinde edilmelerin soyk\u0131r\u0131m olup olmad\u0131\u011f\u0131 de\u011fil, Frans\u0131z yetkililerin bu tart\u0131\u015fmaya ili\u015fkin ifade \u00f6zg\u00fcrl\u00fc\u011f\u00fcn\u00fc k\u0131s\u0131tlama giri\u015fimidir. Frans\u0131z yetkililer, uluslararas\u0131 insan haklar\u0131 konusundaki y\u00fck\u00fcml\u00fcklerine uymakta ba\u015far\u0131s\u0131z olmaktad\u0131r.&#8221;<\/p>\n<p style=\"text-align: justify;\"><a href=\"http:\/\/www.cnnturk.com\/2012\/dunya\/01\/25\/af.orgutu.fransadaki.yasa.ifade.ozgurlugune.tehdit\/646282.0\/index.html\" target=\"_blank\">Kaynak : CNN T\u00dcRK<\/a><a href=\"http:\/\/www.cnnturk.com\/2012\/dunya\/01\/25\/af.orgutu.fransadaki.yasa.ifade.ozgurlugune.tehdit\/646282.0\/index.html\" target=\"_blank\">\u00a0<\/a><\/p>\n","protected":false},"excerpt":{"rendered":"<p style=\"text-align: center;\">\n<p style=\"text-align: justify;\">Uluslararas\u0131 Af \u00d6rg\u00fct\u00fc (Amnesty), 1915 olaylar\u0131na ili\u015fkin Ermeni iddialar\u0131n\u0131n reddini su\u00e7 sayan yasa teklifinin kabul edilmesinin ifade \u00f6zg\u00fcrl\u00fc\u011f\u00fcn\u00fc tehdit etti\u011fini bildirdi.<\/p>\n<p style=\"text-align: justify;\">Merkezi Londra&#8217;da bulunan \u00f6rg\u00fctten yap\u0131lan a\u00e7\u0131klamada, Fransa Senatosunda kabul edilen yasa tasar\u0131s\u0131n\u0131n ifade \u00f6zg\u00fcrl\u00fc\u011f\u00fcn\u00fc ihlal edece\u011fi belirtilerek, &#8220;2001 y\u0131l\u0131nda Fransa&#8217;n\u0131n 1915 y\u0131l\u0131nda Ermenilerin zorla yerlerinden edilmelerini ve <\/p>\n","protected":false},"author":1,"featured_media":0,"comment_status":"open","ping_status":"open","sticky":false,"template":"","format":"standard","meta":{"footnotes":""},"categories":[3],"tags":[],"class_list":["post-47643","post","type-post","status-publish","format-standard","hentry","category-dunya","odd"],"_links":{"self":[{"href":"http:\/\/www.korhanyilmaz.com\/index.php?rest_route=\/wp\/v2\/posts\/47643","targetHints":{"allow":["GET"]}}],"collection":[{"href":"http:\/\/www.korhanyilmaz.com\/index.php?rest_route=\/wp\/v2\/posts"}],"about":[{"href":"http:\/\/www.korhanyilmaz.com\/index.php?rest_route=\/wp\/v2\/types\/post"}],"author":[{"embeddable":true,"href":"http:\/\/www.korhanyilmaz.com\/index.php?rest_route=\/wp\/v2\/users\/1"}],"replies":[{"embeddable":true,"href":"http:\/\/www.korhanyilmaz.com\/index.php?rest_route=%2Fwp%2Fv2%2Fcomments&post=47643"}],"version-history":[{"count":0,"href":"http:\/\/www.korhanyilmaz.com\/index.php?rest_route=\/wp\/v2\/posts\/47643\/revisions"}],"wp:attachment":[{"href":"http:\/\/www.korhanyilmaz.com\/index.php?rest_route=%2Fwp%2Fv2%2Fmedia&parent=47643"}],"wp:term":[{"taxonomy":"category","embeddable":true,"href":"http:\/\/www.korhanyilmaz.com\/index.php?rest_route=%2Fwp%2Fv2%2Fcategories&post=47643"},{"taxonomy":"post_tag","embeddable":true,"href":"http:\/\/www.korhanyilmaz.com\/index.php?rest_route=%2Fwp%2Fv2%2Ftags&post=47643"}],"curies":[{"name":"wp","href":"https:\/\/api.w.org\/{rel}","templated":true}]}}