{"id":47634,"date":"2012-01-25T10:59:45","date_gmt":"2012-01-25T08:59:45","guid":{"rendered":"http:\/\/www.korhanyilmaz.com\/?p=47634"},"modified":"2012-01-25T11:11:01","modified_gmt":"2012-01-25T09:11:01","slug":"istanbulda-kck-operasyonu-2","status":"publish","type":"post","link":"http:\/\/www.korhanyilmaz.com\/?p=47634","title":{"rendered":"\u0130stanbul&#8217;da KCK operasyonu"},"content":{"rendered":"<p style=\"text-align: center;\"><a href=\"http:\/\/www.korhanyilmaz.com\/wp-content\/uploads\/2012\/01\/9456.jpg\"  class=\"lightview\"><img loading=\"lazy\" decoding=\"async\" class=\"aligncenter  wp-image-47635\" src=\"http:\/\/www.korhanyilmaz.com\/wp-content\/uploads\/2012\/01\/9456.jpg\" alt=\"\" width=\"276\" height=\"207\" \/><\/a><\/p>\n<p style=\"text-align: justify;\">Maltepe&#8217;de ter\u00f6r \u00f6rg\u00fct\u00fc PKK&#8217;nin \u015fehir yap\u0131lanmas\u0131 oldu\u011fu iddia edilen KCK&#8217;ya y\u00f6nelik d\u00fczenlenen operasyonda 4 ki\u015fi g\u00f6zalt\u0131na al\u0131nd\u0131.<\/p>\n<p style=\"text-align: justify;\">\u0130stanbul- \u0130stanbul Ter\u00f6rle M\u00fccadele \u015eube M\u00fcd\u00fcrl\u00fc\u011f\u00fc ekipleri, ge\u00e7en hafta Maltepe&#8217;de protesto g\u00f6sterileri d\u00fczenlenmesi ve ara\u00e7lar\u0131n yak\u0131lmas\u0131n\u0131n ard\u0131ndan ter\u00f6r \u00f6rg\u00fct\u00fc PKK&#8217;n\u0131n \u015fehir yap\u0131lanmas\u0131 oldu\u011fu \u00f6ne s\u00fcr\u00fclen KCK&#8217;ye y\u00f6nelik \u00e7al\u0131\u015fma ba\u015flatt\u0131.\u00a0<!--more--><\/p>\n<p style=\"text-align: justify;\">Teknik ve fiziki takibin ard\u0131ndan belirlenen adreslere e\u015f zamanl\u0131 operasyon d\u00fczenleyen polis, ara\u00e7lar\u0131n yak\u0131lmas\u0131 olay\u0131na kar\u0131\u015ft\u0131klar\u0131 \u00f6ne s\u00fcr\u00fclen 4 ki\u015fiyi g\u00f6zalt\u0131na ald\u0131.<\/p>\n<p style=\"text-align: justify;\">Bu ki\u015filerin \u00fczerlerinde ve bulunduklar\u0131 adreslerde yap\u0131lan aramalarda, molotofkokteyli yap\u0131m\u0131nda kullan\u0131lan malzemeler ile \u00e7ok say\u0131da \u00f6rg\u00fctsel dok\u00fcman ele ge\u00e7irildi.<\/p>\n<p style=\"text-align: justify;\"><a href=\"http:\/\/www.cumhuriyet.com.tr\/?hn=310564\" target=\"_blank\">Kaynak : Cumhuriyet Haber Portal\u0131<\/a><\/p>\n","protected":false},"excerpt":{"rendered":"<p style=\"text-align: center;\">\n<p style=\"text-align: justify;\">Maltepe&#8217;de ter\u00f6r \u00f6rg\u00fct\u00fc PKK&#8217;nin \u015fehir yap\u0131lanmas\u0131 oldu\u011fu iddia edilen KCK&#8217;ya y\u00f6nelik d\u00fczenlenen operasyonda 4 ki\u015fi g\u00f6zalt\u0131na al\u0131nd\u0131.<\/p>\n<p style=\"text-align: justify;\">\u0130stanbul- \u0130stanbul Ter\u00f6rle M\u00fccadele \u015eube M\u00fcd\u00fcrl\u00fc\u011f\u00fc ekipleri, ge\u00e7en hafta Maltepe&#8217;de protesto g\u00f6sterileri d\u00fczenlenmesi ve ara\u00e7lar\u0131n yak\u0131lmas\u0131n\u0131n ard\u0131ndan ter\u00f6r \u00f6rg\u00fct\u00fc PKK&#8217;n\u0131n \u015fehir yap\u0131lanmas\u0131 oldu\u011fu \u00f6ne s\u00fcr\u00fclen KCK&#8217;ye y\u00f6nelik \u00e7al\u0131\u015fma ba\u015flatt\u0131. <\/p>\n","protected":false},"author":1,"featured_media":0,"comment_status":"open","ping_status":"open","sticky":false,"template":"","format":"standard","meta":{"footnotes":""},"categories":[105],"tags":[],"class_list":["post-47634","post","type-post","status-publish","format-standard","hentry","category-gundem","odd"],"_links":{"self":[{"href":"http:\/\/www.korhanyilmaz.com\/index.php?rest_route=\/wp\/v2\/posts\/47634","targetHints":{"allow":["GET"]}}],"collection":[{"href":"http:\/\/www.korhanyilmaz.com\/index.php?rest_route=\/wp\/v2\/posts"}],"about":[{"href":"http:\/\/www.korhanyilmaz.com\/index.php?rest_route=\/wp\/v2\/types\/post"}],"author":[{"embeddable":true,"href":"http:\/\/www.korhanyilmaz.com\/index.php?rest_route=\/wp\/v2\/users\/1"}],"replies":[{"embeddable":true,"href":"http:\/\/www.korhanyilmaz.com\/index.php?rest_route=%2Fwp%2Fv2%2Fcomments&post=47634"}],"version-history":[{"count":0,"href":"http:\/\/www.korhanyilmaz.com\/index.php?rest_route=\/wp\/v2\/posts\/47634\/revisions"}],"wp:attachment":[{"href":"http:\/\/www.korhanyilmaz.com\/index.php?rest_route=%2Fwp%2Fv2%2Fmedia&parent=47634"}],"wp:term":[{"taxonomy":"category","embeddable":true,"href":"http:\/\/www.korhanyilmaz.com\/index.php?rest_route=%2Fwp%2Fv2%2Fcategories&post=47634"},{"taxonomy":"post_tag","embeddable":true,"href":"http:\/\/www.korhanyilmaz.com\/index.php?rest_route=%2Fwp%2Fv2%2Ftags&post=47634"}],"curies":[{"name":"wp","href":"https:\/\/api.w.org\/{rel}","templated":true}]}}