{"id":47630,"date":"2012-01-25T10:38:28","date_gmt":"2012-01-25T08:38:28","guid":{"rendered":"http:\/\/www.korhanyilmaz.com\/?p=47630"},"modified":"2012-01-25T11:05:48","modified_gmt":"2012-01-25T09:05:48","slug":"bdpden-bmye-cagri","status":"publish","type":"post","link":"http:\/\/www.korhanyilmaz.com\/?p=47630","title":{"rendered":"BDP&#8217;den BM&#8217;ye \u00e7a\u011fr\u0131"},"content":{"rendered":"<p style=\"text-align: center;\"><a href=\"http:\/\/www.korhanyilmaz.com\/wp-content\/uploads\/2012\/01\/9455.jpg\"  class=\"lightview\"><img loading=\"lazy\" decoding=\"async\" class=\"aligncenter  wp-image-47631\" src=\"http:\/\/www.korhanyilmaz.com\/wp-content\/uploads\/2012\/01\/9455.jpg\" alt=\"\" width=\"276\" height=\"207\" \/><\/a><\/p>\n<p style=\"text-align: justify;\">BDP, Uludere&#8217;de 34 ki\u015finin \u00f6l\u00fcm\u00fcne neden bombard\u0131man\u0131n incelenmesi i\u00e7in BM \u0130nsan Haklar\u0131 Komisyonu&#8217;na yapt\u0131\u011f\u0131 ba\u015fvuruda, bombard\u0131man\u0131n y\u00fcksek mercilerce planland\u0131\u011f\u0131 ve y\u00f6netildi\u011fini, AKP h\u00fck\u00fcmetinin de bu olay\u0131n \u00fcst\u00fcn\u00fc \u00f6rtmeye \u00e7al\u0131\u015ft\u0131\u011f\u0131n\u0131 ileri s\u00fcrd\u00fc.\u00a0<!--more--><\/p>\n<p style=\"text-align: justify;\">Ankara- BDP, BM&#8217;ye \u015e\u0131rnak Uludere&#8217;de 34 ki\u015finin \u00f6l\u00fcm\u00fcne neden olan bombard\u0131manla ilgili 5 sayfal\u0131k bir dilek\u00e7e ile ba\u015fvuru yapt\u0131. Dilek\u00e7enin ilk d\u00f6rt sayfas\u0131nda bombalaman\u0131n hangi saatlerde nas\u0131l yap\u0131ld\u0131\u011f\u0131, \u00f6lenlerin tamam\u0131n\u0131n ticaret ama\u00e7l\u0131 hareket eden siviller oldu\u011fu, bunun askerler taraf\u0131ndan bilindi\u011fi gibi bilgiler verildi.<\/p>\n<p style=\"text-align: justify;\"><strong>&#8216;Kaza olmad\u0131\u011f\u0131 \u00e7ok a\u00e7\u0131k&#8217;\u00a0<\/strong><\/p>\n<p style=\"text-align: justify;\">Ya\u015fanan olay\u0131n &#8220;Uluslararas\u0131 hukukun a\u00e7\u0131k ihlali&#8221; oldu\u011fu ifade edilen dilek\u00e7ede \u00f6zetle \u015funlar s\u00f6ylendi: &#8220;Bunun bir katliam oldu\u011fu ve bu bombard\u0131man\u0131n y\u00fcksek merciler taraf\u0131ndan planland\u0131\u011f\u0131 ve y\u00f6netildi\u011fi a\u00e7\u0131kt\u0131r. \u00d6te yandan bu katliam\u0131n AKP taraf\u0131ndan \u00fcst\u00fc kapat\u0131lmaya \u00e7al\u0131\u015f\u0131lm\u0131\u015ft\u0131r. \u00d6zellikle medya kurumlar\u0131n\u0131n haber yapmalar\u0131 engellenmeye \u00e7al\u0131\u015f\u0131lm\u0131\u015ft\u0131r. Hi\u00e7bir medya kurulu\u015fu ilk 12 saat olay\u0131 haber yapmam\u0131\u015ft\u0131r. Olay twitter ve facebook&#8217;tan duyulmu\u015ftur. Bunun kaza olmad\u0131\u011f\u0131 \u00e7ok a\u00e7\u0131kt\u0131r. Oradaki k\u00f6yl\u00fcler bombard\u0131man\u0131n kendilerine kar\u015f\u0131 yap\u0131ld\u0131\u011f\u0131 noktas\u0131nda hemfikirdirler.&#8221;<\/p>\n<p style=\"text-align: justify;\">Dilek\u00e7ede olayla ilgili tan\u0131klar\u0131n ifadelerine dayan\u0131larak, t\u00fcm yaralanan ve \u00f6lenlerin sivil oldu\u011fu, dur ihtar\u0131 yap\u0131lmad\u0131\u011f\u0131, askerlerin sald\u0131r\u0131ya maruz kalan k\u00f6yl\u00fclerin sadece ticaret ama\u00e7l\u0131 olarak ge\u00e7tiklerini bildi\u011fi y\u00f6n\u00fcnde a\u00e7\u0131klamalar da yer ald\u0131.<\/p>\n<p style=\"text-align: justify;\"><strong>&#8216;Sina Haftanin b\u00f6lgesinde de\u011fil&#8217;\u00a0<\/strong><\/p>\n<p style=\"text-align: justify;\">Dilek\u00e7ede alt\u0131 \u00e7izilen bir nokta da resmi a\u00e7\u0131klamalar\u0131n aksine olay\u0131n ter\u00f6r \u00f6rg\u00fct\u00fcn\u00fcn ana kamplar\u0131ndan biri oldu\u011fu ileri s\u00fcr\u00fclen Sina-Haftanin&#8217;de de\u011fil, o b\u00f6lgenin \u00e7ok uza\u011f\u0131nda, T\u00fcrkiye-Irak s\u0131n\u0131r\u0131n\u0131n hemen yan\u0131nda ger\u00e7ekle\u015fti\u011fi ifade edildi. Hi\u00e7bir resmi kurumun olay sonras\u0131nda cesetleri ta\u015f\u0131mak i\u00e7in \u00e7aba harcamad\u0131\u011f\u0131, t\u00fcm askerlerin \u00e7ekildi\u011fi, k\u00f6yl\u00fclerin kendi \u00f6l\u00fclerini ta\u015f\u0131mak zorunda kald\u0131\u011f\u0131 y\u00f6n\u00fcnde iddialar\u0131n yer ald\u0131\u011f\u0131 dilek\u00e7ede otopsilerden sa\u011flanan kan\u0131tlar\u0131n da kayda ge\u00e7irilmedi\u011fi, katliam\u0131 i\u015faret eden kan\u0131tlar\u0131n ortadan kald\u0131r\u0131lm\u0131\u015f olma ihtimalinin de \u00e7ok y\u00fcksek oldu\u011fu ileri s\u00fcr\u00fcld\u00fc.<\/p>\n<p style=\"text-align: justify;\"><strong>&#8216;AKP katliam\u0131 yapanlar\u0131n ortaya \u00e7\u0131kmas\u0131n\u0131 engelliyor&#8217;\u00a0<\/strong><\/p>\n<p style=\"text-align: justify;\">Bu bilgilerin aktar\u0131ld\u0131\u011f\u0131 dilek\u00e7ede inceleme heyeti talebi \u015f\u00f6yle ifade edildi: &#8220;T\u00fcm bunlar uluslararas\u0131 g\u00f6zlemciler taraf\u0131ndan insan haklar\u0131 ihlalinin ara\u015ft\u0131r\u0131lmas\u0131n\u0131 zorunlu k\u0131lm\u0131\u015ft\u0131r. AKP h\u00fck\u00fcmeti bu katliamdan sorumlu olanlar\u0131 ortaya \u00e7\u0131karmakla ilgilenmiyor. Ayr\u0131ca katliam\u0131 organize edenlerin ortaya \u00e7\u0131kmas\u0131n\u0131n engellenmesi i\u00e7in elinden geleni yap\u0131yor. \u0130nsanl\u0131\u011fa kar\u015f\u0131 i\u015flenmi\u015f bu su\u00e7 yaln\u0131zca uluslararas\u0131 akt\u00f6rler taraf\u0131ndan ortaya \u00e7\u0131kar\u0131labilir. Biz de insan haklar\u0131 y\u00fcksek komisyonu ofisini (OHCHHR-UNOG) bu bombard\u0131man\u0131 belgelemeye \u00e7a\u011f\u0131r\u0131yoruz.&#8221;<\/p>\n<p style=\"text-align: justify;\"><a href=\"http:\/\/www.cumhuriyet.com.tr\/?hn=310550\" target=\"_blank\">Kaynak : Cumhuriyet Haber Portal\u0131<\/a><\/p>\n","protected":false},"excerpt":{"rendered":"<p style=\"text-align: center;\">\n<p style=\"text-align: justify;\">BDP, Uludere&#8217;de 34 ki\u015finin \u00f6l\u00fcm\u00fcne neden bombard\u0131man\u0131n incelenmesi i\u00e7in BM \u0130nsan Haklar\u0131 Komisyonu&#8217;na yapt\u0131\u011f\u0131 ba\u015fvuruda, bombard\u0131man\u0131n y\u00fcksek mercilerce planland\u0131\u011f\u0131 ve y\u00f6netildi\u011fini, AKP h\u00fck\u00fcmetinin de bu olay\u0131n \u00fcst\u00fcn\u00fc \u00f6rtmeye \u00e7al\u0131\u015ft\u0131\u011f\u0131n\u0131 ileri s\u00fcrd\u00fc. <\/p>\n","protected":false},"author":1,"featured_media":0,"comment_status":"open","ping_status":"open","sticky":false,"template":"","format":"standard","meta":{"footnotes":""},"categories":[105],"tags":[],"class_list":["post-47630","post","type-post","status-publish","format-standard","hentry","category-gundem","odd"],"_links":{"self":[{"href":"http:\/\/www.korhanyilmaz.com\/index.php?rest_route=\/wp\/v2\/posts\/47630","targetHints":{"allow":["GET"]}}],"collection":[{"href":"http:\/\/www.korhanyilmaz.com\/index.php?rest_route=\/wp\/v2\/posts"}],"about":[{"href":"http:\/\/www.korhanyilmaz.com\/index.php?rest_route=\/wp\/v2\/types\/post"}],"author":[{"embeddable":true,"href":"http:\/\/www.korhanyilmaz.com\/index.php?rest_route=\/wp\/v2\/users\/1"}],"replies":[{"embeddable":true,"href":"http:\/\/www.korhanyilmaz.com\/index.php?rest_route=%2Fwp%2Fv2%2Fcomments&post=47630"}],"version-history":[{"count":0,"href":"http:\/\/www.korhanyilmaz.com\/index.php?rest_route=\/wp\/v2\/posts\/47630\/revisions"}],"wp:attachment":[{"href":"http:\/\/www.korhanyilmaz.com\/index.php?rest_route=%2Fwp%2Fv2%2Fmedia&parent=47630"}],"wp:term":[{"taxonomy":"category","embeddable":true,"href":"http:\/\/www.korhanyilmaz.com\/index.php?rest_route=%2Fwp%2Fv2%2Fcategories&post=47630"},{"taxonomy":"post_tag","embeddable":true,"href":"http:\/\/www.korhanyilmaz.com\/index.php?rest_route=%2Fwp%2Fv2%2Ftags&post=47630"}],"curies":[{"name":"wp","href":"https:\/\/api.w.org\/{rel}","templated":true}]}}