{"id":47626,"date":"2012-01-17T08:16:14","date_gmt":"2012-01-17T06:16:14","guid":{"rendered":"http:\/\/www.korhanyilmaz.com\/?p=47626"},"modified":"2012-01-25T01:43:21","modified_gmt":"2012-01-24T23:43:21","slug":"acilim-liberalerin-maskaraligidir","status":"publish","type":"post","link":"http:\/\/www.korhanyilmaz.com\/?p=47626","title":{"rendered":"&#8216;A\u00e7\u0131l\u0131m liberalerin maskaral\u0131\u011f\u0131d\u0131r!&#8217;"},"content":{"rendered":"<p style=\"text-align: center;\"><a href=\"http:\/\/www.korhanyilmaz.com\/wp-content\/uploads\/2012\/01\/9454.jpg\"  class=\"lightview\"><img loading=\"lazy\" decoding=\"async\" class=\"aligncenter  wp-image-47627\" src=\"http:\/\/www.korhanyilmaz.com\/wp-content\/uploads\/2012\/01\/9454.jpg\" alt=\"\" width=\"357\" height=\"175\" \/><\/a><\/p>\n<p style=\"text-align: justify;\">Prof Dr.Kadir Cang\u0131zbay, Gazi \u00dcniversitesi \u0130ktisadi ve \u0130dari Bilimler Fak\u00fcltesi \u00d6\u011fretim \u00dcyesi, Birg\u00fcn Gazetesi yazar\u0131. Cang\u0131zbay, \u2018\u2019Bar\u0131\u015f Nerde Kald\u0131\u2019\u2019 r\u00f6portaj dizimizin son konu\u011fu, onun bak\u0131\u015f\u0131 di\u011ferlerinden farkl\u0131. Cang\u0131zbay, do\u011fu\u015ftan var olan haklar\u0131n, yasalarla \u2018verilmesini\u2019 do\u011fru bulmuyor, ona g\u00f6re o zaten var olan bir hakt\u0131r ve yasalarla engellemektir as\u0131l su\u00e7. A\u00e7\u0131l\u0131m ise hi\u00e7 olmam\u0131\u015f bir oyun Cang\u0131zbay\u2019a g\u00f6re, \u00f6nerdi\u011fi \u00e7\u00f6z\u00fcm ise \u00e7o\u011fu insan\u0131n, ifade etmekten bile \u00e7ekindi\u011fi bir y\u00f6ntem, \u2018s\u0131n\u0131rs\u0131z bir d\u00fcnya\u2019\u00a0<!--more--><\/p>\n<p style=\"text-align: justify;\"><strong>\u2018\u2019AKP\u2019N\u0130N KAN D\u00d6K\u00dcLMES\u0130N D\u0130YE B\u0130R DERD\u0130 YOK\u2019\u2019\u00a0<\/strong><\/p>\n<p style=\"text-align: justify;\"><strong>Uludere\u2019de ya\u015fananlar\u0131 nas\u0131l yorumlamak laz\u0131m?\u00a0<\/strong><\/p>\n<p style=\"text-align: justify;\">Uludere, katliamd\u0131r. Buna katliam demeyen herkes, kolektif katliam\u0131n, bir par\u00e7as\u0131d\u0131r.<\/p>\n<p style=\"text-align: justify;\">Silvan\u2019da, askerlerin \u00f6ld\u00fcr\u00fclmesi olay\u0131na, PKK i\u015fi dediler ama kesin kanaatim \u015fudur ki, Silvan\u2019da \u00e7ocuklar \u00f6ld\u00fcr\u00fcld\u00fc diye strateji de\u011fi\u015ftirdiler deniyor, tam tersi stratejiyi de\u011fi\u015ftirmek i\u00e7in Silvan\u2019\u0131 yapt\u0131rd\u0131lar. Silvan\u2019\u0131, PKK yapt\u0131ysa, devlette \u00f6n\u00fcn\u00fc a\u00e7t\u0131. Her \u015fey gizli, kapakl\u0131, AKP\u2019nin kan d\u00f6k\u00fclmesin diye bir derdi yok. Neo-liberalizm, T\u00fcrkiye\u2019de bir diktat\u00f6rl\u00fck kurmak i\u00e7in K\u00fcrt meselesini de kullan\u0131r, Alevili\u011fi de kullan\u0131r. PKK diye, kendisi de katliam yapar. Ya da ka\u00e7ak\u00e7\u0131 diye, yan\u0131ld\u0131k diye yine katliam yapar. Her \u015fey flu, yani net de\u011fil. \u00c7ok a\u00e7\u0131k bir \u015fey var, y\u00fczde 10 baraj\u0131n\u0131 kald\u0131rmadan, siyasi yasaklardan ve siyasete kat\u0131lanlar\u0131 cezaland\u0131rmaktan vazge\u00e7meden olmaz.<\/p>\n<p style=\"text-align: justify;\"><strong>\u2018\u2019BARI\u015e D\u0130YE B\u0130R \u0130STEKLER\u0130 YOKTU\u2019\u2019\u00a0<\/strong><\/p>\n<p style=\"text-align: justify;\"><strong>Peki ya bar\u0131\u015f, art\u0131k \u00e7ok mu uzak?<\/strong><\/p>\n<p style=\"text-align: justify;\">AKP\u2019nin bar\u0131\u015f diye, analar a\u011flamas\u0131n diye bir problemi oldu\u011funu sanm\u0131yorum. Bunlar, do\u011frudan do\u011fruya Amerika\u2019n\u0131n yeni d\u00fcnya d\u00fczenin bir par\u00e7as\u0131. \u0130nsanlar\u0131, kimliklere hapsedip, eylemsellikten, eylemlerden uzakla\u015ft\u0131rmak gibi genel bir problemi var, yeni d\u00fcnya d\u00fczenin. Yani \u00e7at\u0131\u015fmalar, z\u0131tl\u0131klar, emek ile sermaye aras\u0131nda de\u011fil de, \u00c7e\u00e7en ile \u00c7erkez aras\u0131nda, K\u00fcrt ile S\u00fcnni aras\u0131nda, S\u00fcnni ile Alevi aras\u0131ndaym\u0131\u015f gibi g\u00f6stermek istiyorlar. O eksen \u00fczerine \u00e7ekmek istiyor. Bunu \u015feyden de \u00e7\u0131kartabiliriz, K\u00fcrtler 12 Eyl\u00fcl\u2019e Bat\u0131dakiler kadar kar\u015f\u0131 koymad\u0131lar ama 12 Eyl\u00fcl, \u00f6zellikle K\u00fcrtlerin \u00fczerine gitti, bu \u00e7ok ilgin\u00e7tir. \u00c7\u00fcnk\u00fc Amerika\u2019n\u0131n elinde, bir tek, T\u00fcrkiye kalm\u0131\u015ft\u0131. Afganistan, Rusya i\u015fgalinde, \u0130ran\u2019da \u015eah devrilmi\u015f. Rusya\u2019n\u0131n G\u00fcneyinde tek g\u00fcvenece\u011fi \u00fclke T\u00fcrkiye kalm\u0131\u015ft\u0131. O y\u00fczden, T\u00fcrkiye\u2019de, isteyecekleri tek \u015fey, Sol ile Sa\u011f aras\u0131nda ya da emek ile sermaye aras\u0131nda \u00e7at\u0131\u015fmay\u0131, kimlik esas\u0131nda bir \u00e7at\u0131\u015fmaya d\u00f6n\u00fc\u015ft\u00fcrmekti. O y\u00fczden de askerleri iyice y\u00f6nlendirdiler.<\/p>\n<p style=\"text-align: justify;\"><strong>\u2018\u2019 A\u00c7ILIM, L\u0130BERALLER\u0130N MASKARALI\u011eI\u2019\u2019\u00a0<\/strong><\/p>\n<p style=\"text-align: justify;\">Alevi a\u00e7\u0131l\u0131m\u0131, K\u00fcrt a\u00e7\u0131l\u0131m\u0131, Roman a\u00e7\u0131l\u0131m\u0131, asl\u0131nda yeni d\u00fcnya d\u00fczenin \u00fcr\u00fcn\u00fc. Ta\u015fradaki (Kapitalizmin ta\u015fras\u0131, T\u00fcrkiye oluyor), ilkel, dinci, mezhep\u00e7i, kom\u00fcnizme kar\u015f\u0131 kurulmu\u015f yap\u0131lara b\u00f6yle bir oyun oynat\u0131yorlar. Bu da, Liberal ge\u00e7inenlerin, a\u00e7\u0131l\u0131m diye, ileri demokrasi diye yapt\u0131klar\u0131 bir maskaral\u0131k. H\u00e2lbuki vatanda\u015fl\u0131k hakk\u0131n\u0131 vermiyorlar, sana bana, T\u00fcrk\u2019\u00fcne, K\u00fcrt\u2019\u00fcne. Cumhuriyet, ayd\u0131nlanma kar\u015f\u0131t\u0131d\u0131rlar. Anla\u015fma ile proje i\u015fle karde\u015fli olur mu?<\/p>\n<p style=\"text-align: justify;\"><strong>\u2018\u2019 AZ(IN)LIK A\u015eA\u011eILAMAKTIR\u2019\u2019\u00a0<\/strong><\/p>\n<p style=\"text-align: justify;\">Bir d\u00f6nem tak\u0131ld\u0131lar az\u0131nl\u0131k haklar\u0131 diye. Az\u0131nl\u0131k haklar\u0131 ne demek, bunu en iyi anlayan Hrant\u2019t\u0131 (Hrant Dink). Minorite, az\u0131nl\u0131k diye \u00e7eviriyoruz T\u00fcrk\u00e7eye, h\u00e2lbuki minor, azl\u0131k demektir, nicel de\u011fil nitelik belirtir, azl\u0131k a\u015fa\u011f\u0131lamakt\u0131r. Abdullah \u00d6calan, k\u00fc\u00e7\u00fck k\u00fc\u00e7\u00fck, \u00e7ok say\u0131da devlet kurman\u0131n emperyalizme hizmet etti\u011fini anlam\u0131\u015f, ender T\u00fcrkiyelilerdendir. O y\u00fczden, k\u00fc\u00e7\u00fcc\u00fck devletler kurman\u0131n pe\u015fine d\u00fc\u015fmek yerine, var olan devletlerin, maskaral\u0131klar\u0131na tekab\u00fcl eden s\u0131n\u0131rlar\u0131, engelleri, t\u00f6rp\u00fclemek, gereksiz k\u0131lmak laz\u0131m. S\u0131rr\u0131 S\u00fcreyya \u00d6nder de zeki adam, bu diyor, \u2018suni s\u0131n\u0131rlar\u0131 a\u015farak, ticaret yapmakt\u0131r\u2019 diyor.<\/p>\n<p style=\"text-align: justify;\"><strong>Bu, hukuka ve devlet d\u00fczenine kar\u015f\u0131 \u00e7\u0131kmak anlam\u0131na gelmez mi?\u00a0<\/strong><\/p>\n<p style=\"text-align: justify;\">Bittabi, bittabi (do\u011fal olarak). Ama yap\u0131lacaksa, umut ister esas\u0131nda. Ya\u015fas\u0131n K\u00fcrdistan diyerek de\u011fil, Ya\u015fas\u0131n T\u00fcrkistan diyerek de\u011fil, Ya\u015fas\u0131n yeni k\u00fc\u00e7\u00fck devletimiz diyerek de\u011fil, somut bir i\u015f esas\u0131nda, g\u00f6n\u00fcll\u00fc birliklerin kurulmas\u0131n\u0131 m\u00fcmk\u00fcn k\u0131lmakla. Kolektif haklarla de\u011fil, i\u015f esas\u0131nda \u00f6rg\u00fctlenmenin \u00f6n\u00fcn\u00fc a\u00e7arak. K\u00fcrt m\u00fcs\u00fcn, T\u00fcrk m\u00fcs\u00fcn, solak m\u0131s\u0131n, sa\u011flak m\u0131s\u0131n, o insan\u0131n ne oldu\u011funa ili\u015fkindir, yapt\u0131\u011f\u0131n ortak i\u015f esas\u0131nda, yeni birliklerin kurulmas\u0131n\u0131n \u00f6n\u00fcn\u00fc a\u00e7makla, getirilmi\u015f sahte s\u0131n\u0131rlar\u0131n fiiliyatta a\u015f\u0131lmas\u0131yla olur. Demokratik \u00d6zerklik ile yarat\u0131lmak istenende buydu bence.<\/p>\n<p style=\"text-align: justify;\"><strong>\u2018\u2019AKP\u2019N\u0130N FOYASI ORTAYA \u00c7IKTI\u2019\u2019<\/strong><\/p>\n<p style=\"text-align: justify;\"><strong>Bu, T\u00fcrkiye\u2019de olur mu sizce, biz hala, Mara\u015f\u2019\u0131, 38\u2019i, Sivas\u2019\u0131 ve \u015fimdi de Uludere\u2019yi konu\u015fan bir \u00fclkeyiz?\u00a0<\/strong><\/p>\n<p style=\"text-align: justify;\">Uludere, Tayyip Erdo\u011fan\u2019\u0131n foyas\u0131n\u0131 iyice \u00e7\u0131kartt\u0131. Bir Allah rahmet eylesin bile diyemedi, laf\u0131 doland\u0131rd\u0131, yar\u0131m a\u011f\u0131zla s\u00f6yledi. \u015eimdi s\u0131n\u0131r devletin namusudur diyorlar, o halde, kendi vatanda\u015f\u0131n\u0131n evini, ma\u011faras\u0131n\u0131, \u0130srailliye, Amerikal\u0131ya izlettirmek bu durumda namusla ba\u011fda\u015f\u0131r m\u0131? Bir de bu adamlar en k\u00f6t\u00fcleri, ilk kaz\u0131\u011f\u0131 da sana atarlar ki att\u0131lar da. O y\u00fczden meseleyi, T\u00fcrk\u00fc ile K\u00fcrd\u00fc ile T\u00fcrkiye vatanda\u015fl\u0131\u011f\u0131 ile kendimiz haletmeliyiz. En \u00f6nce de, 12 Eyl\u00fcl\u2019\u00fc yarg\u0131lamak yerine en sad\u0131k bek\u00e7isi olmaktan vazge\u00e7meliyiz.<\/p>\n<p style=\"text-align: justify;\"><strong>\u2018\u2019AKP TAHTAKALE AYAK\u00c7ISI G\u0130B\u0130 DAVRANIYOR\u2019\u2019\u00a0<\/strong><\/p>\n<p style=\"text-align: justify;\"><strong>Yeni Anaysa ile bir \u015feyler olmaz m\u0131?<\/strong><\/p>\n<p style=\"text-align: justify;\">Bunlar numarad\u0131r. Anaysa de\u011fi\u015fikli\u011fine gerek kalmadan, y\u00fczde 10 baraj\u0131n\u0131 kald\u0131r\u0131rs\u0131n, siyasi partiler yasas\u0131n\u0131, herkesin kat\u0131lmas\u0131n\u0131 sa\u011flayacak \u015fekilde ve lider suntas\u0131na meydan vermeyecek \u015feklide de\u011fi\u015ftirirsin ilk ad\u0131m budur. Bunlar Anayasa de\u011fi\u015fikli\u011fini bile gerektirmiyor. AKP, tam bir Tahtakale ayak\u00e7\u0131s\u0131, herkesi kand\u0131r\u0131r\u0131m zannediyor.<\/p>\n<p style=\"text-align: justify;\"><strong>Uludere, toplumda bir u\u00e7la\u015fma yaratt\u0131 m\u0131?<\/strong><\/p>\n<p style=\"text-align: justify;\">K\u00fcrt akl\u0131 nas\u0131l \u00e7al\u0131\u015f\u0131r bilmem ama bir T\u00fcrk olarak, \u00e7ok utan\u0131yorum, \u00e7ok utan\u0131yorum. \u0130nanlar\u0131, devletten yana da olsa ba\u015ftan su\u00e7lu konumuna koyuyorsun ve \u015fantaja alet ediyorsun. Gayr\u0131 resmi, gayri kanuni bir avantaj sa\u011fl\u0131yorsun, ka\u00e7ak\u00e7\u0131, kozlar elinde bunu yap\u0131yorsun. \u00d6ld\u00fcrd\u00fc\u011f\u00fcnde bile zaten ka\u00e7ak\u00e7\u0131yd\u0131 diyebilece\u011fin bir konumda tutuyorsun. Bu \u015fu demek, ka\u00e7ak\u00e7\u0131l\u0131k yap g\u00f6z yumar\u0131m ama istedi\u011fim zaman i\u00e7eri atar\u0131m, su\u00e7lu konumuna d\u00fc\u015f\u00fcr\u00fcr\u00fcm, \u00f6ld\u00fcrd\u00fc\u011f\u00fcm zaman da i\u015fte \u2018zaten ka\u00e7ak\u00e7\u0131yd\u0131\u2019 derim kozunu elinde tutmakt\u0131r. Ara\u00e7la huzur gelmez, hele insans\u0131z hava arac\u0131yla hi\u00e7 gelmez.<\/p>\n<p style=\"text-align: justify;\"><strong>\u2018\u2019TEMEL \u00d6L\u00c7\u00dcT, SOSYAL\u0130ZM OLMALI\u2019\u2019\u00a0<\/strong><\/p>\n<p style=\"text-align: justify;\"><strong>Ka\u00e7ak\u00e7\u0131l\u0131\u011fa g\u00f6z yuman\u0131n nedeni nedir?<\/strong><\/p>\n<p style=\"text-align: justify;\">Diyarbak\u0131r mesela, Osmanl\u0131\u2019n\u0131n \u00fc\u00e7\u00fcnc\u00fc b\u00fcy\u00fck sanayi kentiydi, \u015fimdi 60\u2019nc\u0131 s\u0131rada. Tarih \u00f6detiyor, Ermeniler vard\u0131, S\u00fcryaniler vard\u0131, insanlar \u00fcretiyordu. Koskoca Osmanl\u0131\u2019n\u0131n \u00fc\u00e7\u00fcnc\u00fc kenti olan Diyarbak\u0131r, daha k\u00fc\u00e7\u00fck olan T\u00fcrkiye\u2019nin 60\u2019nc\u0131 kenti oluyor. Bu tek fakt\u00f6rle a\u00e7\u0131klanmaz, hem emperyalizm var hem T\u00fcrkiye\u2019nin egemeni olmak isteyen askerin, ittihat\u00e7\u0131n\u0131n katilli\u011fi var. O katilli\u011fe g\u00f6n\u00fcll\u00fc kat\u0131lan, K\u00fcrt tak\u0131m\u0131n\u0131n katk\u0131s\u0131 var. Saint Simon derki, \u2018Toplum, emektir\u2019, Cemil Meri\u00e7\u2019te derki, \u2018\u0130lk sosyolog ama ayn\u0131 zamanda ilk sosyalist, Saint Simon\u2019dur\u2019. Toplumun k\u00f6k\u00fc, emek ise toplumu d\u00fczenlerken de al\u0131nacak temel \u00f6l\u00e7\u00fct, sosyalizmdir.<\/p>\n<p style=\"text-align: justify;\"><strong>Sosyalizm, \u00fctopya de\u011fil mi?<\/strong><\/p>\n<p style=\"text-align: justify;\">Hay\u0131r de\u011fil. Sembollerle u\u011fra\u015fmay\u0131n, fiili olarak \u00f6n\u00fcm\u00fcz\u00fc a\u00e7\u0131n, Suriye bayra\u011f\u0131, T\u00fcrkiye bayra\u011f\u0131, PKK bayra\u011f\u0131 at\u0131n gitsin ya da kals\u0131n, ortak i\u015f yap\u0131n.<\/p>\n<p style=\"text-align: justify;\"><a href=\"http:\/\/www.muhalifgazete.com\/29909-Acilim-liberalerin-maskaraligidir.htm\" target=\"_blank\">Kaynak : Safiye I\u015f\u0131kl\u0131 &#8211; Muhalif Gazete<\/a><\/p>\n<p style=\"text-align: justify;\">\n","protected":false},"excerpt":{"rendered":"<p style=\"text-align: center;\">\n<p style=\"text-align: justify;\">Prof Dr.Kadir Cang\u0131zbay, Gazi \u00dcniversitesi \u0130ktisadi ve \u0130dari Bilimler Fak\u00fcltesi \u00d6\u011fretim \u00dcyesi, Birg\u00fcn Gazetesi yazar\u0131. Cang\u0131zbay, \u2018\u2019Bar\u0131\u015f Nerde Kald\u0131\u2019\u2019 r\u00f6portaj dizimizin son konu\u011fu, onun bak\u0131\u015f\u0131 di\u011ferlerinden farkl\u0131. Cang\u0131zbay, do\u011fu\u015ftan var olan haklar\u0131n, yasalarla \u2018verilmesini\u2019 do\u011fru bulmuyor, ona g\u00f6re o zaten var olan bir hakt\u0131r ve yasalarla engellemektir as\u0131l su\u00e7. A\u00e7\u0131l\u0131m <\/p>\n","protected":false},"author":1,"featured_media":0,"comment_status":"open","ping_status":"open","sticky":false,"template":"","format":"standard","meta":{"footnotes":""},"categories":[105],"tags":[],"class_list":["post-47626","post","type-post","status-publish","format-standard","hentry","category-gundem","odd"],"_links":{"self":[{"href":"http:\/\/www.korhanyilmaz.com\/index.php?rest_route=\/wp\/v2\/posts\/47626","targetHints":{"allow":["GET"]}}],"collection":[{"href":"http:\/\/www.korhanyilmaz.com\/index.php?rest_route=\/wp\/v2\/posts"}],"about":[{"href":"http:\/\/www.korhanyilmaz.com\/index.php?rest_route=\/wp\/v2\/types\/post"}],"author":[{"embeddable":true,"href":"http:\/\/www.korhanyilmaz.com\/index.php?rest_route=\/wp\/v2\/users\/1"}],"replies":[{"embeddable":true,"href":"http:\/\/www.korhanyilmaz.com\/index.php?rest_route=%2Fwp%2Fv2%2Fcomments&post=47626"}],"version-history":[{"count":0,"href":"http:\/\/www.korhanyilmaz.com\/index.php?rest_route=\/wp\/v2\/posts\/47626\/revisions"}],"wp:attachment":[{"href":"http:\/\/www.korhanyilmaz.com\/index.php?rest_route=%2Fwp%2Fv2%2Fmedia&parent=47626"}],"wp:term":[{"taxonomy":"category","embeddable":true,"href":"http:\/\/www.korhanyilmaz.com\/index.php?rest_route=%2Fwp%2Fv2%2Fcategories&post=47626"},{"taxonomy":"post_tag","embeddable":true,"href":"http:\/\/www.korhanyilmaz.com\/index.php?rest_route=%2Fwp%2Fv2%2Ftags&post=47626"}],"curies":[{"name":"wp","href":"https:\/\/api.w.org\/{rel}","templated":true}]}}