{"id":47623,"date":"2012-01-24T00:13:52","date_gmt":"2012-01-23T22:13:52","guid":{"rendered":"http:\/\/www.korhanyilmaz.com\/?p=47623"},"modified":"2012-01-25T01:16:04","modified_gmt":"2012-01-24T23:16:04","slug":"90-milletvekili-oy-vermedi","status":"publish","type":"post","link":"http:\/\/www.korhanyilmaz.com\/?p=47623","title":{"rendered":"90 milletvekili oy vermedi"},"content":{"rendered":"<p style=\"text-align: center;\"><a href=\"http:\/\/www.korhanyilmaz.com\/wp-content\/uploads\/2012\/01\/9453.jpg\"  class=\"lightview\"><img loading=\"lazy\" decoding=\"async\" class=\"aligncenter  wp-image-47624\" src=\"http:\/\/www.korhanyilmaz.com\/wp-content\/uploads\/2012\/01\/9453.jpg\" alt=\"\" width=\"396\" height=\"180\" \/><\/a><\/p>\n<p style=\"text-align: justify;\">Cumhurba\u015fkan\u0131 G\u00fcl&#8217;\u00fcn g\u00f6rev s\u00fcresini 7 y\u0131l olarak belirleyen yasa, AKP\u2019de teredd\u00fct yaratt\u0131. 90 vekil oylamaya kat\u0131lmad\u0131. Yasa iptal edilirse sorun b\u00fcy\u00fcyecek.<\/p>\n<p style=\"text-align: justify;\">ANKARA &#8211; Cumhurba\u015fkan\u0131 Abdullah G\u00fcl&#8217;\u00fcn g\u00f6rev s\u00fcresini 7 y\u0131l olarak belirleyen yasa, iktidar partisinde teredd\u00fctlere yol a\u00e7t\u0131. 90 AKP milletvekili oylamaya kat\u0131lmazken, Anayasan\u0131n yasayla de\u011fi\u015ftirilemeyece\u011fini savunuluyor. Anayasa mahkemesi yasay\u0131 iptal ederse yeni sorunlar ya\u015fanacak.\u00a0<!--more--><\/p>\n<p style=\"text-align: justify;\">Cumhurba\u015fkanl\u0131\u011f\u0131 Se\u00e7imi kanun tasar\u0131s\u0131 ge\u00e7en hafta TBMM\u2019de g\u00f6r\u00fc\u015f\u00fclerek kabul edildi. Muhalefetin kar\u015f\u0131 oldu\u011fu tasar\u0131ya AKP\u2019den 234 kabul oyu geldi. 326 milletvekili bulunan AKP, TBMM Ba\u015fkan\u0131 ve birle\u015fimi y\u00f6neten ba\u015fkanvekili \u00e7\u0131kar\u0131l\u0131nca 90 fire verdi.<\/p>\n<p style=\"text-align: justify;\">Yeni yasaya g\u00f6re G\u00fcl&#8217;\u00fcn g\u00f6rev s\u00fcresi ge\u00e7ici maddeyle 7 y\u0131l oldu. G\u00fcl dahil \u00f6nceki cumhurba\u015fkanlar\u0131, 2. kez aday olamayacak. 2014\u2019de, Cumhurba\u015fkan\u0131n\u0131 5 y\u0131ll\u0131\u011f\u0131na halk se\u00e7ecek. Bir ki\u015fi, en fazla iki kez cumhurba\u015fkan\u0131 olabilecek.<\/p>\n<p style=\"text-align: justify;\"><strong>\u0130PTAL GEL\u0130RSE ORTALIK KARI\u015eIR<\/strong><\/p>\n<p style=\"text-align: justify;\">Yasan\u0131n kabul\u00fc sonras\u0131 Cumhurba\u015fkan\u0131 G\u00fcl\u2019\u00fcn \u2018\u2019CHP herhalde Anayasa mahkemesine gidecektir\u2019\u2019 bi\u00e7imindeki a\u00e7\u0131klamas\u0131 manidar bulundu. Ankara kulislerinde \u015fu yorum yap\u0131l\u0131yor:<\/p>\n<p style=\"text-align: justify;\">\u2018\u2019Say\u0131n G\u00fcl, konu kendiyle ilgili oldu\u011fu i\u00e7in ve (Be\u015f y\u0131l daha kalmak istiyor) tart\u0131\u015fmas\u0131 yap\u0131lmamas\u0131 i\u00e7in yasay\u0131 onaylayaca\u011f\u0131n\u0131n da sinyalini verdi. \u00c7\u00fcnk\u00fc veto edecek olsa, CHP\u2019nin Anayasa mahkemesine gitmesine de gerek kalmaz. CHP\u2019nin iptal davas\u0131 a\u00e7mas\u0131 y\u00f6n\u00fcnde verdi\u011fi mesaj da anlaml\u0131. Bu durumda yasan\u0131n Anayasaya ayk\u0131r\u0131l\u0131\u011f\u0131 konusu g\u00fcndeme geliyor. Anayasa, yasa ile de\u011fi\u015ftirildi. Belli \u015fartlar\u0131 ta\u015f\u0131yan t\u00fcm vatanda\u015flara adayl\u0131k yolu a\u00e7\u0131l\u0131rken, \u00fc\u00e7 ki\u015fiye aday olamazs\u0131n deniyor. Bu da kanunlar \u00f6n\u00fcnde e\u015fitlik ilkesine ayk\u0131r\u0131\u2019\u2019<\/p>\n<p style=\"text-align: justify;\"><strong>TOP YSK\u2019YA GE\u00c7ER<\/strong><\/p>\n<p style=\"text-align: justify;\">CHP bu yasa i\u00e7in 60 g\u00fcn i\u00e7inde iptal davas\u0131 a\u00e7acak. Anayasa mahkemesinin iptal karar\u0131 vermesi durumunda ise i\u015fler kar\u0131\u015facak. Mahkeme \u2018\u2019Yasa ile Anayasa de\u011fi\u015fmez\u2019\u2019 derse bu kez Meclis\u2019in Anayasa de\u011fi\u015fikli\u011fi yap\u0131p, kanuni d\u00fczenlemeyi bir ge\u00e7ici madde ile Anayasaya koymas\u0131 gerekiyor.<\/p>\n<p style=\"text-align: justify;\">Ancak bunun i\u00e7in de AKP\u2019nin oyu yetmiyor ve en az 5 muhalefet milletvekilinin deste\u011fini almas\u0131 gerekiyor. 330 oy bulunsa dahi bu kez referandum gerekiyor. D\u00fczenleme yap\u0131lamazsa top YSK\u2019ya ge\u00e7ecek ve \u00c7ankaya\u2019n\u0131n kaderine ve se\u00e7imin ne zaman yap\u0131laca\u011f\u0131na, YSK karar verecek.<\/p>\n<p style=\"text-align: justify;\"><a href=\"http:\/\/www.gazeteport.com.tr\/haber\/75183\/90_milletvekili_oy_vermedi\" target=\"_blank\">Kaynak : GAZETEPORT<\/a><\/p>\n","protected":false},"excerpt":{"rendered":"<p style=\"text-align: center;\">\n<p style=\"text-align: justify;\">Cumhurba\u015fkan\u0131 G\u00fcl&#8217;\u00fcn g\u00f6rev s\u00fcresini 7 y\u0131l olarak belirleyen yasa, AKP\u2019de teredd\u00fct yaratt\u0131. 90 vekil oylamaya kat\u0131lmad\u0131. Yasa iptal edilirse sorun b\u00fcy\u00fcyecek.<\/p>\n<p style=\"text-align: justify;\">ANKARA &#8211; Cumhurba\u015fkan\u0131 Abdullah G\u00fcl&#8217;\u00fcn g\u00f6rev s\u00fcresini 7 y\u0131l olarak belirleyen yasa, iktidar partisinde teredd\u00fctlere yol a\u00e7t\u0131. 90 AKP milletvekili oylamaya kat\u0131lmazken, Anayasan\u0131n yasayla de\u011fi\u015ftirilemeyece\u011fini savunuluyor. Anayasa <\/p>\n","protected":false},"author":1,"featured_media":0,"comment_status":"open","ping_status":"open","sticky":false,"template":"","format":"standard","meta":{"footnotes":""},"categories":[105],"tags":[],"class_list":["post-47623","post","type-post","status-publish","format-standard","hentry","category-gundem","odd"],"_links":{"self":[{"href":"http:\/\/www.korhanyilmaz.com\/index.php?rest_route=\/wp\/v2\/posts\/47623","targetHints":{"allow":["GET"]}}],"collection":[{"href":"http:\/\/www.korhanyilmaz.com\/index.php?rest_route=\/wp\/v2\/posts"}],"about":[{"href":"http:\/\/www.korhanyilmaz.com\/index.php?rest_route=\/wp\/v2\/types\/post"}],"author":[{"embeddable":true,"href":"http:\/\/www.korhanyilmaz.com\/index.php?rest_route=\/wp\/v2\/users\/1"}],"replies":[{"embeddable":true,"href":"http:\/\/www.korhanyilmaz.com\/index.php?rest_route=%2Fwp%2Fv2%2Fcomments&post=47623"}],"version-history":[{"count":0,"href":"http:\/\/www.korhanyilmaz.com\/index.php?rest_route=\/wp\/v2\/posts\/47623\/revisions"}],"wp:attachment":[{"href":"http:\/\/www.korhanyilmaz.com\/index.php?rest_route=%2Fwp%2Fv2%2Fmedia&parent=47623"}],"wp:term":[{"taxonomy":"category","embeddable":true,"href":"http:\/\/www.korhanyilmaz.com\/index.php?rest_route=%2Fwp%2Fv2%2Fcategories&post=47623"},{"taxonomy":"post_tag","embeddable":true,"href":"http:\/\/www.korhanyilmaz.com\/index.php?rest_route=%2Fwp%2Fv2%2Ftags&post=47623"}],"curies":[{"name":"wp","href":"https:\/\/api.w.org\/{rel}","templated":true}]}}