{"id":47619,"date":"2012-01-24T14:45:26","date_gmt":"2012-01-24T12:45:26","guid":{"rendered":"http:\/\/www.korhanyilmaz.com\/?p=47619"},"modified":"2012-01-25T01:10:42","modified_gmt":"2012-01-24T23:10:42","slug":"artik-eskisi-gibi-olmaz","status":"publish","type":"post","link":"http:\/\/www.korhanyilmaz.com\/?p=47619","title":{"rendered":"Art\u0131k eskisi gibi olmaz"},"content":{"rendered":"<p style=\"text-align: center;\"><a href=\"http:\/\/www.korhanyilmaz.com\/wp-content\/uploads\/2012\/01\/9452.jpg\"  class=\"lightview\"><img loading=\"lazy\" decoding=\"async\" class=\"aligncenter  wp-image-47620\" src=\"http:\/\/www.korhanyilmaz.com\/wp-content\/uploads\/2012\/01\/9452.jpg\" alt=\"\" width=\"396\" height=\"180\" \/><\/a><\/p>\n<p style=\"text-align: justify;\">Cumhurba\u015fkan\u0131 Abdullah G\u00fcl, \u201c\u0130nkar yasas\u0131\u201dn\u0131n Frans\u0131z Senatosu\u2019nda kabul edilmesini de\u011ferlendirdi. G\u00fcl, tasar\u0131y\u0131 k\u0131nad\u0131\u011f\u0131n\u0131 belirterek, h\u00fck\u00fcmetin ald\u0131\u011f\u0131 tedbirlerin kararl\u0131l\u0131kla uygulanaca\u011f\u0131n\u0131 ve bundan sonra T\u00fcrkiye-Fransa ili\u015fkilerinin eskisi gibi olmayaca\u011f\u0131n\u0131 vurgulad\u0131. Cumhurba\u015fkan\u0131 G\u00fcl, 60 senat\u00f6r\u00fcn tasar\u0131y\u0131 Anayasa Mahkemesi\u2019ne ta\u015f\u0131malar\u0131 y\u00f6n\u00fcnde ki beklentilerini de dile getirdi.\u00a0<!--more--><\/p>\n<p style=\"text-align: justify;\">ANKARA \u2013 Cumhurba\u015fkan\u0131 Abdullah G\u00fcl, \u201c\u0130nkar yasas\u0131\u201dn\u0131n Frans\u0131z Senatosu\u2019nda kabul edilmesini de\u011ferlendirdi. G\u00fcl, tasar\u0131y\u0131 k\u0131nad\u0131\u011f\u0131n\u0131 belirterek, h\u00fck\u00fcmetin ald\u0131\u011f\u0131 tedbirlerin kararl\u0131l\u0131kla uygulanaca\u011f\u0131n\u0131 ve bundan sonra T\u00fcrkiye-Fransa ili\u015fkilerinin eskisi gibi olmayaca\u011f\u0131n\u0131 vurgulad\u0131. Cumhurba\u015fkan\u0131 G\u00fcl, 60 senat\u00f6r\u00fcn tasar\u0131y\u0131 Anayasa Mahkemesi\u2019ne ta\u015f\u0131malar\u0131 y\u00f6n\u00fcnde ki beklentilerini de dile getirdi.<\/p>\n<p style=\"text-align: justify;\">Cumhurba\u015fkan\u0131 G\u00fcl, Laos Demokratik Cumhuriyeti B\u00fcy\u00fckel\u00e7isi Yong Chantalangsy\u2019in g\u00fcven mektubu sundu\u011fu programda sorular\u0131 yan\u0131tlad\u0131.<\/p>\n<p style=\"text-align: justify;\">Frans\u0131z Senatosu\u2019nda kabul edilen \u201cinkar yasas\u0131\u201dna ili\u015fkin bir soruyu yan\u0131tlayan G\u00fcl, Senato\u2019da al\u0131nan karar\u0131 esefle k\u0131nad\u0131\u011f\u0131n\u0131n alt\u0131n\u0131 \u00e7izdi. G\u00fcl, \u201cFransa gibi Avrupa\u2019n\u0131n \u00f6nemli bir \u00fclkesi d\u00fcnden itibaren ifade \u00f6zg\u00fcrl\u00fc\u011f\u00fcn\u00fc k\u0131s\u0131tlayan, \u00f6zg\u00fcr bilimsel \u00e7al\u0131\u015fmalar\u0131 k\u0131s\u0131tlayan \u00fclkeler kategorisine girmi\u015ftir, gayet a\u00e7\u0131kt\u0131r\u201d dedi. G\u00fcl s\u00f6zlerine \u015f\u00f6yle devam etti:<\/p>\n<p style=\"text-align: justify;\">\u201c\u00c7ok daha \u00fcz\u00fcc\u00fc ve k\u00f6t\u00fc yan\u0131 \u015fu ki bir se\u00e7im yat\u0131r\u0131m\u0131 olarak bunun yap\u0131lmas\u0131 b\u00f6yle uluslar aras\u0131 bir konuda, b\u00f6yle \u00f6nemli bir konuda bunu se\u00e7ime 5 kala yap\u0131lmas\u0131 tamamen bir se\u00e7im yat\u0131r\u0131m\u0131 \u015feklinde yap\u0131lmas\u0131, Fransa gibi b\u00fcy\u00fck bir \u00fclkeyi ger\u00e7ekten \u00e7ok k\u00fc\u00e7\u00fclt\u00fcc\u00fc bir davran\u0131\u015ft\u0131r.<\/p>\n<p style=\"text-align: justify;\">Senatonun \u0130htisas Komisyonu, Anayasa Komisyonu yani bunun Anayasa\u2019ya ayk\u0131r\u0131 oldu\u011funu s\u00f6ylemi\u015fti. \u00dcmit ederim ki 60 senat\u00f6r Frans\u0131z demokrasisi \u00fczerindeki bu g\u00f6lgeyi kald\u0131rmak i\u00e7in Anayasa Mahkemesi\u2019ne m\u00fcracaat ederler. Ba\u015fka bir ger\u00e7ekte \u015fu; Frans\u0131zlar \u20182001 y\u0131l\u0131nda Meclis\u2019ten b\u00f6yle bir yasa ge\u00e7ti bir \u015fey de\u011fi\u015fmedi\u2019 diyorlar. Bunun b\u00fct\u00fcn T\u00fcrk halk\u0131n\u0131n zihninde \u00e7ok kal\u0131c\u0131 bir iz b\u0131rakaca\u011f\u0131n\u0131 unutmamalar\u0131 gerekir. \u0130\u015flerin e\u011fer Anayasa Mahkemesi\u2019ne gitmesi kesinle\u015firse T\u00fcrk-Frans\u0131z ili\u015fkilerinin bundan sonra \u00e7ok farkl\u0131 boyutlarda olaca\u011f\u0131 a\u00e7\u0131k ve kesin bir \u015fey. Dolay\u0131s\u0131yla ger\u00e7ekten tekrar k\u0131n\u0131yorum. B\u00f6yle bir \u00fclkeye hi\u00e7 yak\u0131\u015ft\u0131ramad\u0131m. Muhakkak ki h\u00fck\u00fcmetimizin alaca\u011f\u0131 tedbirler de gayet kat\u0131 ve kesin bir \u015fekilde uygulanacakt\u0131r. Bundan da kimsenin \u015f\u00fcphesi olmas\u0131n.\u201d<\/p>\n<p style=\"text-align: justify;\"><strong>60 SENAT\u00d6RE MESAJ<\/strong><\/p>\n<p style=\"text-align: justify;\">Cumhurba\u015fkan\u0131 G\u00fcl, bas\u0131n mensuplar\u0131n\u0131n Sarkozy\u2019nin daha \u00f6nce telefonlar\u0131na \u00e7\u0131kamamas\u0131n\u0131 hat\u0131rlatmas\u0131 ve kendisinin Fransa\u2019ya kar\u015f\u0131 tavr\u0131n\u0131n ne olaca\u011f\u0131 y\u00f6n\u00fcndeki sorusuna ise, \u201cD\u00fcnden itibaren T\u00fcrk-Frans\u0131z ili\u015fkileri \u00e7ok farkl\u0131 mecrada olacakt\u0131r bundan sonra. Bu \u00e7ok derin bir iz b\u0131rakacakt\u0131r ve derin bir darbe vuracakt\u0131r. \u00dcmit ederim ki bunun yanl\u0131\u015f oldu\u011funu g\u00f6ren en az 60 senat\u00f6r \u00e7\u0131kar ve \u0130htisas Komisyonu\u2019nun da i\u015faret etti\u011fi \u00e7er\u00e7evede bunu Anayasa Mahkemesi\u2019ne g\u00f6t\u00fcr\u00fcr\u201d yan\u0131t\u0131n\u0131 verdi.<\/p>\n<p style=\"text-align: justify;\"><a href=\"http:\/\/www.gazeteport.com.tr\/haber\/75340\/artik_eskisi_gibi_olmaz\" target=\"_blank\">Kaynak : GAZETEPORT<\/a><\/p>\n","protected":false},"excerpt":{"rendered":"<p style=\"text-align: center;\">\n<p style=\"text-align: justify;\">Cumhurba\u015fkan\u0131 Abdullah G\u00fcl, \u201c\u0130nkar yasas\u0131\u201dn\u0131n Frans\u0131z Senatosu\u2019nda kabul edilmesini de\u011ferlendirdi. G\u00fcl, tasar\u0131y\u0131 k\u0131nad\u0131\u011f\u0131n\u0131 belirterek, h\u00fck\u00fcmetin ald\u0131\u011f\u0131 tedbirlerin kararl\u0131l\u0131kla uygulanaca\u011f\u0131n\u0131 ve bundan sonra T\u00fcrkiye-Fransa ili\u015fkilerinin eskisi gibi olmayaca\u011f\u0131n\u0131 vurgulad\u0131. Cumhurba\u015fkan\u0131 G\u00fcl, 60 senat\u00f6r\u00fcn tasar\u0131y\u0131 Anayasa Mahkemesi\u2019ne ta\u015f\u0131malar\u0131 y\u00f6n\u00fcnde ki beklentilerini de dile getirdi. <\/p>\n","protected":false},"author":1,"featured_media":0,"comment_status":"open","ping_status":"open","sticky":false,"template":"","format":"standard","meta":{"footnotes":""},"categories":[105],"tags":[],"class_list":["post-47619","post","type-post","status-publish","format-standard","hentry","category-gundem","odd"],"_links":{"self":[{"href":"http:\/\/www.korhanyilmaz.com\/index.php?rest_route=\/wp\/v2\/posts\/47619","targetHints":{"allow":["GET"]}}],"collection":[{"href":"http:\/\/www.korhanyilmaz.com\/index.php?rest_route=\/wp\/v2\/posts"}],"about":[{"href":"http:\/\/www.korhanyilmaz.com\/index.php?rest_route=\/wp\/v2\/types\/post"}],"author":[{"embeddable":true,"href":"http:\/\/www.korhanyilmaz.com\/index.php?rest_route=\/wp\/v2\/users\/1"}],"replies":[{"embeddable":true,"href":"http:\/\/www.korhanyilmaz.com\/index.php?rest_route=%2Fwp%2Fv2%2Fcomments&post=47619"}],"version-history":[{"count":0,"href":"http:\/\/www.korhanyilmaz.com\/index.php?rest_route=\/wp\/v2\/posts\/47619\/revisions"}],"wp:attachment":[{"href":"http:\/\/www.korhanyilmaz.com\/index.php?rest_route=%2Fwp%2Fv2%2Fmedia&parent=47619"}],"wp:term":[{"taxonomy":"category","embeddable":true,"href":"http:\/\/www.korhanyilmaz.com\/index.php?rest_route=%2Fwp%2Fv2%2Fcategories&post=47619"},{"taxonomy":"post_tag","embeddable":true,"href":"http:\/\/www.korhanyilmaz.com\/index.php?rest_route=%2Fwp%2Fv2%2Ftags&post=47619"}],"curies":[{"name":"wp","href":"https:\/\/api.w.org\/{rel}","templated":true}]}}