{"id":47611,"date":"2012-01-24T13:34:17","date_gmt":"2012-01-24T11:34:17","guid":{"rendered":"http:\/\/www.korhanyilmaz.com\/?p=47611"},"modified":"2012-01-25T00:40:57","modified_gmt":"2012-01-24T22:40:57","slug":"kervani-yolda-duzme-cumhuriyeti","status":"publish","type":"post","link":"http:\/\/www.korhanyilmaz.com\/?p=47611","title":{"rendered":"Kervan\u0131 yolda d\u00fczme cumhuriyeti"},"content":{"rendered":"<div id=\"attachment_47612\" style=\"width: 110px\" class=\"wp-caption alignright\"><img loading=\"lazy\" decoding=\"async\" aria-describedby=\"caption-attachment-47612\" class=\" wp-image-47612 \" title=\"C\u00fcneyt \u00dclsever\" src=\"http:\/\/www.korhanyilmaz.com\/wp-content\/uploads\/2012\/01\/9451.jpg\" alt=\"\" width=\"100\" height=\"118\" \/><p id=\"caption-attachment-47612\" class=\"wp-caption-text\">C\u00fcneyt \u00dclsever<\/p><\/div>\n<p style=\"text-align: justify;\">\u201c<strong>Kervan yolda d\u00fcz\u00fcl\u00fcr<\/strong>\u201d.<\/p>\n<p style=\"text-align: justify;\">\u201c<strong>T\u00fcrk\u00fcn akl\u0131 ya ka\u00e7arken, ya def-i hacet s\u0131ras\u0131nda ba\u015f\u0131na gelir.<\/strong>\u201d<\/p>\n<p style=\"text-align: justify;\">\u201c<strong>Yumurta kap\u0131ya gelmeden&#8230;<\/strong>\u201d<\/p>\n<p style=\"text-align: justify;\">***<\/p>\n<p style=\"text-align: justify;\">Yukar\u0131da al\u0131nt\u0131lad\u0131\u011f\u0131m s\u00f6zler T\u00fcrkler taraf\u0131ndan T\u00fcrkler i\u00e7in yak\u0131\u015ft\u0131r\u0131lm\u0131\u015f ve \u00e7o\u011funlukla da genel kabul g\u00f6rm\u00fc\u015f s\u00f6zlerdir.<\/p>\n<p style=\"text-align: justify;\">\u0130stisnalardan \u00f6z\u00fcr dilerim.<\/p>\n<p style=\"text-align: justify;\">Ben de bir \u00e7o\u011fu gibi gazetecilik hayat\u0131m\u0131 siyasilerimizin \u201c<strong>uzun vadeli stratejilerini<\/strong>\u201d \u00e7\u00f6zmeye adad\u0131m ama nerede ise hep \u015fi\u015ftim. Bizim siyasilerimiz \u201c<strong>yumurta kap\u0131ya gelmeden<\/strong>\u201d tav\u0131r alamayan ki\u015filer. Demirel\u2019i de, \u00d6zal\u2019\u0131 da, Erdo\u011fan\u2019\u0131 da \u201c<strong>stratejiden<\/strong>\u201d ziyade, olsa olsa i\u00e7inde bulunulan ahval ve \u015fart ile \u015fekillenen \u201c<strong>taktiklere<\/strong>\u201d ba\u015f vuruyorlar.\u00a0<!--more--><\/p>\n<p style=\"text-align: justify;\"><strong>Bizde taktik ustalar\u0131na lider deniyor.\u00a0<\/strong><\/p>\n<p style=\"text-align: justify;\"><strong>Bu \u00fclkede siyasi alanda hemen hemen kimse uzun vadeli plan\/program \u00fcret(e)miyor.\u00a0<\/strong><\/p>\n<p style=\"text-align: justify;\">Birka\u00e7 \u00f6rne\u011fe g\u00f6z atal\u0131m:<\/p>\n<p style=\"text-align: justify;\">***<\/p>\n<p style=\"text-align: justify;\"><strong>1)<\/strong> Dilimde t\u00fcy bitti, \u00f6nden ka\u00e7 defa uyard\u0131m. <strong>Ahmet Davuto\u011flu<\/strong>\u2019nun kibir dolu tavr\u0131 ile hayata ge\u00e7irmeye \u00e7al\u0131\u015ft\u0131\u011f\u0131 <strong>r\u00fcyalar\u0131<\/strong> birer <strong>kabus<\/strong> olarak zuhur etti.<\/p>\n<p style=\"text-align: justify;\">Kendisi gelmi\u015f ge\u00e7mi\u015f en ba\u015far\u0131s\u0131z d\u0131\u015f i\u015fleri bakan\u0131d\u0131r.<\/p>\n<p style=\"text-align: justify;\">Ortado\u011fu\u2019nun \u201c<strong>s\u0131f\u0131r sorunlu<\/strong>\u201d lideri olmaya \u00e7al\u0131\u015f\u0131rken, t\u00fcm kom\u015fular\u0131m\u0131z ile \u201c<strong>pi\u015fti<\/strong>\u201d olduk. D\u0131\u015f politikam\u0131z en <strong>mon\u015fer<\/strong> d\u00f6neminden beter <strong>ABD<\/strong>\u2019nin kuca\u011f\u0131na oturdu.<\/p>\n<p style=\"text-align: justify;\">Kimsenin bizi ciddiye almad\u0131\u011f\u0131 d\u00fcnya bas\u0131n\u0131nda art\u0131k a\u00e7\u0131k se\u00e7ik yaz\u0131l\u0131yor.<\/p>\n<p style=\"text-align: justify;\">Irak\u2019la, Suriye ile \u201c<strong>t\u00fc kaka<\/strong>\u201dy\u0131z. \u015eimdi de \u0130ran\u2019a ambargo s\u00f6z konusu. AB 1 Temmuz\u2019dan \u00f6nce \u0130ran\u2019dan yapt\u0131\u011f\u0131 t\u00fcm petrol ithalat\u0131n\u0131 durduraca\u011f\u0131n\u0131 s\u00f6yl\u00fcyor. H\u00fcrm\u00fcz Bo\u011faz\u0131\u2019nda u\u00e7ak gemileri kol gezmeye ba\u015flad\u0131. S\u0131cak \u00e7at\u0131\u015fma ihtimalinin b\u00fct\u00fcn belirtileri ortada.<\/p>\n<p style=\"text-align: justify;\">Ama gelin g\u00f6r\u00fcn ki; kimse meseleyi tart\u0131\u015fm\u0131yor. Fransa\u2019n\u0131n abuk karar\u0131 i\u00e7in kendi kendimize ba\u011f\u0131r\u0131p \u00e7a\u011fr\u0131yoruz ama hemen dibimizin d\u00fcnyan\u0131n ate\u015fledi\u011fi yang\u0131n alan\u0131na d\u00f6nme ihtimalinin bu kadar artt\u0131\u011f\u0131 bir d\u00f6nemde T\u00fcrkiye\u2019de hi\u00e7bir siyasi k\u0131l\u0131n\u0131 k\u0131p\u0131rdatm\u0131yor.<\/p>\n<p style=\"text-align: justify;\">Kimse Davuto\u011flu\u2019na \u201c<strong>BMGK\u2019da \u0130ran\u2019a uygulanacak ambargoya \u2018hay\u0131r!\u2019 dedin. Suriye\u2019ye yapt\u0131\u011f\u0131n gibi AB\u2019ye de \u00e7eki d\u00fczen verecekmisin?<\/strong>\u201d,diye sormuyor.<\/p>\n<p style=\"text-align: justify;\">Her konuyu herkesten iyi bilen Davuto\u011flu da \u0130ran\u2019la ilgili \u015fu ana dek herhangi bir kelam etmedi. Sadece son \u0130ran seyehati kimsenin y\u00fcz\u00fcne bakmad\u0131\u011f\u0131 bir fiyasko oldu.<\/p>\n<p style=\"text-align: justify;\">Davuto\u011flu halen ABD\u2019li meslekta\u015f\u0131 han\u0131mefendinin talimatlar\u0131n\u0131 bekliyor!<\/p>\n<p style=\"text-align: justify;\">***<\/p>\n<p style=\"text-align: justify;\"><strong>2)<\/strong> Her sene \u201c<strong>Ermeni meselesi<\/strong>\u201d \u00f6n\u00fcm\u00fcze gelir. Her sene \u201c<strong>meseleyi<\/strong>\u201d ge\u00e7i\u015ftiririz. Daha do\u011frusu ge\u00e7i\u015ftirdi\u011fimizi zannediyorduk. Bu sene <strong>Fransa<\/strong> fena ge\u00e7irdi. Ba\u015fbakan da Fransa\u2019ya \u201c<strong>bir daha gelmem<\/strong>\u201d dedi. Frans\u0131zlar kahroldu!<\/p>\n<p style=\"text-align: justify;\">Fransa\u2019n\u0131n \u201c<strong>d\u00fc\u015f\u00fcnce \u00f6zg\u00fcrl\u00fc\u011f\u00fc<\/strong>\u201dn\u00fc katleden karar\u0131na ba\u011f\u0131r\u0131p \u00e7a\u011fr\u0131yoruz, her \u015feyi <strong>Sarkozy\u2019<\/strong>nin \u00fczerine y\u0131k\u0131yoruz ama kimse Avrupa\u2019n\u0131n ta\u015f\u0131d\u0131\u011f\u0131n\u0131 iddia etti\u011fi <strong>\u00f6zg\u00fcrl\u00fck me\u015falesine<\/strong> ayk\u0131r\u0131 bu karar i\u00e7in hi\u00e7 ses \u00e7\u0131karmamas\u0131na parmak basm\u0131yor. Sarkozy\u2019nin \u00f6n ald\u0131\u011f\u0131 bu karar\u0131n AB\u2019de i\u00e7tihat yaratma ihtimalini hi\u00e7 konu\u015fmuyoruz.<\/p>\n<p style=\"text-align: justify;\">Fransa\u2019n\u0131n bu abuk karar\u0131n\u0131n belki de <strong>2015<\/strong> \u00f6ncesi <strong>T\u00fcrkiye Cumhuriyeti<\/strong>\u2019ne yap\u0131lan son ama en \u00f6nemli uyar\u0131 oldu\u011funu g\u00f6rmezden geliyoruz.<\/p>\n<p style=\"text-align: justify;\">Birleri \u201c<strong>yumurta kap\u0131ya gelmeden sen de bir \u015feyler yap!<\/strong>\u201d diyor!<\/p>\n<p style=\"text-align: justify;\">Duymazdan geliyoruz.<\/p>\n<p style=\"text-align: justify;\">Halbuki, esas yap\u0131lmas\u0131 gerekenin T\u00fcrkiye\u2019nin kendi kendisi ile y\u00fczle\u015fmesi oldu\u011funu akl\u0131 selim sahibi herkes, seslendirmese de, biliyor.<\/p>\n<p style=\"text-align: justify;\">Sa\u011f olsun, belki de y\u00fcre\u011fi yand\u0131\u011f\u0131 i\u00e7in <strong>Orhan Dink<\/strong> seslendirdi.<\/p>\n<p style=\"text-align: justify;\">Ad\u0131nda anla\u015famasak da art\u0131k varl\u0131\u011f\u0131n\u0131 inkar edemedi\u011fimiz \u201c<strong>Ermeni meselesi<\/strong>\u201dni TBMM\u2019nin ele almas\u0131 ve d\u00fcnyada genel kabul g\u00f6recek bir ara\u015ft\u0131rma yapmas\u0131 tek \u00e7\u0131k\u0131\u015f yolumuz.<\/p>\n<p style=\"text-align: justify;\">21. y\u00fczy\u0131lda olan\u0131 olmam\u0131\u015f gibi g\u00f6rmekten vaz ge\u00e7mek zorunday\u0131z!<\/p>\n<p style=\"text-align: justify;\">***<\/p>\n<p style=\"text-align: justify;\"><strong>3)<\/strong> Belki bu sene, belki de son \u015fekli ile en ge\u00e7 2014\u2019de <strong>Cumhurba\u015fkan\u0131<\/strong>\u2019n\u0131 tarihimizde ilk kez \u201c<strong>halk<\/strong>\u201d se\u00e7ecek.<\/p>\n<p style=\"text-align: justify;\"><strong>B\u00f6ylelikle de, istesek de istemesek de, rejim de\u011fi\u015fecek!\u00a0<\/strong><\/p>\n<p style=\"text-align: justify;\"><strong>Parlamenter demokrasi rafa kalkacak!\u00a0<\/strong><\/p>\n<p style=\"text-align: justify;\">Karar\u0131 2007\u2019de ald\u0131k. 5 sene k\u0131l\u0131m\u0131z k\u0131p\u0131rdamad\u0131. Zaten, Cumhurba\u015fkan\u0131\u2019n\u0131n halk\u0131n se\u00e7mesi karar\u0131 sadece ve sadece abuk bir inatla\u015fman\u0131n sonucu idi. Kimse ard\u0131n\u0131 \u00f6n\u00fcn\u00fc d\u00fc\u015f\u00fcnmemi\u015fti. \u201c<strong>Milletin karar\u0131 ba\u015f \u00fcst\u00fcne dedik<\/strong>\u201d ama karara \u00f6nayak olan <strong>AKP<\/strong> arada ge\u00e7en koskoca 5 sene gerekli de\u011fi\u015fiklikler i\u00e7in hi\u00e7bir \u015fey yapmad\u0131. \u201c<strong>Se\u00e7im 2014\u2019de<\/strong>\u201d karar\u0131 sadece ve sadece <strong>Erdo\u011fan<\/strong> ile <strong>G\u00fcl<\/strong> aras\u0131ndaki iti\u015fmede Erdo\u011fanc\u0131lar\u0131n G\u00fclc\u00fclere att\u0131\u011f\u0131 bir kaz\u0131kt\u0131r.<\/p>\n<p style=\"text-align: justify;\">Hala, yeni rejimin ad\u0131 konmam\u0131\u015ft\u0131r.<\/p>\n<p style=\"text-align: justify;\">Sadece bir Bakan hi\u00e7bir \u00e7al\u0131\u015fma yapmadan:<\/p>\n<p style=\"text-align: justify;\">\u201c<strong>Parlamenter demokrasi+cumhurba\u015fkan\u0131n\u0131n halk taraf\u0131ndan se\u00e7imi = yar\u0131 ba\u015fkanl\u0131k rejimidir<\/strong>\u201d demi\u015ftir.<\/p>\n<p style=\"text-align: justify;\">Kimse, \u201c<strong>sen bunu hangi \u00e7al\u0131\u015fmaya dayanarak s\u00f6yl\u00fcyorsun?<\/strong>\u201d diye kendisine sormad\u0131.<\/p>\n<p style=\"text-align: justify;\">Bakan\u2019\u0131n Erdo\u011fan\u2019\u0131 Ba\u015fkan yapmak i\u00e7in manevra yapt\u0131\u011f\u0131n\u0131, esas\u0131nda \u201c<strong>anayasay\u0131, ilgili kanunlar\u0131 de\u011fi\u015ftirmeye gerek yok, Erdo\u011fan ne derse o olacak<\/strong>\u201d,dedi\u011fini kimse y\u00fcz\u00fcne vurmad\u0131.<\/p>\n<p style=\"text-align: justify;\">Bir \u00fclke 2007\u2019de rejimini de\u011fi\u015ftirmeye karar veriyor ama 2012\u2019ye dek kimsenin k\u0131l\u0131 k\u0131p\u0131rdam\u0131yor.<\/p>\n<p style=\"text-align: justify;\"><strong>B\u00f6yle bir \u00fclkeye ne denir?\u00a0<\/strong><\/p>\n<p style=\"text-align: justify;\"><strong>a)<\/strong> Kervan yolda d\u00fcz\u00fcl\u00fcr cumhuriyeti.<\/p>\n<p style=\"text-align: justify;\"><strong>b)<\/strong> Ya ka\u00e7arken, ya def-i hacet s\u0131ras\u0131nda akl\u0131 ba\u015f\u0131na gelenlerin \u00fclkesi.<\/p>\n<p style=\"text-align: justify;\"><strong>c)<\/strong> Yumurta kap\u0131ya gelmeden k\u0131l\u0131n\u0131 k\u0131prdatmayanlar diyar\u0131.<\/p>\n<p style=\"text-align: justify;\"><strong>d)<\/strong> Hepsi birden.<\/p>\n<p style=\"text-align: justify;\">Se\u00e7im sizin!<\/p>\n<p style=\"text-align: justify;\"><a href=\"http:\/\/www.odatv.com\/n.php?n=kervani-yolda-duzme-cumhuriyeti-2401121200\" target=\"_blank\">Kaynak : Dr. C\u00fcneyt \u00dclsever &#8211; \u00a0Odatv.com<\/a><\/p>\n","protected":false},"excerpt":{"rendered":"<p id=\"caption-attachment-47612\" class=\"wp-caption-text\">C\u00fcneyt \u00dclsever<\/p>\n<p style=\"text-align: justify;\">\u201cKervan yolda d\u00fcz\u00fcl\u00fcr\u201d.<\/p>\n<p style=\"text-align: justify;\">\u201cT\u00fcrk\u00fcn akl\u0131 ya ka\u00e7arken, ya def-i hacet s\u0131ras\u0131nda ba\u015f\u0131na gelir.\u201d<\/p>\n<p style=\"text-align: justify;\">\u201cYumurta kap\u0131ya gelmeden&#8230;\u201d<\/p>\n<p style=\"text-align: justify;\">***<\/p>\n<p style=\"text-align: justify;\">Yukar\u0131da al\u0131nt\u0131lad\u0131\u011f\u0131m s\u00f6zler T\u00fcrkler taraf\u0131ndan T\u00fcrkler i\u00e7in yak\u0131\u015ft\u0131r\u0131lm\u0131\u015f ve \u00e7o\u011funlukla da genel kabul g\u00f6rm\u00fc\u015f s\u00f6zlerdir.<\/p>\n<p style=\"text-align: justify;\">\u0130stisnalardan \u00f6z\u00fcr dilerim.<\/p>\n<p style=\"text-align: justify;\">Ben de <\/p>\n","protected":false},"author":1,"featured_media":0,"comment_status":"open","ping_status":"open","sticky":false,"template":"","format":"standard","meta":{"footnotes":""},"categories":[16],"tags":[417],"class_list":["post-47611","post","type-post","status-publish","format-standard","hentry","category-kose-yazilari","tag-cuneyt-ulsever","odd"],"_links":{"self":[{"href":"http:\/\/www.korhanyilmaz.com\/index.php?rest_route=\/wp\/v2\/posts\/47611","targetHints":{"allow":["GET"]}}],"collection":[{"href":"http:\/\/www.korhanyilmaz.com\/index.php?rest_route=\/wp\/v2\/posts"}],"about":[{"href":"http:\/\/www.korhanyilmaz.com\/index.php?rest_route=\/wp\/v2\/types\/post"}],"author":[{"embeddable":true,"href":"http:\/\/www.korhanyilmaz.com\/index.php?rest_route=\/wp\/v2\/users\/1"}],"replies":[{"embeddable":true,"href":"http:\/\/www.korhanyilmaz.com\/index.php?rest_route=%2Fwp%2Fv2%2Fcomments&post=47611"}],"version-history":[{"count":0,"href":"http:\/\/www.korhanyilmaz.com\/index.php?rest_route=\/wp\/v2\/posts\/47611\/revisions"}],"wp:attachment":[{"href":"http:\/\/www.korhanyilmaz.com\/index.php?rest_route=%2Fwp%2Fv2%2Fmedia&parent=47611"}],"wp:term":[{"taxonomy":"category","embeddable":true,"href":"http:\/\/www.korhanyilmaz.com\/index.php?rest_route=%2Fwp%2Fv2%2Fcategories&post=47611"},{"taxonomy":"post_tag","embeddable":true,"href":"http:\/\/www.korhanyilmaz.com\/index.php?rest_route=%2Fwp%2Fv2%2Ftags&post=47611"}],"curies":[{"name":"wp","href":"https:\/\/api.w.org\/{rel}","templated":true}]}}