{"id":47586,"date":"2012-01-24T21:29:26","date_gmt":"2012-01-24T19:29:26","guid":{"rendered":"http:\/\/www.korhanyilmaz.com\/?p=47586"},"modified":"2012-01-24T22:53:10","modified_gmt":"2012-01-24T20:53:10","slug":"tbmm-anayasa-yapamayacak","status":"publish","type":"post","link":"http:\/\/www.korhanyilmaz.com\/?p=47586","title":{"rendered":"&#8220;TBMM, anayasa yapamayacak&#8221;"},"content":{"rendered":"<p style=\"text-align: center;\"><a href=\"http:\/\/www.korhanyilmaz.com\/wp-content\/uploads\/2012\/01\/9445.jpg\"  class=\"lightview\"><img loading=\"lazy\" decoding=\"async\" class=\"aligncenter  wp-image-47587\" src=\"http:\/\/www.korhanyilmaz.com\/wp-content\/uploads\/2012\/01\/9445.jpg\" alt=\"\" width=\"276\" height=\"207\" \/><\/a><\/p>\n<p style=\"text-align: justify;\">Yarg\u0131tay Onursal Cumhuriyet Ba\u015fsavc\u0131s\u0131 Sabih Kanado\u011flu, Cumhurba\u015fkan\u0131\u2019n\u0131n g\u00f6rev s\u00fcresinin ka\u00e7 y\u0131l oldu\u011funun dahi tart\u0131\u015f\u0131ld\u0131\u011f\u0131n\u0131, TBMM\u2019nin yeni bir anayasa yapamayaca\u011f\u0131n\u0131 s\u00f6yledi.<\/p>\n<p style=\"text-align: justify;\">\u0130stanbul- &#8216;U\u011fur Mumcu\u2019dan G\u00fcn\u00fcm\u00fcze Adalet ve Demokrasi&#8217; konulu panele kat\u0131lan Yarg\u0131tay Onursal Cumhuriyet Ba\u015fsavc\u0131s\u0131 Sabih Kanado\u011flu, U\u011fur Mumcu\u2019nun kalle\u015f\u00e7e bir sald\u0131r\u0131n\u0131n ard\u0131ndan aram\u0131zdan ayr\u0131ld\u0131\u011f\u0131n\u0131 belirterek &#8220;U\u011fur Mumcu her \u015feyden \u00f6nce \u00e7ok iyi bir hukuk\u00e7uydu.<!--more--><\/p>\n<p style=\"text-align: justify;\">Ama ayn\u0131 zamanda \u00e7ok iyi bir yazard\u0131. Sadece 20\u2019nci y\u00fczy\u0131lda de\u011fil 21\u2019nci y\u00fczy\u0131lda ve onu takip eden y\u0131llarda mizah sanat\u0131n\u0131n \u015faheseri olarak ya\u015fayacak olan \u2018Sak\u0131ncal\u0131 Piyade\u2019 onun eseridir. Ayr\u0131ca U\u011fur Mumcu iyi bir gazeteciydi. Haberin nerede nas\u0131l al\u0131naca\u011f\u0131n\u0131, nas\u0131l elde edilece\u011fini de \u00e7ok iyi biliyordu. Haberin ara\u015ft\u0131rma sonucu da bir de\u011fer kazanaca\u011f\u0131n\u0131 da biliyordu&#8221; dedi.<\/p>\n<p style=\"text-align: justify;\">Ba\u011f\u0131ms\u0131zl\u0131\u011f\u0131n ve demokrasinin ancak hukuk devletinde olaca\u011f\u0131n\u0131 ifade eden Kanado\u011flu, &#8220;Ge\u00e7en sene de burada, \u2018Kim diyorsa ki yarg\u0131 ba\u011f\u0131ms\u0131zd\u0131r, yalan s\u00f6yl\u00fcyor\u2019 demi\u015ftim. \u00dczerinden bir y\u0131l ge\u00e7ti, \u015fimdi kimin do\u011fru s\u00f6yledi\u011fi \u00e7ok a\u00e7\u0131k bir \u015fekilde ya\u015f\u0131yoruz. Bir hukuk devletinde e\u011fer Cumhurba\u015fkanl\u0131\u011f\u0131 se\u00e7iminin 5 y\u0131l m\u0131, 7 y\u0131l m\u0131 olaca\u011f\u0131 konusu tart\u0131\u015fma konusu oluyorsa ve o \u00fclkenin Cumhurba\u015fkan\u0131 bu g\u00f6revin ka\u00e7 y\u0131l olaca\u011f\u0131n\u0131 bilmiyorsa o zaman ortada bir yanl\u0131\u015fl\u0131k vard\u0131r. E\u011fer Anayasa\u2019n\u0131n sa\u011flam\u0131\u015f oldu\u011fu h\u00fck\u00fcmler uygulanm\u0131yorsa, bir tarafa b\u0131rak\u0131labiliyorsa o \u00fclkede her halde hukuk devletinden bahsetmek m\u00fcmk\u00fcn de\u011fildir. 5 y\u0131l m\u0131 7 y\u0131l m\u0131, bu \u00e7ok a\u00e7\u0131k bir olay. \u00c7ok a\u00e7\u0131k bir olay olmas\u0131na ra\u011fmen e\u011fer siz elinizdeki g\u00fc\u00e7le o Anayasa de\u011fi\u015fikli\u011fine bir ge\u00e7ici madde koymay\u0131p, istedi\u011fin zaman 5 y\u0131l, i\u015fime geldi\u011fi zaman da 7 y\u0131l diyorsan\u0131z bu devletin ad\u0131 hukuk devleti de\u011fildir&#8221; diye konu\u015ftu.<\/p>\n<p style=\"text-align: justify;\">Yeni anayasa konusuna da de\u011finen Kanado\u011flu, TBMM\u2019nin de\u011fi\u015fiklik yapamayaca\u011f\u0131n\u0131 \u00f6ne s\u00fcrerek \u015funlar\u0131 s\u00f6yledi:<\/p>\n<p style=\"text-align: justify;\">&#8220;Ciddi bir bi\u00e7imde yeni bir Anayasa yapma hevesi ba\u015flad\u0131. Anayasa yapma yetkisi 175\u2019nci maddeye g\u00f6re TBMM\u2019ye aittir. Ama TBMM\u2019sinin de g\u00f6rev ve yetkileri de s\u0131n\u0131rl\u0131d\u0131r. Anayasa\u2019n\u0131n 4\u2019nc\u00fc maddesine bakt\u0131\u011f\u0131n\u0131zda, Anayasa\u2019n\u0131n 1\u2019nci, 2, 3\u2019nc\u00fc maddesindeki ilkeler ki, bunlarda Cumhuriyetin nitelikleridir. Ayn\u0131 zamanda ba\u015flang\u0131\u00e7ta yer alan temel ilkelerdir. Bunlar de\u011fi\u015ftirilemez, de\u011fi\u015ftirilmesi dahi teklif edilemez. O halde 175\u2019nci maddeye g\u00f6re TBMM\u2019ne verilmi\u015f olan yetki ve g\u00f6revde s\u0131n\u0131rl\u0131d\u0131r. Anayasa\u2019n\u0131n de\u011fi\u015ftirilemez maddeleri \u00fczerine teklif daha yap\u0131lamaz. T\u00fcrk Milletinin, her halde Cumhuriyetin kurucu felsefesine, Atat\u00fcrk ilkelerine ba\u011fl\u0131l\u0131\u011f\u0131n\u0131 ortadan kald\u0131rabilecek hi\u00e7bir oyun T\u00fcrkiye\u2019de y\u00fcr\u00fcmeyecektir. T\u00fcrkiye\u2019de bu oyunlar\u0131n bir par\u00e7as\u0131 veya iktidar\u0131n bir payandas\u0131 olmaya hi\u00e7bir d\u00fc\u015f\u00fcncenin hakk\u0131 olmamal\u0131d\u0131r.&#8221;<\/p>\n<p style=\"text-align: justify;\"><a href=\"http:\/\/www.cumhuriyet.com.tr\/?hn=310460\" target=\"_blank\">Kaynak : Cumhuriyet Haber Portal\u0131<\/a><\/p>\n","protected":false},"excerpt":{"rendered":"<p style=\"text-align: center;\">\n<p style=\"text-align: justify;\">Yarg\u0131tay Onursal Cumhuriyet Ba\u015fsavc\u0131s\u0131 Sabih Kanado\u011flu, Cumhurba\u015fkan\u0131\u2019n\u0131n g\u00f6rev s\u00fcresinin ka\u00e7 y\u0131l oldu\u011funun dahi tart\u0131\u015f\u0131ld\u0131\u011f\u0131n\u0131, TBMM\u2019nin yeni bir anayasa yapamayaca\u011f\u0131n\u0131 s\u00f6yledi.<\/p>\n<p style=\"text-align: justify;\">\u0130stanbul- &#8216;U\u011fur Mumcu\u2019dan G\u00fcn\u00fcm\u00fcze Adalet ve Demokrasi&#8217; konulu panele kat\u0131lan Yarg\u0131tay Onursal Cumhuriyet Ba\u015fsavc\u0131s\u0131 Sabih Kanado\u011flu, U\u011fur Mumcu\u2019nun kalle\u015f\u00e7e bir sald\u0131r\u0131n\u0131n ard\u0131ndan aram\u0131zdan ayr\u0131ld\u0131\u011f\u0131n\u0131 belirterek &#8220;U\u011fur Mumcu her <\/p>\n","protected":false},"author":1,"featured_media":0,"comment_status":"open","ping_status":"open","sticky":false,"template":"","format":"standard","meta":{"footnotes":""},"categories":[105],"tags":[],"class_list":["post-47586","post","type-post","status-publish","format-standard","hentry","category-gundem","odd"],"_links":{"self":[{"href":"http:\/\/www.korhanyilmaz.com\/index.php?rest_route=\/wp\/v2\/posts\/47586","targetHints":{"allow":["GET"]}}],"collection":[{"href":"http:\/\/www.korhanyilmaz.com\/index.php?rest_route=\/wp\/v2\/posts"}],"about":[{"href":"http:\/\/www.korhanyilmaz.com\/index.php?rest_route=\/wp\/v2\/types\/post"}],"author":[{"embeddable":true,"href":"http:\/\/www.korhanyilmaz.com\/index.php?rest_route=\/wp\/v2\/users\/1"}],"replies":[{"embeddable":true,"href":"http:\/\/www.korhanyilmaz.com\/index.php?rest_route=%2Fwp%2Fv2%2Fcomments&post=47586"}],"version-history":[{"count":0,"href":"http:\/\/www.korhanyilmaz.com\/index.php?rest_route=\/wp\/v2\/posts\/47586\/revisions"}],"wp:attachment":[{"href":"http:\/\/www.korhanyilmaz.com\/index.php?rest_route=%2Fwp%2Fv2%2Fmedia&parent=47586"}],"wp:term":[{"taxonomy":"category","embeddable":true,"href":"http:\/\/www.korhanyilmaz.com\/index.php?rest_route=%2Fwp%2Fv2%2Fcategories&post=47586"},{"taxonomy":"post_tag","embeddable":true,"href":"http:\/\/www.korhanyilmaz.com\/index.php?rest_route=%2Fwp%2Fv2%2Ftags&post=47586"}],"curies":[{"name":"wp","href":"https:\/\/api.w.org\/{rel}","templated":true}]}}