{"id":47570,"date":"2012-01-24T14:55:13","date_gmt":"2012-01-24T12:55:13","guid":{"rendered":"http:\/\/www.korhanyilmaz.com\/?p=47570"},"modified":"2012-01-24T18:46:34","modified_gmt":"2012-01-24T16:46:34","slug":"bassavcilik-baykal-kaseti-icin-orgut-isi-dedi","status":"publish","type":"post","link":"http:\/\/www.korhanyilmaz.com\/?p=47570","title":{"rendered":"Ba\u015fsavc\u0131l\u0131k Baykal kaseti i\u00e7in &#8216;\u00f6rg\u00fct i\u015fi&#8217; dedi"},"content":{"rendered":"<p style=\"text-align: center;\"><a href=\"http:\/\/www.korhanyilmaz.com\/wp-content\/uploads\/2012\/01\/9442.jpg\"  class=\"lightview\"><img loading=\"lazy\" decoding=\"async\" class=\"aligncenter  wp-image-47571\" src=\"http:\/\/www.korhanyilmaz.com\/wp-content\/uploads\/2012\/01\/9442.jpg\" alt=\"\" width=\"392\" height=\"175\" \/><\/a><\/p>\n<p style=\"text-align: justify;\">Deniz Baykal&#8217;\u0131 CHP Genel Ba\u015fkanl\u0131\u011f\u0131 koltu\u011fundan eden kaset skandal\u0131nda soru\u015fturman\u0131n \u00f6zel yetkili savc\u0131lar taraf\u0131ndan y\u00fcr\u00fct\u00fcld\u00fc\u011f\u00fc ortaya \u00e7\u0131kt\u0131.<\/p>\n<p style=\"text-align: justify;\">CHP\u2019nin eski Genel Ba\u015fkan\u0131 Deniz Baykal\u2019\u0131 koltu\u011fundan eden May\u0131s 2010 tarihindeki kaset olay\u0131n\u0131n soru\u015fturmas\u0131n\u0131n da \u201c\u00f6zel yetkili\u201d savc\u0131lara devredildi\u011fi ortaya \u00e7\u0131kt\u0131.\u00a0<!--more--><\/p>\n<p style=\"text-align: justify;\">Habert\u00fcrk Gazetesi&#8217;nden Cemal Do\u011fan&#8217;\u0131n haberine g\u00f6re, Ankara Cumhuriyet Ba\u015fsavc\u0131l\u0131\u011f\u0131, yakla\u015f\u0131k 2 y\u0131ld\u0131r soru\u015fturmay\u0131 s\u00fcrd\u00fcren Bili\u015fim Su\u00e7lar\u0131 Savc\u0131s\u0131 B\u00fclent Y\u00fccet\u00fcrk\u2019ten dosyay\u0131 alarak 19 Eyl\u00fcl 2011 tarihinde TCK\u2019n\u0131n 250. Maddesi kapsam\u0131nda \u00f6rg\u00fctl\u00fc su\u00e7lara bakmakla g\u00f6revli Ankara \u00d6zel Yetkili Cumhuriyet Ba\u015fsavc\u0131l\u0131\u011f\u0131\u2019na g\u00f6nderdi.<\/p>\n<p style=\"text-align: justify;\"><strong>\u2018CHP\u2019Y\u0130 D\u0130ZAYN ETMEK \u0130STED\u0130\u2019\u00a0<\/strong><\/p>\n<p style=\"text-align: justify;\">Ba\u015fsavc\u0131l\u0131\u011f\u0131n, soru\u015fturma dosyas\u0131n\u0131 inceledikten sonra \u201cSu\u00e7un yasad\u0131\u015f\u0131 \u00f6rg\u00fct taraf\u0131ndan i\u015flendi\u011fi\u201d kanaatiyle bu karar\u0131 verdi\u011fi \u00f6\u011frenildi. Ba\u015flang\u0131\u00e7ta olay\u0131 Baykal\u2019\u0131n \u201c\u00f6zel hayat\u0131n gizlili\u011fi ve hakaret\u201d \u015fikayeti kapsam\u0131nda de\u011ferlendiren ve bu y\u00f6nde soru\u015fturan Ba\u015fsavc\u0131l\u0131\u011f\u0131n dosyay\u0131 g\u00f6nderirken \u201cBu olay, CHP\u2019nin yeniden dizayn edilmesi amac\u0131yla yap\u0131lm\u0131\u015f, arkas\u0131nda yasa- d\u0131\u015f\u0131 \u00f6rg\u00fct olmas\u0131 muhtemel bir operasyondur\u201d de\u011ferlendirmesi yapt\u0131\u011f\u0131 belirtildi.<\/p>\n<p style=\"text-align: justify;\">Ba\u015fsavc\u0131l\u0131\u011f\u0131n \u201cArkas\u0131nda \u00f6rg\u00fct var\u201d diyerek g\u00f6nderdi\u011fi soru\u015fturma dosyas\u0131n\u0131n \u00d6zel Yetkili Cumhuriyet Savc\u0131s\u0131 Cemil Tu\u011ftekin taraf\u0131ndan y\u00fcr\u00fct\u00fcld\u00fc\u011f\u00fc \u00f6\u011frenildi.<\/p>\n<p style=\"text-align: justify;\"><a href=\"http:\/\/gundem.milliyet.com.tr\/bassavcilik-baykal-kaseti-icin-orgut-isi-dedi\/gundem\/gundemdetay\/24.01.2012\/1493173\/default.htm\" target=\"_blank\">Kaynak : Milliyet.com.tr<\/a><\/p>\n","protected":false},"excerpt":{"rendered":"<p style=\"text-align: center;\">\n<p style=\"text-align: justify;\">Deniz Baykal&#8217;\u0131 CHP Genel Ba\u015fkanl\u0131\u011f\u0131 koltu\u011fundan eden kaset skandal\u0131nda soru\u015fturman\u0131n \u00f6zel yetkili savc\u0131lar taraf\u0131ndan y\u00fcr\u00fct\u00fcld\u00fc\u011f\u00fc ortaya \u00e7\u0131kt\u0131.<\/p>\n<p style=\"text-align: justify;\">CHP\u2019nin eski Genel Ba\u015fkan\u0131 Deniz Baykal\u2019\u0131 koltu\u011fundan eden May\u0131s 2010 tarihindeki kaset olay\u0131n\u0131n soru\u015fturmas\u0131n\u0131n da \u201c\u00f6zel yetkili\u201d savc\u0131lara devredildi\u011fi ortaya \u00e7\u0131kt\u0131. <\/p>\n","protected":false},"author":1,"featured_media":0,"comment_status":"open","ping_status":"open","sticky":false,"template":"","format":"standard","meta":{"footnotes":""},"categories":[105],"tags":[58],"class_list":["post-47570","post","type-post","status-publish","format-standard","hentry","category-gundem","tag-deniz-baykal","odd"],"_links":{"self":[{"href":"http:\/\/www.korhanyilmaz.com\/index.php?rest_route=\/wp\/v2\/posts\/47570","targetHints":{"allow":["GET"]}}],"collection":[{"href":"http:\/\/www.korhanyilmaz.com\/index.php?rest_route=\/wp\/v2\/posts"}],"about":[{"href":"http:\/\/www.korhanyilmaz.com\/index.php?rest_route=\/wp\/v2\/types\/post"}],"author":[{"embeddable":true,"href":"http:\/\/www.korhanyilmaz.com\/index.php?rest_route=\/wp\/v2\/users\/1"}],"replies":[{"embeddable":true,"href":"http:\/\/www.korhanyilmaz.com\/index.php?rest_route=%2Fwp%2Fv2%2Fcomments&post=47570"}],"version-history":[{"count":0,"href":"http:\/\/www.korhanyilmaz.com\/index.php?rest_route=\/wp\/v2\/posts\/47570\/revisions"}],"wp:attachment":[{"href":"http:\/\/www.korhanyilmaz.com\/index.php?rest_route=%2Fwp%2Fv2%2Fmedia&parent=47570"}],"wp:term":[{"taxonomy":"category","embeddable":true,"href":"http:\/\/www.korhanyilmaz.com\/index.php?rest_route=%2Fwp%2Fv2%2Fcategories&post=47570"},{"taxonomy":"post_tag","embeddable":true,"href":"http:\/\/www.korhanyilmaz.com\/index.php?rest_route=%2Fwp%2Fv2%2Ftags&post=47570"}],"curies":[{"name":"wp","href":"https:\/\/api.w.org\/{rel}","templated":true}]}}