{"id":47562,"date":"2012-01-24T16:52:22","date_gmt":"2012-01-24T14:52:22","guid":{"rendered":"http:\/\/www.korhanyilmaz.com\/?p=47562"},"modified":"2012-01-24T17:45:51","modified_gmt":"2012-01-24T15:45:51","slug":"sarkisyandan-sarkozyye-tesekkur-mektubu","status":"publish","type":"post","link":"http:\/\/www.korhanyilmaz.com\/?p=47562","title":{"rendered":"Sarkisyan&#8217;dan Sarkozy&#8217;ye te\u015fekk\u00fcr mektubu"},"content":{"rendered":"<p style=\"text-align: center;\"><a href=\"http:\/\/www.korhanyilmaz.com\/wp-content\/uploads\/2012\/01\/9440.jpg\"  class=\"lightview\"><img loading=\"lazy\" decoding=\"async\" class=\"aligncenter  wp-image-47563\" src=\"http:\/\/www.korhanyilmaz.com\/wp-content\/uploads\/2012\/01\/9440.jpg\" alt=\"\" width=\"343\" height=\"217\" \/><\/a><\/p>\n<p style=\"text-align: justify;\">Fransa Senatosu&#8217;nda &#8220;soyk\u0131r\u0131m inkar&#8221; yasas\u0131n\u0131n kabul edilmesinin ard\u0131ndan Ermenistan Devlet Ba\u015fkan\u0131 Serj Sarkisyan, Fransa Cumhurba\u015fkan\u0131 Nicolas Sarkozy&#8217;ye bir te\u015fekk\u00fcr mektubu g\u00f6nderdi.<\/p>\n<p style=\"text-align: justify;\">Mektupta, &#8220;Fransa kendi b\u00fcy\u00fckl\u00fc\u011f\u00fcn\u00fc, g\u00fcc\u00fcn\u00fc ve evrensel de\u011ferlere sayg\u0131y\u0131 bir kez daha kan\u0131tlad\u0131&#8221; diyen Sarkisyan, &#8220;Bug\u00fcn d\u00fcnyadaki t\u00fcm Ermeniler ad\u0131na tarihi bir g\u00fcnd\u00fcr&#8221; ifadesini kulland\u0131.\u00a0<!--more--><\/p>\n<p style=\"text-align: justify;\">Ermenistan Devlet Ba\u015fkan\u0131 Sarkisyan, &#8220;Bug\u00fcn asla unutulmayacak ve Ermenistan&#8217;la Fransa aras\u0131ndaki dostluk tarihine alt\u0131n harflerle yaz\u0131lacak&#8221; dedi.<\/p>\n<p style=\"text-align: justify;\">Ermenistan D\u0131\u015fi\u015fleri Bakan\u0131 Edvard Nalbandyan da , Fransa Senatosu&#8217;ndaki d\u00fcnk\u00fc oylaman\u0131n, Fransa&#8217;da soyk\u0131r\u0131m\u0131n 2001&#8217;de tan\u0131nd\u0131\u011f\u0131 karar\u0131n bir devam\u0131 oldu\u011funu s\u00f6ylemi\u015fti.<\/p>\n<p style=\"text-align: justify;\">Nalbandyan Fransa, &#8220;Evrensel insan haklar\u0131 konusunda \u00f6nc\u00fc oldu\u011funu bir kez daha g\u00f6stermi\u015ftir&#8221; demi\u015fti. Ermenistan D\u0131\u015fi\u015fleri Bakan\u0131 Nalbandyan da Cumhurba\u015fkan\u0131 Sarkozy&#8217;ye ve Fransa parlamentosu ile senatosuna te\u015fekk\u00fcr etmi\u015fti.<\/p>\n<p style=\"text-align: justify;\"><strong>&#8216;FRANSA ERMEN\u0130LERE KAPILARINI A\u00c7MI\u015eTIR&#8217;<\/strong><\/p>\n<p style=\"text-align: justify;\">Fransa Cumhurba\u015fkan\u0131 Nicolas Sarkozy ge\u00e7ti\u011fimiz ekim ay\u0131nda Ermenistan&#8217;a ziyareti \u00f6ncesi, Ermeni Mediamax ajans\u0131na verdi\u011fi r\u00f6portajda Fransa ile Ermenistan aras\u0131nda kurulan ba\u011flar\u0131n yok edilemez d\u00fczeyde oldu\u011funu belirterek, \u201cSoyk\u0131r\u0131m trajedisinde Fransa, katliamdan kurtulan y\u00fcz binlerce Ermeni&#8217;ye kap\u0131lar\u0131n\u0131 a\u00e7m\u0131\u015ft\u0131r&#8221; demi\u015fti.<\/p>\n<p style=\"text-align: justify;\"><a href=\"http:\/\/www.ntvmsnbc.com\/id\/25316467\/\" target=\"_blank\">Kaynak : NTVMSNBC<\/a><\/p>\n","protected":false},"excerpt":{"rendered":"<p style=\"text-align: center;\">\n<p style=\"text-align: justify;\">Fransa Senatosu&#8217;nda &#8220;soyk\u0131r\u0131m inkar&#8221; yasas\u0131n\u0131n kabul edilmesinin ard\u0131ndan Ermenistan Devlet Ba\u015fkan\u0131 Serj Sarkisyan, Fransa Cumhurba\u015fkan\u0131 Nicolas Sarkozy&#8217;ye bir te\u015fekk\u00fcr mektubu g\u00f6nderdi.<\/p>\n<p style=\"text-align: justify;\">Mektupta, &#8220;Fransa kendi b\u00fcy\u00fckl\u00fc\u011f\u00fcn\u00fc, g\u00fcc\u00fcn\u00fc ve evrensel de\u011ferlere sayg\u0131y\u0131 bir kez daha kan\u0131tlad\u0131&#8221; diyen Sarkisyan, &#8220;Bug\u00fcn d\u00fcnyadaki t\u00fcm Ermeniler ad\u0131na tarihi bir g\u00fcnd\u00fcr&#8221; ifadesini kulland\u0131. <\/p>\n","protected":false},"author":1,"featured_media":0,"comment_status":"open","ping_status":"open","sticky":false,"template":"","format":"standard","meta":{"footnotes":""},"categories":[3],"tags":[],"class_list":["post-47562","post","type-post","status-publish","format-standard","hentry","category-dunya","odd"],"_links":{"self":[{"href":"http:\/\/www.korhanyilmaz.com\/index.php?rest_route=\/wp\/v2\/posts\/47562","targetHints":{"allow":["GET"]}}],"collection":[{"href":"http:\/\/www.korhanyilmaz.com\/index.php?rest_route=\/wp\/v2\/posts"}],"about":[{"href":"http:\/\/www.korhanyilmaz.com\/index.php?rest_route=\/wp\/v2\/types\/post"}],"author":[{"embeddable":true,"href":"http:\/\/www.korhanyilmaz.com\/index.php?rest_route=\/wp\/v2\/users\/1"}],"replies":[{"embeddable":true,"href":"http:\/\/www.korhanyilmaz.com\/index.php?rest_route=%2Fwp%2Fv2%2Fcomments&post=47562"}],"version-history":[{"count":0,"href":"http:\/\/www.korhanyilmaz.com\/index.php?rest_route=\/wp\/v2\/posts\/47562\/revisions"}],"wp:attachment":[{"href":"http:\/\/www.korhanyilmaz.com\/index.php?rest_route=%2Fwp%2Fv2%2Fmedia&parent=47562"}],"wp:term":[{"taxonomy":"category","embeddable":true,"href":"http:\/\/www.korhanyilmaz.com\/index.php?rest_route=%2Fwp%2Fv2%2Fcategories&post=47562"},{"taxonomy":"post_tag","embeddable":true,"href":"http:\/\/www.korhanyilmaz.com\/index.php?rest_route=%2Fwp%2Fv2%2Ftags&post=47562"}],"curies":[{"name":"wp","href":"https:\/\/api.w.org\/{rel}","templated":true}]}}