{"id":47558,"date":"2012-01-24T16:33:16","date_gmt":"2012-01-24T14:33:16","guid":{"rendered":"http:\/\/www.korhanyilmaz.com\/?p=47558"},"modified":"2012-01-24T17:38:34","modified_gmt":"2012-01-24T15:38:34","slug":"kara-gun-24-ocak","status":"publish","type":"post","link":"http:\/\/www.korhanyilmaz.com\/?p=47558","title":{"rendered":"Kara g\u00fcn 24 Ocak"},"content":{"rendered":"<p style=\"text-align: center;\"><a href=\"http:\/\/www.korhanyilmaz.com\/wp-content\/uploads\/2012\/01\/9439.jpg\"  class=\"lightview\"><img loading=\"lazy\" decoding=\"async\" class=\"aligncenter  wp-image-47559\" src=\"http:\/\/www.korhanyilmaz.com\/wp-content\/uploads\/2012\/01\/9439.jpg\" alt=\"\" width=\"448\" height=\"196\" \/><\/a><\/p>\n<p style=\"text-align: justify;\">24 Ocak tarihi T\u00fcrkiye i\u00e7in anmalar\u0131n g\u00fcn\u00fc. Son 20 y\u0131lda her biri toplumun sayg\u0131s\u0131n\u0131 kazanm\u0131\u015f 4 ki\u015fi bu tarihte hayat\u0131n\u0131 kaybetti ya da \u00f6ld\u00fcr\u00fcld\u00fc.<\/p>\n<p style=\"text-align: justify;\">Arac\u0131na yerle\u015ftirilen bomba ile 24 Ocak 1993&#8217;te \u00f6ld\u00fcr\u00fclen Cumhuriyet gazetesi yazar\u0131 U\u011fur Mumcu, 2001\u2019de silahl\u0131 sald\u0131r\u0131ya kurban giden Diyarbak\u0131r Emniyet M\u00fcd\u00fcr\u00fc Gaffar Okkan, akci\u011fer kanserini yenemeyerek 2007\u2019de aram\u0131zdan ayr\u0131lan politikac\u0131 \u0130smail Cem ve 2010 y\u0131l\u0131nda 81 ya\u015f\u0131nda hayata g\u00f6zlerini yuman i\u015fadam\u0131 \u015eakir Eczac\u0131ba\u015f\u0131 bug\u00fcn an\u0131lan isimler.\u00a0<!--more--><\/p>\n<p style=\"text-align: justify;\"><strong>\u2018U\u011eURLAR OLSUN\u2019<\/strong><\/p>\n<p style=\"text-align: justify;\">24 Ocak 1993 sabah\u0131 Ankara b\u00fcy\u00fck bir patlamayla sars\u0131ld\u0131. Cumhuriyet Gazetesi yazar\u0131 U\u011fur Mumcu, Karl\u0131 Sokak\u2019taki evinin \u00f6n\u00fcnde park halinde bulunan otomobiline yerle\u015ftirilen bomban\u0131n infilak etmesi sonucu hayat\u0131n\u0131 kaybetti. Cinayetin ard\u0131ndan t\u00fcm T\u00fcrkiye\u2019de protesto y\u00fcr\u00fcy\u00fc\u015fleri d\u00fczenlendi, faillerin bulunaca\u011f\u0131 y\u00f6n\u00fcnde s\u00f6zler verildi. Ancak hain cinayetin \u00fczerinden 19 y\u0131l ge\u00e7mesine ra\u011fmen failler hala bulunamad\u0131.<\/p>\n<p style=\"text-align: justify;\"><strong>208 \u00c7OCUK OKKAN&#8217;LA ADA\u015e<\/strong><\/p>\n<p style=\"text-align: justify;\">Diyarbak\u0131r Emniyet M\u00fcd\u00fcr\u00fc Gaffar Okkan 24 Ocak 2001 tarihinde, Emniyet M\u00fcd\u00fcrl\u00fc\u011f\u00fc binas\u0131ndan ayr\u0131ld\u0131ktan hemen sonra \u015eehitlik Semti Sezai Karako\u00e7 Bulvar\u0131\u2019nda makam arac\u0131n\u0131n i\u00e7inde silahl\u0131 sald\u0131r\u0131 sonucunda \u00f6ld\u00fcr\u00fcld\u00fc. Okkan\u2019la birlikte 4 korumas\u0131 ve \u015fof\u00f6r\u00fc de hayat\u0131n\u0131 kaybetti.<\/p>\n<p style=\"text-align: justify;\">Emniyet M\u00fcd\u00fcr\u00fc Okkan Diyarbak\u0131rl\u0131lar taraf\u0131ndan o kadar sevilmi\u015fti ki, Diyarbak\u0131rl\u0131lar Ali Gaffar Okkan&#8217;\u0131n ismini ya\u015fatmak i\u00e7in \u00e7ocuklar\u0131na efsane Emniyet M\u00fcd\u00fcr\u00fcn\u00fcn ismini verdi. Kentte 2000 y\u0131l\u0131 sonras\u0131 do\u011fan 208 \u00e7ocuk Gaffar Okkan ismini ta\u015f\u0131yor.<\/p>\n<p style=\"text-align: justify;\"><strong>T\u00dcRK-YUNAN DOSTLU\u011eUNUN SEMBOL \u0130SM\u0130<\/strong><\/p>\n<p style=\"text-align: justify;\">1974\u20131975 y\u0131llar\u0131 aras\u0131nda TRT Genel M\u00fcd\u00fcrl\u00fc\u011f\u00fc\u2019nde bulunan \u0130smail Cem, yazarl\u0131\u011f\u0131n yan\u0131 s\u0131ra siyasete kat\u0131ld\u0131 ve merkez y\u00f6netimlerinde g\u00f6rev yapt\u0131. 1987 ve 1991 genel se\u00e7imlerinde \u0130stanbul, 1995 ve 1999 se\u00e7imlerinde Kayseri\u2019den milletvekili se\u00e7ilen Cem, 1995\u2019te K\u00fclt\u00fcr Bakan\u0131, 1997\u20132002 d\u00f6neminde D\u0131\u015fi\u015fleri Bakan\u0131 oldu. Cem\u2019in, \u00e7o\u011fu T\u00fcrkiye\u2019nin siyaset sosyolojisi ve sosyal demokrasisi \u00fczerine on \u00fc\u00e7 kitab\u0131 yay\u0131nland\u0131. 2003\u2019te yakaland\u0131\u011f\u0131 akci\u011fer kanseri nedeniyle 24 Ocak 2007\u2019de \u0130stanbul\u2019da vefat etti.<\/p>\n<p style=\"text-align: justify;\"><strong>SANAT DOSTU B\u0130R PATRON<\/strong><\/p>\n<p style=\"text-align: justify;\">81 ya\u015f\u0131nda ya\u015fam\u0131n\u0131 yitiren \u0130stanbul K\u00fclt\u00fcr ve Sanat Vakf\u0131 Y\u00f6netim Kurulu Ba\u015fkan\u0131 i\u015fadam\u0131 \u015eakir Eczac\u0131ba\u015f\u0131 1970&#8217;li y\u0131llarda Eczac\u0131ba\u015f\u0131 \u0130la\u00e7 Kurulu\u015fu genel m\u00fcd\u00fcr\u00fc, 1980&#8217;de Eczac\u0131ba\u015f\u0131 toplulu\u011fu icra kurulu ba\u015fkan\u0131, 1993&#8217;te ise Eczac\u0131ba\u015f\u0131 Holding y\u00f6netim kurulu ba\u015fkan\u0131 oldu. Eczac\u0131ba\u015f\u0131, sanata verdi\u011fi b\u00fcy\u00fck destek ve katk\u0131lar\u0131yla biliniyordu. Bernard Shaw&#8217;dan &#8220;G\u00fclen G\u00fc\u015f\u00fcnceler&#8221;, Oscar Wilde&#8217;dan &#8216;Tutkular, Ac\u0131lar, G\u00fcl\u00fcmseyen Deyi\u015fler&#8221; ad\u0131yla iki ayr\u0131 derleme kitap yay\u0131mlad\u0131. Foto\u011fraf ve sinemayla da ilgilendi. Kurulu\u015funa \u00f6nc\u00fcl\u00fck etti\u011fi T\u00fcrk Sinematek Derne\u011fi&#8217;nin 10 y\u0131l ba\u015fkanl\u0131\u011f\u0131n\u0131 yapt\u0131. Milliyet Sanat Dergisi&#8217;nin de kurucular\u0131ndand\u0131.<\/p>\n<p>[flv]http:\/\/ntvmsnbc-video.mncdn.net\/FlvFiles\/0000035646.flv[\/flv]<\/p>\n<p>[flv]http:\/\/ntvmsnbc-video.mncdn.net\/FlvFiles\/0000035642.flv[\/flv]<\/p>\n<p><a href=\"http:\/\/www.ntvmsnbc.com\/id\/25316449\/\" target=\"_blank\">Kaynak : NTVMSNBC<\/a><\/p>\n<p style=\"text-align: justify;\">\n","protected":false},"excerpt":{"rendered":"<p style=\"text-align: center;\">\n<p style=\"text-align: justify;\">24 Ocak tarihi T\u00fcrkiye i\u00e7in anmalar\u0131n g\u00fcn\u00fc. Son 20 y\u0131lda her biri toplumun sayg\u0131s\u0131n\u0131 kazanm\u0131\u015f 4 ki\u015fi bu tarihte hayat\u0131n\u0131 kaybetti ya da \u00f6ld\u00fcr\u00fcld\u00fc.<\/p>\n<p style=\"text-align: justify;\">Arac\u0131na yerle\u015ftirilen bomba ile 24 Ocak 1993&#8217;te \u00f6ld\u00fcr\u00fclen Cumhuriyet gazetesi yazar\u0131 U\u011fur Mumcu, 2001\u2019de silahl\u0131 sald\u0131r\u0131ya kurban giden Diyarbak\u0131r Emniyet M\u00fcd\u00fcr\u00fc Gaffar Okkan, akci\u011fer <\/p>\n","protected":false},"author":1,"featured_media":0,"comment_status":"open","ping_status":"open","sticky":false,"template":"","format":"standard","meta":{"footnotes":""},"categories":[105],"tags":[],"class_list":["post-47558","post","type-post","status-publish","format-standard","hentry","category-gundem","odd"],"_links":{"self":[{"href":"http:\/\/www.korhanyilmaz.com\/index.php?rest_route=\/wp\/v2\/posts\/47558","targetHints":{"allow":["GET"]}}],"collection":[{"href":"http:\/\/www.korhanyilmaz.com\/index.php?rest_route=\/wp\/v2\/posts"}],"about":[{"href":"http:\/\/www.korhanyilmaz.com\/index.php?rest_route=\/wp\/v2\/types\/post"}],"author":[{"embeddable":true,"href":"http:\/\/www.korhanyilmaz.com\/index.php?rest_route=\/wp\/v2\/users\/1"}],"replies":[{"embeddable":true,"href":"http:\/\/www.korhanyilmaz.com\/index.php?rest_route=%2Fwp%2Fv2%2Fcomments&post=47558"}],"version-history":[{"count":0,"href":"http:\/\/www.korhanyilmaz.com\/index.php?rest_route=\/wp\/v2\/posts\/47558\/revisions"}],"wp:attachment":[{"href":"http:\/\/www.korhanyilmaz.com\/index.php?rest_route=%2Fwp%2Fv2%2Fmedia&parent=47558"}],"wp:term":[{"taxonomy":"category","embeddable":true,"href":"http:\/\/www.korhanyilmaz.com\/index.php?rest_route=%2Fwp%2Fv2%2Fcategories&post=47558"},{"taxonomy":"post_tag","embeddable":true,"href":"http:\/\/www.korhanyilmaz.com\/index.php?rest_route=%2Fwp%2Fv2%2Ftags&post=47558"}],"curies":[{"name":"wp","href":"https:\/\/api.w.org\/{rel}","templated":true}]}}