{"id":47553,"date":"2012-01-19T12:12:24","date_gmt":"2012-01-19T10:12:24","guid":{"rendered":"http:\/\/www.korhanyilmaz.com\/?p=47553"},"modified":"2012-01-24T17:27:19","modified_gmt":"2012-01-24T15:27:19","slug":"bu-paket-akp-hukuksuzlugunu-daha-da-guclendirecek","status":"publish","type":"post","link":"http:\/\/www.korhanyilmaz.com\/?p=47553","title":{"rendered":"Bu paket AKP hukuksuzlu\u011funu daha da g\u00fc\u00e7lendirecek"},"content":{"rendered":"<p style=\"text-align: center;\"><a href=\"http:\/\/www.korhanyilmaz.com\/wp-content\/uploads\/2012\/01\/9438.jpg\"  class=\"lightview\"><img loading=\"lazy\" decoding=\"async\" class=\"aligncenter  wp-image-47554\" src=\"http:\/\/www.korhanyilmaz.com\/wp-content\/uploads\/2012\/01\/9438.jpg\" alt=\"\" width=\"392\" height=\"175\" \/><\/a><\/p>\n<p style=\"text-align: justify;\">AKP yeni yarg\u0131 reformu paketini a\u00e7\u0131klad\u0131. Pakete umut ba\u011flayanlar fena halde yan\u0131lacak. D\u00fczenlemeler yarg\u0131n\u0131n sorunlar\u0131n\u0131 \u00e7\u00f6zmek bir yana, AKP&#8217;nin yaratt\u0131\u011f\u0131 yeni hukuk rejiminin sakat yanlar\u0131n\u0131 daha da g\u00fc\u00e7lendiriyor.<\/p>\n<p style=\"text-align: justify;\">AKP h\u00fck\u00fcmetinin &#8220;yarg\u0131n\u0131n h\u0131zland\u0131r\u0131lmas\u0131&#8221; iddias\u0131yla haz\u0131rlad\u0131\u011f\u0131 yarg\u0131 &#8220;reformu&#8221; paketi, d\u00fcn Adalet Bakan\u0131 Sadullah Ergin taraf\u0131ndan bas\u0131na a\u00e7\u0131kland\u0131. 100 maddeden olu\u015fan paket, bu hafta Meclis&#8217;e sunulacak.\u00a0<!--more--><\/p>\n<p style=\"text-align: justify;\">Ceza, \u0130cra-\u0130flas, \u0130dari Yarg\u0131 ile Bas\u0131n ve \u0130fade \u00d6zg\u00fcrl\u00fc\u011f\u00fc mevzuatlar\u0131ndaki de\u011fi\u015fiklikleri kapsayan yarg\u0131 &#8220;reformu&#8221; paketi, bas\u0131na a\u00e7\u0131klanmas\u0131yla birlikte ele\u015ftirilerin oda\u011f\u0131na oturdu. \u00dclkede ya\u015fanan as\u0131l hukuksuzluklara te\u011fet bile ge\u00e7meyen paketin, elektrik ka\u00e7ak\u00e7\u0131l\u0131\u011f\u0131, trafik cezas\u0131, icra ve iflas d\u00fczenlemeleriyle &#8220;yarg\u0131 reformu&#8221;, &#8220;yarg\u0131n\u0131n h\u0131zland\u0131r\u0131lmas\u0131&#8221; olarak sunulmas\u0131, AKP iktidar\u0131n\u0131n toplumla alay etmesi olarak de\u011ferlendirildi.<\/p>\n<p style=\"text-align: justify;\">\u0130ktidara geldi\u011fi 2002&#8217;den bug\u00fcne, \u00f6zellikle de geni\u015f kapsaml\u0131 siyasi soru\u015fturma ve davalar sonucu 60 binden 130 bine t\u0131rmanan tutuklu say\u0131s\u0131 ve tutukluluk s\u00fcrelerinin uzunlu\u011fu nedeniyle hukuksuzlu\u011fu bir y\u00f6netim bi\u00e7imi olarak yerle\u015ftiren AKP&#8217;nin yeni yarg\u0131 paketinin zamanlamas\u0131, Hrant Dink Cinayeti Davas\u0131&#8217;n\u0131n skandal bir kararla sonu\u00e7lanmas\u0131n\u0131n ertesi g\u00fcn\u00fc a\u00e7\u0131klanmas\u0131 nedeniyle dikkat \u00e7ekti. Paketin zamanlamas\u0131 d\u0131\u015f\u0131nda kapsam\u0131 da, Hrant Dink cinayetinin ard\u0131nda harhangi bir &#8220;\u00f6rg\u00fct olmad\u0131\u011f\u0131&#8221; y\u00f6n\u00fcnde \u00e7\u0131kan karar\u0131n arkas\u0131ndaki irade olan AKP&#8217;nin toplumla alay etti\u011fini bir kez daha belgeledi.<\/p>\n<p style=\"text-align: justify;\"><strong>&#8220;Tutukluk halinin devam\u0131na&#8230;&#8221;<\/strong><\/p>\n<p style=\"text-align: justify;\">\u00d6zel yetkili savc\u0131l\u0131klar ve a\u011f\u0131r ceza mahkemelerince ba\u015flat\u0131lan Ergenekon, Balyoz, Devrimci Karargah, Odatv, Hopa ve KCK gibi soru\u015fturma ve davalarda, asker, gazeteci, yazar, siyaset\u00e7i, akademisyen ve \u00f6\u011frencilerin ne ile su\u00e7land\u0131klar\u0131n\u0131 dahi bilmeden tutuklanmalar\u0131, uzun s\u00fcrelerle tutuklu yarg\u0131lanmalar\u0131, yarg\u0131 sistemindeki &#8220;tutuklama sorunu&#8221;nu kamuoyunun g\u00fcndemine ta\u015f\u0131d\u0131.<\/p>\n<p style=\"text-align: justify;\">Uzun tutukluluk s\u00fcreleri, kamuoyunda \u015fu an en \u00e7ok tart\u0131\u015f\u0131lan konular aras\u0131nda ba\u015fta geliyor. Fakat yarg\u0131 reformu paketinde, ele\u015ftirilere neden olan uzun tutukluluk s\u00fcrelerinin k\u0131salt\u0131laca\u011f\u0131 veya ko\u015fullar\u0131n\u0131n zorla\u015ft\u0131r\u0131laca\u011f\u0131 gibi h\u00fck\u00fcmler yer alm\u0131yor. Paketin ilgili k\u0131sm\u0131nda sadece, mevcut yasada ifade edildi\u011fi halde y\u0131llard\u0131r uygulanmad\u0131\u011f\u0131, AKP h\u00fck\u00fcmetinin de uygulanmamas\u0131na g\u00f6z yumdu\u011fu bilinen &#8220;tutukluluk i\u00e7in mahkemenin g\u00fc\u00e7l\u00fc \u015f\u00fcpheler aramas\u0131 gerekti\u011fi&#8221;, yarg\u0131 sistemine &#8220;hat\u0131rlat\u0131l\u0131yor&#8221;. Yani, Sadullah Ergin taraf\u0131ndan a\u00e7\u0131kland\u0131\u011f\u0131 kadar\u0131yla, mevcut yasalar\u0131n uygulanmas\u0131n\u0131 &#8220;isteyen&#8221; d\u00fczenlemeler d\u0131\u015f\u0131nda h\u00fck\u00fcm yer alm\u0131yor.<\/p>\n<p style=\"text-align: justify;\">Katalog su\u00e7lar\u0131n kald\u0131r\u0131lmas\u0131na y\u00f6nelik olarak yeni yarg\u0131 &#8220;reformu&#8221; paketinde herhangi bir h\u00fck\u00fcm bulunmad\u0131\u011f\u0131 dikkat \u00e7ekiyor. CMK&#8217;n\u0131n 100\/3. maddesinde tan\u0131mlanan ve uluslararas\u0131 hukukta yer almayan &#8220;katalog su\u00e7lar\u0131&#8221; kavram\u0131 ve bu su\u00e7lar\u0131n i\u015flendi\u011fine y\u00f6nelik kuvvetli \u015f\u00fcphe halinde tutuklama karar\u0131 verilebilece\u011fine ili\u015fkin d\u00fczenlemenin, tutuklaman\u0131n istisnai de\u011fil, zorunlu oldu\u011funu \u00f6ng\u00f6ren bir d\u00fczenleme oldu\u011fu biliniyor. Bu uygulama hukuk\u00e7ular\u0131n de\u011fi\u015fmesi y\u00f6n\u00fcnde en \u00e7ok m\u00fccadele verdi\u011fi ba\u015fl\u0131klardan birini olu\u015fturuyor.<\/p>\n<p style=\"text-align: justify;\"><strong>Matbu olmayacak, kompozisyon yazacaklar<\/strong><\/p>\n<p style=\"text-align: justify;\">Tutuklamay\u0131 d\u00fczenleyen CMK&#8217;n\u0131n ilgili b\u00f6l\u00fcm\u00fcne, tutuklamaya, tutukluluk halinin devam\u0131na, tahliye isteminin reddine neden karar verildi\u011finin somut bi\u00e7imde kararda g\u00f6sterilmesi gerekti\u011fine y\u00f6nelik h\u00fck\u00fcm eklenecek. Mahkemelerin verdi\u011fi tutuklama kararlar\u0131nda &#8220;su\u00e7un vas\u0131f ve mahiyeti, mevcut delil durumu&#8221; gibi matbu ifadeler kullanmak yerine ayr\u0131nt\u0131l\u0131 a\u00e7\u0131klamalar yap\u0131lmas\u0131, tahliyelerle ilgili kararlarda da, tahliye talebi reddediliyorsa, bunun istenen ceza ile nas\u0131l \u00f6l\u00e7\u00fcl\u00fc oldu\u011fu a\u00e7\u0131klanmas\u0131 \u00f6ng\u00f6r\u00fcl\u00fcyor.<\/p>\n<p style=\"text-align: justify;\"><strong>\u00d6zel yetkili mahkemelere devam&#8230;<\/strong><\/p>\n<p style=\"text-align: justify;\">CMK&#8217;n\u0131n 250. maddesinde d\u00fczenlenen ve deyim yerindeyse eski devlet g\u00fcvenlik mahkemelerini arat\u0131r hale gelen \u00f6zel yetkili a\u011f\u0131r ceza mahkemelerinin, savunma hakk\u0131n\u0131 k\u0131s\u0131tlayan kovu\u015fturma usullerinin yan\u0131 s\u0131ra, tedbirden \u00e7ok cezaya, istisnai olmaktan \u00e7ok kurala d\u00f6n\u00fc\u015ft\u00fcrd\u00fckleri tutuklama kararlar\u0131 ile adil yarg\u0131lama ilkesine kar\u015f\u0131 tehdit anlam\u0131na geldikleri biliniyor. Adil yarg\u0131lama hakk\u0131n\u0131n ve hukuk g\u00fcvenli\u011finin \u00f6n\u00fcndeki en b\u00fcy\u00fck engel olan \u00d6zel Yetkili A\u011f\u0131r Ceza Mahkemelerinin kald\u0131r\u0131lmas\u0131 gerekti\u011fi, hukuk \u00e7evreleri ve insan haklar\u0131 \u00f6rg\u00fctleri taraf\u0131ndan uzun bir s\u00fcredir dile getiriliyor.<\/p>\n<p style=\"text-align: justify;\">Yarg\u0131 reformu paketi, i\u015fte bu \u00f6zel yetkili mahkemelerle ilgili de bir yenilik getirmiyor. Hukuk \u00e7evreleri, \u00f6zel yetkili mahkemelerin kald\u0131r\u0131lmas\u0131n\u0131 kapsamayan paketin bu haliyle &#8220;reform&#8221; niteli\u011fi ta\u015f\u0131yamayaca\u011f\u0131n\u0131 belirtiyor.<\/p>\n<p style=\"text-align: justify;\">\u00d6zel yetkili a\u011f\u0131r ceza mahkemelerine y\u00f6nelik kamuoyundaki ele\u015ftiriler gerek\u00e7e g\u00f6sterilerek a\u00e7\u0131klanan kimi de\u011fi\u015fiklikler ise, &#8220;\u00d6zel yetkili savc\u0131l\u0131k ve mahkemelerin, \u015f\u00fcphelinin ifade tutana\u011f\u0131na, bilirki\u015fi raporlar\u0131na, adli i\u015flemlere ili\u015fkin delillere, \u015fimdi oldu\u011fu gibi soru\u015fturma bitene kadar de\u011fil en fazla 3 ay i\u00e7in gizlilik karar\u0131 koyabilece\u011fi&#8221; ve &#8220;\u00d6zel yetkili mahkemelerde, esas hakk\u0131nda savunmalar yap\u0131l\u0131rken san\u0131k ve avukat\u0131na s\u00fcre s\u0131n\u0131r\u0131 konulamayaca\u011f\u0131&#8221; \u015feklinde&#8230;<\/p>\n<p style=\"text-align: justify;\"><strong>&#8220;Gizli tan\u0131kl\u0131k&#8221;, &#8220;gizli soru\u015fturma delilleri&#8221; kald\u0131r\u0131lmad\u0131, aksine bilirki\u015filer de &#8220;gizlendi&#8221;<\/strong><\/p>\n<p style=\"text-align: justify;\">Uzun s\u00fcreli tutukluluklarla ilgili bir geli\u015fme g\u00f6r\u00fclmezken, bir as\u0131ls\u0131z ihbar mektubuna, birka\u00e7 gizli tan\u0131\u011fa, gizli soru\u015fturma delillerine dayand\u0131r\u0131lan tutuklamalar\u0131n ve davalar\u0131n da sonunun gelmeyece\u011fi anla\u015f\u0131l\u0131yor. \u00c7\u00fcnk\u00fc AKP h\u00fck\u00fcmetinin yeni yarg\u0131 &#8220;reformu&#8221; paketinde bu konularla ilgili hi\u00e7bir de\u011fi\u015fiklik yer alm\u0131yor.<\/p>\n<p style=\"text-align: justify;\">Tan\u0131k ve &#8220;kan\u0131t&#8221;lar\u0131n \u015f\u00fcphelilerden ka\u00e7\u0131r\u0131ld\u0131\u011f\u0131 yarg\u0131lama s\u00fcre\u00e7lerine ili\u015fkin y\u00fczlerce haber bas\u0131na yans\u0131m\u0131\u015fken, gizli tutulanlar\u0131n aras\u0131na birisi daha ekleniyor. Ter\u00f6rle M\u00fccadele Kanunu kapsam\u0131ndaki davalarda bilirki\u015filik yapan ki\u015filerin isimlerine, &#8220;hedef olmamalar\u0131 i\u00e7in&#8221; bundan b\u00f6yle raporlarda yer verilmeyece\u011fi a\u00e7\u0131kland\u0131. Bilirki\u015filerin adlar\u0131n\u0131n sans\u00fcrlenece\u011fi bilgisi, haz\u0131rlad\u0131klar\u0131 raporlar\u0131n g\u00fcvenilmezli\u011fi defalarca kan\u0131tlanm\u0131\u015f ve san\u0131k avukatlar\u0131n\u0131n g\u00fcvenilir bilirki\u015fi aramak zorunda kalmalar\u0131na yol a\u00e7m\u0131\u015f say\u0131s\u0131z \u00f6rne\u011fin de\u015fifre edildi\u011fi davalarda, bilirki\u015filik kurumunun daha da karanl\u0131k i\u015flere alet edilece\u011finin i\u015faretini veriyor.<\/p>\n<p style=\"text-align: justify;\"><strong>Gizli dinlemelere devam&#8230; ve, hangi gazetecilere \u00f6zg\u00fcrl\u00fck?<\/strong><\/p>\n<p style=\"text-align: justify;\">Sadullah Ergin&#8217;in a\u00e7\u0131klad\u0131\u011f\u0131 yarg\u0131 &#8220;reformu&#8221; paketinde, ge\u00e7ti\u011fimiz yasama d\u00f6neminde, &#8220;bas\u0131n \u00f6zg\u00fcrl\u00fc\u011f\u00fcn\u00fcn s\u0131n\u0131rlar\u0131n\u0131n geni\u015fletilmesi&#8221; i\u00e7in haz\u0131rland\u0131\u011f\u0131 iddia edilmesine kar\u015f\u0131n ciddi ele\u015ftirilerle kar\u015f\u0131lanan d\u00fczenlemenin b\u00fcy\u00fck \u00f6l\u00e7\u00fcde yer alaca\u011f\u0131 anla\u015f\u0131ld\u0131.<\/p>\n<p style=\"text-align: justify;\">D\u00fczenlemede, istihbarat i\u00e7in telefon konu\u015fmalar\u0131n\u0131n dinlenmesi su\u00e7 say\u0131lmazken, bu konu\u015fmalar\u0131n yay\u0131mlanmas\u0131n\u0131n da su\u00e7 olmayaca\u011f\u0131, iddianamelerde yer verilen \u00f6zel hayata ili\u015fkin bilgilerin haber yap\u0131lmas\u0131n\u0131n su\u00e7 say\u0131lmayaca\u011f\u0131, gizlili\u011fi ihlal edilerek elde edilmi\u015f kayd\u0131n bir kez yay\u0131m\u0131 halinde, buna dayanarak haberle\u015ftirilmesinin su\u00e7 olu\u015fturmayaca\u011f\u0131 gibi d\u00fczenlemeler yer al\u0131yordu. Buna kar\u015f\u0131l\u0131k, yarg\u0131\u00e7lar hakk\u0131ndaki ele\u015ftirilerin bile su\u00e7 say\u0131lmas\u0131n\u0131n \u00f6n\u00fc a\u00e7\u0131l\u0131yordu.<\/p>\n<p style=\"text-align: justify;\">San\u0131k avukatlar\u0131ndan \u00f6nce yanda\u015f bas\u0131na, \u00fcstelik bavulla belge verilmesine varan hukuksuzlu\u011fun, yine bavulcular\u0131 de\u011fil, evleri ve i\u015fyerleri bas\u0131lan, bilgisayarlar\u0131na ve bas\u0131lmam\u0131\u015f kitaplar\u0131na el koyulan ger\u00e7ek gazetecileri vurmaya devam edece\u011fi anla\u015f\u0131l\u0131yor.<\/p>\n<p style=\"text-align: justify;\"><a href=\"http:\/\/haber.sol.org.tr\/devlet-ve-siyaset\/bu-paket-akp-hukuksuzlugunu-daha-da-guclendirecek-haberi-50682\" target=\"_blank\">Kaynak : soL-Haber Merkezi<\/a><\/p>\n","protected":false},"excerpt":{"rendered":"<p style=\"text-align: center;\">\n<p style=\"text-align: justify;\">AKP yeni yarg\u0131 reformu paketini a\u00e7\u0131klad\u0131. Pakete umut ba\u011flayanlar fena halde yan\u0131lacak. D\u00fczenlemeler yarg\u0131n\u0131n sorunlar\u0131n\u0131 \u00e7\u00f6zmek bir yana, AKP&#8217;nin yaratt\u0131\u011f\u0131 yeni hukuk rejiminin sakat yanlar\u0131n\u0131 daha da g\u00fc\u00e7lendiriyor.<\/p>\n<p style=\"text-align: justify;\">AKP h\u00fck\u00fcmetinin &#8220;yarg\u0131n\u0131n h\u0131zland\u0131r\u0131lmas\u0131&#8221; iddias\u0131yla haz\u0131rlad\u0131\u011f\u0131 yarg\u0131 &#8220;reformu&#8221; paketi, d\u00fcn Adalet Bakan\u0131 Sadullah Ergin taraf\u0131ndan bas\u0131na a\u00e7\u0131kland\u0131. 100 maddeden olu\u015fan <\/p>\n","protected":false},"author":1,"featured_media":0,"comment_status":"open","ping_status":"open","sticky":false,"template":"","format":"standard","meta":{"footnotes":""},"categories":[105],"tags":[],"class_list":["post-47553","post","type-post","status-publish","format-standard","hentry","category-gundem","odd"],"_links":{"self":[{"href":"http:\/\/www.korhanyilmaz.com\/index.php?rest_route=\/wp\/v2\/posts\/47553","targetHints":{"allow":["GET"]}}],"collection":[{"href":"http:\/\/www.korhanyilmaz.com\/index.php?rest_route=\/wp\/v2\/posts"}],"about":[{"href":"http:\/\/www.korhanyilmaz.com\/index.php?rest_route=\/wp\/v2\/types\/post"}],"author":[{"embeddable":true,"href":"http:\/\/www.korhanyilmaz.com\/index.php?rest_route=\/wp\/v2\/users\/1"}],"replies":[{"embeddable":true,"href":"http:\/\/www.korhanyilmaz.com\/index.php?rest_route=%2Fwp%2Fv2%2Fcomments&post=47553"}],"version-history":[{"count":0,"href":"http:\/\/www.korhanyilmaz.com\/index.php?rest_route=\/wp\/v2\/posts\/47553\/revisions"}],"wp:attachment":[{"href":"http:\/\/www.korhanyilmaz.com\/index.php?rest_route=%2Fwp%2Fv2%2Fmedia&parent=47553"}],"wp:term":[{"taxonomy":"category","embeddable":true,"href":"http:\/\/www.korhanyilmaz.com\/index.php?rest_route=%2Fwp%2Fv2%2Fcategories&post=47553"},{"taxonomy":"post_tag","embeddable":true,"href":"http:\/\/www.korhanyilmaz.com\/index.php?rest_route=%2Fwp%2Fv2%2Ftags&post=47553"}],"curies":[{"name":"wp","href":"https:\/\/api.w.org\/{rel}","templated":true}]}}