{"id":47542,"date":"2012-01-24T15:37:04","date_gmt":"2012-01-24T13:37:04","guid":{"rendered":"http:\/\/www.korhanyilmaz.com\/?p=47542"},"modified":"2012-01-24T17:09:12","modified_gmt":"2012-01-24T15:09:12","slug":"turkiye-arap-baharina-degil-kendine-baksin","status":"publish","type":"post","link":"http:\/\/www.korhanyilmaz.com\/?p=47542","title":{"rendered":"&#8216;T\u00fcrkiye Arap Bahar\u0131&#8217;na de\u011fil kendine baks\u0131n&#8217;"},"content":{"rendered":"<p style=\"text-align: center;\"><a href=\"http:\/\/www.korhanyilmaz.com\/wp-content\/uploads\/2012\/01\/9436.jpg\"  class=\"lightview\"><img loading=\"lazy\" decoding=\"async\" class=\"aligncenter  wp-image-47543\" src=\"http:\/\/www.korhanyilmaz.com\/wp-content\/uploads\/2012\/01\/9436.jpg\" alt=\"\" width=\"326\" height=\"188\" \/><\/a><\/p>\n<p style=\"text-align: justify;\">\u0130nsan Haklar\u0131 \u0130zleme \u00d6rg\u00fct\u00fc geleneksel olarak yay\u0131nlad\u0131\u011f\u0131 y\u0131ll\u0131k raporunda T\u00fcrkiye&#8217;yi ifade \u00f6zg\u00fcrl\u00fc\u011f\u00fcn\u00fc s\u0131n\u0131rlayan uygulamalar\u0131 nedeniyle ele\u015ftirdi. T\u00fcrkiye&#8217;nin Arap Bahar\u0131 yerine kendi insan haklar\u0131yla ilgilenmesi istendi.<\/p>\n<p style=\"text-align: justify;\">Merkezi Londra&#8217;da bulunan \u0130nsan Haklar\u0131 \u0130zleme \u00d6rg\u00fct\u00fc, 90 \u00fclkeyi kapsayan, 676 sayfal\u0131k raporda Arap Bahar\u0131&#8217;na destek veren T\u00fcrkiye&#8217;nin kendi i\u00e7indeki insan haklar\u0131 ve demokrasi sorunlar\u0131yla da ilgilenmesi uyar\u0131s\u0131nda bulundu.\u00a0<!--more--><\/p>\n<p style=\"text-align: justify;\">Raporda gazetecilerin, yazarlar\u0131n, politikac\u0131lar\u0131n ve muhalif duru\u015fu olanlar\u0131n cezaevine g\u00f6nderilmesi ele\u015ftirildi.<\/p>\n<p style=\"text-align: justify;\">Raporda yeterli delil olmayan ki\u015filerin bile ceza ald\u0131klar\u0131, gazeteciler ve yazarlar hakk\u0131nda s\u00fcrekli davalar a\u00e7\u0131ld\u0131\u011f\u0131, ifade \u00f6zg\u00fcrl\u00fc\u011f\u00fcn\u00fcn de bask\u0131 alt\u0131na al\u0131nd\u0131\u011f\u0131 belirtilerek, &#8220;mahkemelerin ifade \u00f6zg\u00fcrl\u00fc\u011f\u00fcn\u00fc korumakta yetersiz kald\u0131\u011f\u0131&#8221; vurguland\u0131.<\/p>\n<p style=\"text-align: justify;\"><strong>KADIN HAKLARI KORUNAMIYOR<\/strong><\/p>\n<p style=\"text-align: justify;\">T\u00fcrkiye&#8217;de kad\u0131na kar\u015f\u0131 \u015fiddet uygulamas\u0131n\u0131n da s\u00fcrd\u00fc\u011f\u00fc belirtilen raporda gerek polis gerekse mahkemelerin kad\u0131n\u0131n haklar\u0131n\u0131 korumakta yetersiz kald\u0131\u011f\u0131 vurguland\u0131.<\/p>\n<p style=\"text-align: justify;\"><strong>POL\u0130S \u015e\u0130DDET\u0130 HALA SORUN<\/strong><\/p>\n<p style=\"text-align: justify;\">\u0130nsan Haklar\u0131 \u0130zleme \u00d6rg\u00fct\u00fc&#8217;n\u00fcn y\u0131ll\u0131k raporunda, T\u00fcrkiye&#8217;de g\u00f6stericilere kar\u015f\u0131 polisin orant\u0131s\u0131z \u015fiddet kullan\u0131m\u0131n\u0131n hala \u00f6nemli bir sorun oldu\u011fu dile getirildi.<\/p>\n<p style=\"text-align: justify;\"><a href=\"http:\/\/www.ntvmsnbc.com\/id\/25316434\" target=\"_blank\">Kaynak : NTVMSNBC<\/a><\/p>\n","protected":false},"excerpt":{"rendered":"<p style=\"text-align: center;\">\n<p style=\"text-align: justify;\">\u0130nsan Haklar\u0131 \u0130zleme \u00d6rg\u00fct\u00fc geleneksel olarak yay\u0131nlad\u0131\u011f\u0131 y\u0131ll\u0131k raporunda T\u00fcrkiye&#8217;yi ifade \u00f6zg\u00fcrl\u00fc\u011f\u00fcn\u00fc s\u0131n\u0131rlayan uygulamalar\u0131 nedeniyle ele\u015ftirdi. T\u00fcrkiye&#8217;nin Arap Bahar\u0131 yerine kendi insan haklar\u0131yla ilgilenmesi istendi.<\/p>\n<p style=\"text-align: justify;\">Merkezi Londra&#8217;da bulunan \u0130nsan Haklar\u0131 \u0130zleme \u00d6rg\u00fct\u00fc, 90 \u00fclkeyi kapsayan, 676 sayfal\u0131k raporda Arap Bahar\u0131&#8217;na destek veren T\u00fcrkiye&#8217;nin kendi i\u00e7indeki insan haklar\u0131 ve <\/p>\n","protected":false},"author":1,"featured_media":0,"comment_status":"open","ping_status":"open","sticky":false,"template":"","format":"standard","meta":{"footnotes":""},"categories":[3],"tags":[],"class_list":["post-47542","post","type-post","status-publish","format-standard","hentry","category-dunya","odd"],"_links":{"self":[{"href":"http:\/\/www.korhanyilmaz.com\/index.php?rest_route=\/wp\/v2\/posts\/47542","targetHints":{"allow":["GET"]}}],"collection":[{"href":"http:\/\/www.korhanyilmaz.com\/index.php?rest_route=\/wp\/v2\/posts"}],"about":[{"href":"http:\/\/www.korhanyilmaz.com\/index.php?rest_route=\/wp\/v2\/types\/post"}],"author":[{"embeddable":true,"href":"http:\/\/www.korhanyilmaz.com\/index.php?rest_route=\/wp\/v2\/users\/1"}],"replies":[{"embeddable":true,"href":"http:\/\/www.korhanyilmaz.com\/index.php?rest_route=%2Fwp%2Fv2%2Fcomments&post=47542"}],"version-history":[{"count":0,"href":"http:\/\/www.korhanyilmaz.com\/index.php?rest_route=\/wp\/v2\/posts\/47542\/revisions"}],"wp:attachment":[{"href":"http:\/\/www.korhanyilmaz.com\/index.php?rest_route=%2Fwp%2Fv2%2Fmedia&parent=47542"}],"wp:term":[{"taxonomy":"category","embeddable":true,"href":"http:\/\/www.korhanyilmaz.com\/index.php?rest_route=%2Fwp%2Fv2%2Fcategories&post=47542"},{"taxonomy":"post_tag","embeddable":true,"href":"http:\/\/www.korhanyilmaz.com\/index.php?rest_route=%2Fwp%2Fv2%2Ftags&post=47542"}],"curies":[{"name":"wp","href":"https:\/\/api.w.org\/{rel}","templated":true}]}}