{"id":47534,"date":"2012-01-24T14:47:43","date_gmt":"2012-01-24T12:47:43","guid":{"rendered":"http:\/\/www.korhanyilmaz.com\/?p=47534"},"modified":"2012-01-24T15:47:40","modified_gmt":"2012-01-24T13:47:40","slug":"piskin-ve-pervasiz-fransa-yonetimi","status":"publish","type":"post","link":"http:\/\/www.korhanyilmaz.com\/?p=47534","title":{"rendered":"&#8220;Pi\u015fkin ve pervas\u0131z Fransa y\u00f6netimi&#8221;"},"content":{"rendered":"<p style=\"text-align: justify;\"><a href=\"http:\/\/www.korhanyilmaz.com\/wp-content\/uploads\/2012\/01\/9434.jpg\"  class=\"lightview\"><img loading=\"lazy\" decoding=\"async\" class=\"aligncenter size-full wp-image-47535\" title=\"\" src=\"http:\/\/www.korhanyilmaz.com\/wp-content\/uploads\/2012\/01\/9434.jpg\" alt=\"\" width=\"292\" height=\"224\" \/><\/a><\/p>\n<p style=\"text-align: justify;\">MHP Genel Ba\u015fkan\u0131 Devlet Bah\u00e7eli, Fransa Senatosunun karar\u0131na ili\u015fkin, &#8220;Pi\u015fkin ve pervas\u0131z Fransa y\u00f6netimi, seri cinayetlere d\u00f6n\u00fck merak\u0131 ve ilgisi varsa \u00f6nce aynaya bakmal\u0131 ve zalimlikle i\u00e7 i\u00e7e ge\u00e7en karanl\u0131k surat\u0131 orada g\u00f6rmelidir&#8221; dedi.<\/p>\n<p style=\"text-align: justify;\">Bah\u00e7eli, partisinin grup toplant\u0131s\u0131nda yapt\u0131\u011f\u0131 konu\u015fmada, &#8220;1915 olaylar\u0131na ili\u015fkin Ermeni iddialar\u0131n\u0131 inkar edenlere para ve hapis cezas\u0131 verilmesini&#8221; \u00f6ng\u00f6ren teklifin, Fransa Senatosu&#8217;nda da kabul edildi\u011fini an\u0131msatt\u0131.<!--more--><\/p>\n<p style=\"text-align: justify;\">Bundan b\u00f6yle Fransa&#8217;da Ermeni iddialar\u0131n\u0131 reddetmenin cezai yapt\u0131r\u0131ma ba\u011fland\u0131\u011f\u0131n\u0131 belirten Bah\u00e7eli, &#8220;Diaspora yeni bir zaferini bu sayede elde etmi\u015ftir&#8221; dedi.<\/p>\n<p style=\"text-align: justify;\">&#8220;Fransa&#8217;n\u0131n d\u00fc\u015f\u00fcnce \u00f6zg\u00fcrl\u00fc\u011f\u00fcne kelep\u00e7e vuran, ifadeyi zapturapt alan bu \u00e7irkinli\u011fini aziz milletimiz affetmeyecek ve bu sefilli\u011fi asla unutmayacakt\u0131r&#8221; diyen Bah\u00e7eli, \u015f\u00f6yle devam etti: &#8220;Tarihimizi yarg\u0131lama c\u00fcretini kendinde g\u00f6ren s\u00f6m\u00fcrgenin kanl\u0131 di\u015flisi bu \u00fclke, T\u00fcrk milletinin ge\u00e7mi\u015finde mezalim de\u011fil, bulsa bulsa adalet, insaniyet ve merhamet bulabilecektir. Sarkozy y\u00f6netimi, katliamla ilgili iz s\u00fcrmekte kararl\u0131s\u0131 ise tavsiyemiz \u00f6nce kendi koku\u015fmu\u015f tarihlerinden i\u015fe ba\u015flamalar\u0131 ve<\/p>\n<p style=\"text-align: justify;\">ba\u015flar\u0131n\u0131 Afrika&#8217;dan Ortado\u011fu&#8217;ya kadar \u00e7evirmeleridir. Pi\u015fkin ve pervas\u0131z Fransa y\u00f6netimi, seri cinayetlere d\u00f6n\u00fck merak\u0131 ve ilgisi varsa \u00f6nce aynaya bakmal\u0131 ve zalimlikle i\u00e7 i\u00e7e ge\u00e7en karanl\u0131k surat\u0131 orada g\u00f6rmelidir.<\/p>\n<p style=\"text-align: justify;\">T\u00fcrk milletinin ge\u00e7mi\u015finde soyk\u0131r\u0131m yoktur. Utanaca\u011f\u0131, s\u0131k\u0131laca\u011f\u0131 ve anlatamayaca\u011f\u0131 vah\u015fet manzaralar\u0131 da Allah&#8217;a \u015f\u00fck\u00fcrler olsun ki bulunmamaktad\u0131r. Fransa Cumhurba\u015fkan\u0131 Sarkozy siyasi kayg\u0131lar\u0131 ve geleneksel \u00e7izgisi nedeniyle, Ermeni avukatl\u0131\u011f\u0131na, diaspora s\u00f6zc\u00fcl\u00fc\u011f\u00fcne ve soyk\u0131r\u0131m yalan\u0131 \u00fcretimine soyunaca\u011f\u0131na kendi bozuk siyasi siciline ve ileri derecede ku\u015fku uyand\u0131ran mizac\u0131na odaklanmal\u0131d\u0131r. Partimiz, Fransa Senatosunun bu karar\u0131n\u0131, uydurma soyk\u0131r\u0131m iddialar\u0131n\u0131 inkar edenlere ceza verilmesini karara ba\u011flayan bu soysuzlu\u011fu lanetlemekte ve t\u00fcm varl\u0131\u011f\u0131yla k\u0131namaktad\u0131r.&#8221;<\/p>\n<p style=\"text-align: justify;\"><strong>-&#8220;Ermenistan uydulu\u011fu&#8230;&#8221;-<\/strong><\/p>\n<p style=\"text-align: justify;\">&#8220;Bu k\u00fcstahl\u0131\u011f\u0131n cevaps\u0131z b\u0131rak\u0131lmamas\u0131 konusunda AKP h\u00fck\u00fcmeti atalet ve zafiyet g\u00f6stermemelidir&#8221; ifadesini kullanan Bah\u00e7eli, &#8220;Ancak Dersim isyan\u0131n\u0131 \u00f6nleme ve engelleme \u00e7abalar\u0131na bile &#8216;katliam&#8217; diyen Ba\u015fbakan ve h\u00fck\u00fcmetinin, s\u00f6zde soyk\u0131r\u0131m iddialar\u0131n\u0131 bo\u015fa \u00e7\u0131karmas\u0131 ve samimiyetle m\u00fccadele etmesi bir hayli zor g\u00f6r\u00fclmektedir&#8221; diye konu\u015ftu.<\/p>\n<p style=\"text-align: justify;\">&#8220;S\u00f6zde Ermeni soyk\u0131r\u0131m korosu bo\u015funa ve nafile yere \u00fcmitlenmemesini&#8221;isteyen Bah\u00e7eli, s\u00f6zlerini \u015f\u00f6yle s\u00fcrd\u00fcrd\u00fc: &#8220;Meydanlarda \u00f6l\u00fcm \u00fczerinden Ermenistan uydulu\u011fu ve propagandas\u0131 yapanlar hemen sevinmesin. Zira arad\u0131klar\u0131 ve bekledikleri katliamc\u0131 su\u00e7lamas\u0131n\u0131 T\u00fcrk milletine kabul ettirmeye kimsenin g\u00fcc\u00fc yetmeyecektir. S\u00f6zde Ermeni soyk\u0131r\u0131m yalan\u0131ndan fayda uman zavall\u0131lar, Da\u011fl\u0131k Karaba\u011f&#8217;daki insanl\u0131k su\u00e7unu, Hocal\u0131&#8217;daki k\u0131y\u0131m\u0131, vatan\u0131m\u0131zdaki Ermeni mezalimini hayatlar\u0131n\u0131n hi\u00e7bir d\u00f6neminde a\u011f\u0131zlar\u0131na dahi almam\u0131\u015flard\u0131r. Bu vesileyle Ermeni sald\u0131r\u0131lar\u0131 sonucunda, hem \u00fclkemizde hem de Da\u011fl\u0131k Karaba\u011f&#8217;da \u015fehit d\u00fc\u015fenleri bir kez daha rahmetle an\u0131yorum.<\/p>\n<p style=\"text-align: justify;\">Ayr\u0131ca Karaba\u011f vah\u015fetinin provas\u0131 niteli\u011finde olan 20 Ocak 1990 Bak\u00fc katliam\u0131nda hayatlar\u0131n\u0131 kaybeden soyda\u015flar\u0131m\u0131za da Cenab-\u0131 Allah&#8217;tan rahmet diliyor, hepsini sayg\u0131 ve h\u00fcrmetle yad ediyorum.&#8221;<\/p>\n<p style=\"text-align: justify;\"><strong>-Emeklilerin intibak yasas\u0131 \u00e7al\u0131\u015fmalar\u0131-<\/strong><\/p>\n<p style=\"text-align: justify;\">Bah\u00e7eli, emeklileri ilgilendiren intibaka ili\u015fkin yasa \u00e7al\u0131\u015fmalar\u0131na da de\u011finmek istedi\u011fini belirterek, &#8220;Emekli karde\u015flerimizin maa\u015f fark\u0131n\u0131n ortadan kald\u0131r\u0131lmas\u0131n\u0131 hedefleyen intibak i\u015flemlerinin bir y\u0131l ertelenmesi AKP&#8217;nin beceriksizli\u011fini ve art niyetini tekrar ortaya koymu\u015ftur. A\u00e7\u0131kt\u0131r ki maa\u015flardaki intibaklar\u0131n tam bir y\u0131l sonra hayata ge\u00e7ecek olmas\u0131 tam bir izans\u0131zl\u0131k ve insafs\u0131zl\u0131kt\u0131r&#8221; \u015feklinde konu\u015ftu.<\/p>\n<p style=\"text-align: justify;\">A\u00e7\u0131klamalar paralelinde, intibak i\u015flemlerinden 1 milyon 913 bin i\u015f\u00e7i emeklisinin yararlanaca\u011f\u0131n\u0131n anla\u015f\u0131ld\u0131\u011f\u0131n\u0131 belirten Bah\u00e7eli, \u015f\u00f6yle konu\u015ftu: &#8220;Ne var ki bu kapsamdaki emeklilerimizden yakla\u015f\u0131k 850 bini intibaktan faydalanamayacakt\u0131r. \u00dcstelik emekli maa\u015flar\u0131na yans\u0131yacak ilave tutarlar\u0131n alt ve \u00fcst s\u0131n\u0131rlar\u0131n\u0131n komik rakamlar olaca\u011f\u0131 g\u00f6z \u00f6n\u00fcne al\u0131nd\u0131\u011f\u0131nda, AKP&#8217;nin yeni bir kand\u0131rma ve aldatma ser\u00fcvenine girdi\u011fi bariz olarak g\u00f6r\u00fclebilecektir. Emeklilerimizi \u00e7aresiz b\u0131rakan ve onlara verdi\u011fi s\u00f6zleri tutmayan h\u00fck\u00fcmetin, refah paylar\u0131n\u0131 derhal yukar\u0131 \u00e7ekmesi, intibak i\u015flemlerinden daha fazla emeklimizin faydalanmas\u0131n\u0131n \u00f6n\u00fcn\u00fc a\u00e7mas\u0131 ve \u00f6demeleri de bir an \u00f6nce sa\u011flamas\u0131 gerekmektedir.&#8221;<\/p>\n<p style=\"text-align: justify;\"><a href=\"http:\/\/www.cnnturk.com\/2012\/turkiye\/01\/24\/piskin.ve.pervasiz.fransa.yonetimi\/646156.0\/index.html\" target=\"_blank\">Kaynak : CNN T\u00dcRK<\/a><\/p>\n","protected":false},"excerpt":{"rendered":"<p style=\"text-align: justify;\">\n<p style=\"text-align: justify;\">MHP Genel Ba\u015fkan\u0131 Devlet Bah\u00e7eli, Fransa Senatosunun karar\u0131na ili\u015fkin, &#8220;Pi\u015fkin ve pervas\u0131z Fransa y\u00f6netimi, seri cinayetlere d\u00f6n\u00fck merak\u0131 ve ilgisi varsa \u00f6nce aynaya bakmal\u0131 ve zalimlikle i\u00e7 i\u00e7e ge\u00e7en karanl\u0131k surat\u0131 orada g\u00f6rmelidir&#8221; dedi.<\/p>\n<p style=\"text-align: justify;\">Bah\u00e7eli, partisinin grup toplant\u0131s\u0131nda yapt\u0131\u011f\u0131 konu\u015fmada, &#8220;1915 olaylar\u0131na ili\u015fkin Ermeni iddialar\u0131n\u0131 inkar edenlere para <\/p>\n","protected":false},"author":1,"featured_media":0,"comment_status":"open","ping_status":"open","sticky":false,"template":"","format":"standard","meta":{"footnotes":""},"categories":[105],"tags":[],"class_list":["post-47534","post","type-post","status-publish","format-standard","hentry","category-gundem","odd"],"_links":{"self":[{"href":"http:\/\/www.korhanyilmaz.com\/index.php?rest_route=\/wp\/v2\/posts\/47534","targetHints":{"allow":["GET"]}}],"collection":[{"href":"http:\/\/www.korhanyilmaz.com\/index.php?rest_route=\/wp\/v2\/posts"}],"about":[{"href":"http:\/\/www.korhanyilmaz.com\/index.php?rest_route=\/wp\/v2\/types\/post"}],"author":[{"embeddable":true,"href":"http:\/\/www.korhanyilmaz.com\/index.php?rest_route=\/wp\/v2\/users\/1"}],"replies":[{"embeddable":true,"href":"http:\/\/www.korhanyilmaz.com\/index.php?rest_route=%2Fwp%2Fv2%2Fcomments&post=47534"}],"version-history":[{"count":0,"href":"http:\/\/www.korhanyilmaz.com\/index.php?rest_route=\/wp\/v2\/posts\/47534\/revisions"}],"wp:attachment":[{"href":"http:\/\/www.korhanyilmaz.com\/index.php?rest_route=%2Fwp%2Fv2%2Fmedia&parent=47534"}],"wp:term":[{"taxonomy":"category","embeddable":true,"href":"http:\/\/www.korhanyilmaz.com\/index.php?rest_route=%2Fwp%2Fv2%2Fcategories&post=47534"},{"taxonomy":"post_tag","embeddable":true,"href":"http:\/\/www.korhanyilmaz.com\/index.php?rest_route=%2Fwp%2Fv2%2Ftags&post=47534"}],"curies":[{"name":"wp","href":"https:\/\/api.w.org\/{rel}","templated":true}]}}