{"id":4753,"date":"2009-03-08T10:57:14","date_gmt":"2009-03-08T08:57:14","guid":{"rendered":"http:\/\/www.korhanyilmaz.com\/?p=4753"},"modified":"2009-03-08T10:57:14","modified_gmt":"2009-03-08T08:57:14","slug":"28-subat%e2%80%99in-cumhurbaskani-28-subat%e2%80%99i-anlatiyor-1","status":"publish","type":"post","link":"http:\/\/www.korhanyilmaz.com\/?p=4753","title":{"rendered":"28 \u015eubat&#039;\u0131n neresi darbe! 29 \u015eubat&#039;ta herkes yerindeydi&#8230;"},"content":{"rendered":"<p style=\"text-align: center;\">\n<p style=\"text-align: center;\"><img loading=\"lazy\" decoding=\"async\" class=\"aligncenter size-full wp-image-4957\" title=\"28 \u015eubat'\u0131n neresi darbe! 29 \u015eubat'ta herkes yerindeydi... \" src=\"http:\/\/www.korhanyilmaz.com\/wp-content\/uploads\/2009\/03\/120320090337022379932_3.jpg\" alt=\"120320090337022379932_3\" width=\"305\" height=\"92\" \/><\/p>\n<p><span style=\"color: #888888;\">28 \u015eUBAT&#8217;IN CUMHURBA\u015eKANI 28 \u015eUBAT&#8217;I ANLATIYOR : <a href=\"http:\/\/www.korhanyilmaz.com\/?p=4753\" target=\"_self\">1<\/a> &#8211; <a href=\"http:\/\/www.korhanyilmaz.com\/?p=4729\" target=\"_self\">2<\/a> &#8211;<a href=\"http:\/\/www.korhanyilmaz.com\/?p=4791\"> 3<\/a> &#8211;<a href=\"http:\/\/www.korhanyilmaz.com\/?p=4946\" target=\"_self\"> 4 <\/a>&#8211; <a href=\"http:\/\/www.korhanyilmaz.com\/?p=5291\">5<\/a> &#8211; <a href=\"http:\/\/www.korhanyilmaz.com\/?p=5297\">6<\/a><\/span><\/p>\n<p style=\"text-align: justify;\"><strong>28 \u015eubat&#8217;\u0131n neresi darbe! 29 \u015eubat&#8217;ta herkes yerindeydi&#8230; <\/strong><\/p>\n<p style=\"text-align: justify;\">Dokuzuncu Cumhurba\u015fkan\u0131 S\u00fcleyman Demirel&#8217;in yorumlar\u0131yla yak\u0131n tarihin en \u00e7alkant\u0131l\u0131 d\u00f6nemlerinden 28 \u015eubat 1997 s\u00fcreci:<\/p>\n<p style=\"text-align: justify;\">Tansu \u00c7iller&#8217;le o g\u00fcn g\u00f6r\u00fc\u015fmemiz vard\u0131. G\u00f6r\u00fc\u015fme bitince odadan \u00e7\u0131kt\u0131, d\u0131\u015far\u0131da \u00f6\u011frenmi\u015f panik i\u00e7inde odaya girdi &#8220;Tanklar y\u00fcr\u00fcm\u00fc\u015f&#8221; dedi. Tabii kolay de\u011fil can pazar\u0131&#8230;<\/p>\n<p style=\"text-align: justify;\">Ben de &#8220;Y\u00fcr\u00fcrse y\u00fcr\u00fcr bir \u015fey olmaz, sen i\u015fine git&#8221; dedim&#8230; Tanklar y\u00fcr\u00fcse sadece onun<\/p>\n<p style=\"text-align: justify;\">\u00fcst\u00fcne y\u00fcr\u00fcmez ki tanklar devletin \u00fcst\u00fcne y\u00fcr\u00fcr. Devletin ba\u015f\u0131nda da ben var\u0131m<\/p>\n<p style=\"text-align: justify;\"><strong> 28 \u015eubat&#8217;\u0131n sembol\u00fc say\u0131lan &#8220;tanklar\u0131n Sincan&#8217;da y\u00fcr\u00fcmesini&#8221; siz nas\u0131l \u00f6\u011frendiniz?<\/strong><\/p>\n<p style=\"text-align: justify;\">\u00d6zel kalemime haber vermi\u015fler. \u00d6zel Kalem M\u00fcd\u00fcr\u00fc bir ka\u011f\u0131t getirdi \u00f6n\u00fcme koydu. Ben tela\u015f yapmad\u0131m.<!--more--><\/p>\n<p style=\"text-align: justify;\"><strong>Akl\u0131n\u0131za ne geldi?<\/strong><\/p>\n<p style=\"text-align: justify;\">Do\u011frusu asker m\u00fcdahalesi olabilece\u011fini d\u00fc\u015f\u00fcnmedim. Asker m\u00fcdahalesi olacak olsa tanklar Sincan&#8217;da de\u011fil ba\u015fka yerde y\u00fcr\u00fcr.<\/p>\n<p style=\"text-align: justify;\"><strong>Sizin o g\u00fcn D\u0131\u015fi\u015fleri Bakan\u0131 Tansu \u00c7iller&#8217;le bir g\u00f6r\u00fc\u015fmeniz var. G\u00f6r\u00fc\u015fme bitiyor, yan\u0131n\u0131zdan \u00e7\u0131k\u0131yor, sonra tekrar geliyor yan\u0131n\u0131za.<\/strong><\/p>\n<p style=\"text-align: justify;\">Do\u011fru. D\u0131\u015far\u0131da ona s\u00f6ylemi\u015fler, &#8220;Tanklar Sincan&#8217;da&#8221; diye. Tekrar geldi, &#8220;Tanklar y\u00fcr\u00fcm\u00fc\u015f&#8221; dedi. Tanklar devletin tank\u0131, tank y\u00fcr\u00fcyecek bir olay yok. Halk\u0131na kar\u015f\u0131 tank y\u00fcr\u00fct\u00fcp ne yapacak? &#8221; Ben de &#8221; Y\u00fcr\u00fcrse y\u00fcr\u00fcr bir \u015fey olmaz, sen i\u015fine git &#8221; dedim. Benim s\u00f6z\u00fcm tela\u015fs\u0131z, g\u00fcven vericiydi. Tanklar y\u00fcr\u00fcse sadece onun \u00fcst\u00fcne y\u00fcr\u00fcmez ki, tanklar devletin \u00fcst\u00fcne y\u00fcr\u00fcr. Devletin ba\u015f\u0131nda da ben var\u0131m. Ben kayg\u0131lanmad\u0131\u011f\u0131ma g\u00f6re onun da kayg\u0131lanmamas\u0131 laz\u0131m. Ama can pazar\u0131 bu.<\/p>\n<p style=\"text-align: center;\"><img loading=\"lazy\" decoding=\"async\" class=\"aligncenter size-full wp-image-4959\" src=\"http:\/\/www.korhanyilmaz.com\/wp-content\/uploads\/2009\/03\/080320092224301713329_3.jpg\" alt=\"\" width=\"300\" height=\"200\" \/><\/p>\n<p style=\"text-align: justify;\">\n<p style=\"text-align: justify;\"><strong>Tansu Han\u0131m&#8217;da panik hali mi vard\u0131?<\/strong><\/p>\n<p style=\"text-align: justify;\">Vard\u0131.<\/p>\n<p style=\"text-align: justify;\"><strong>Ondan sonra m\u0131 siz Genelkurmay Ba\u015fkan\u0131&#8217;n\u0131 arad\u0131n\u0131z?<\/strong><\/p>\n<p style=\"text-align: justify;\">Manevraya ya da garnizona gidiyormu\u015f, dedi. Anla\u015f\u0131lan onun da \u00e7ok fazla bilgisi yok, a\u015fa\u011f\u0131dakiler organize etmi\u015fler.<\/p>\n<p style=\"text-align: justify;\"><strong>Daha sonra konu\u015fmad\u0131n\u0131z m\u0131?<\/strong><\/p>\n<p style=\"text-align: justify;\">Baz\u0131 \u015feyler \u00e7ok konu\u015fmaya gelmez.<\/p>\n<p style=\"text-align: justify;\"><strong>Sonradan &#8221; balans ayar\u0131 &#8221; diye nitelenen tanklar\u0131n y\u00fcr\u00fcyece\u011finden  haberiniz olsayd\u0131 ne yapard\u0131n\u0131z?<\/strong><\/p>\n<p style=\"text-align: justify;\">Bozard\u0131m. Vars\u0131n y\u00fcr\u00fcs\u00fcnler diyemezsiniz ki. Y\u00fcr\u00fcs\u00fcnler yollar a\u015f\u0131nmaz diyemeyiz ki, \u00e7\u00fcnk\u00fc tank paleti a\u015f\u0131nd\u0131r\u0131r.<\/p>\n<p style=\"text-align: justify;\"><strong>Bu olaydan sonra Tansu \u00c7iller, Genelkurmay Ba\u015fkan\u0131 Karaday\u0131 ve baz\u0131 komutanlar\u0131 g\u00f6revden almak i\u00e7in size geldi mi?<\/strong><\/p>\n<p style=\"text-align: justify;\">Hay\u0131r, kesinlikle do\u011fru de\u011fil.<\/p>\n<p style=\"text-align: justify;\">Hepsi safsata&#8230;<\/p>\n<p style=\"text-align: justify;\"><strong>&#8221; Bir kararname haz\u0131rlasak onaylar m\u0131s\u0131n\u0131z &#8221; demedi mi?<\/strong><\/p>\n<p style=\"text-align: justify;\">Hay\u0131r, hepsi safsata.<\/p>\n<p style=\"text-align: justify;\"><strong>G\u00fcven Erkaya&#8217;n\u0131n an\u0131lar\u0131nda, \u0130slamo\u011flu&#8217;nun kendisine geldi\u011fini ve komutanlar\u0131n emekliye sevkedilmesine ili\u015fkin kararname tasla\u011f\u0131n\u0131 g\u00f6rd\u00fc\u011f\u00fcn\u00fc anlatt\u0131\u011f\u0131 ge\u00e7iyor&#8230;<\/strong><\/p>\n<p style=\"text-align: justify;\">O g\u00fcnk\u00fc sorun Genelkurmay&#8217;da de\u011fil ki. Sorun, laikli\u011fe, moderniteye y\u00f6nelmi\u015f hareketlerden rahats\u0131z olmu\u015f halk k\u00fctleleri vard\u0131. Sorun o.<\/p>\n<p style=\"text-align: justify;\"><strong> Tansu \u00c7iller b\u00f6yle bir kararnameden hi\u00e7 bahsetmedi mi?<\/strong><\/p>\n<p style=\"text-align: justify;\">Hay\u0131r. Zaten gerekirse onu ba\u015fbakan yapar. \u00c7iller yapmaz. Bu kadar \u00f6nemli mesele vekille hallolmaz. Zaten Erbakan da b\u00f6yle bir teklifle gelse, ben sorar\u0131m, &#8221; Ni\u00e7in? &#8221; diye. Ne diyecek? &#8221; Ben Hariciye K\u00f6\u015fk\u00fc&#8217;nde birtak\u0131m tarikat \u00fcyelerini toplad\u0131m buna itiraz ettiler, \u00f6yleyse bunlar\u0131 alal\u0131m, bunun i\u00e7in geldim &#8221; diyebilir miydi? Yahut &#8221; Benim Kayseri&#8217;deki belediye ba\u015fkan\u0131m \u015funlar\u0131 s\u00f6yledi &#8221; ya da &#8221; Sincan&#8217;daki belediye ba\u015fkan\u0131m Kud\u00fcs G\u00fcn\u00fc yapt\u0131, orda \u015funlar oldu, bunlar rahats\u0131z oldular, bunlar\u0131 alal\u0131m &#8221; diyebilir miydi? Burada \u015fikayet eden kim, edilen kim?<\/p>\n<p style=\"text-align: justify;\"><strong>Ama &#8221; darbe yapmak istiyorlar &#8221; diyebilirdi&#8230;<\/strong><\/p>\n<p style=\"text-align: justify;\">Neyin darbesini yapacak? Sen bunlar\u0131 yapt\u0131\u011f\u0131n s\u00fcrece halk rahats\u0131z. Halk rahats\u0131z olunca bunlar da rahats\u0131z. Sen bunlar\u0131 yapmazsan, halk rahats\u0131z olmaz. T\u00fcrkiye&#8217;de herkesin ya\u015fam hakk\u0131 var. Herkesin uymas\u0131 gereken \u015fu Anayasa. Bu Anayasa da laikli\u011fi , moderniteyi getirmi\u015f. &#8220;Bunlara neden uyuyorsunuz&#8221; diye sorun yok, T\u00fcrkiye&#8217;de &#8220;Bunlara neden uymuyorsunuz&#8221; diye sorun var. &#8220;Buna uymay\u0131n&#8221; deniliyorsa e\u011fer, o zaman rahats\u0131zl\u0131k \u00e7\u0131karsa, bu rahats\u0131zl\u0131ktan dolay\u0131 &#8220;kumandanlar\u0131 alal\u0131m&#8221; kim diyebilir ki? Olur mu \u00f6yle \u015fey? Yani ne diyerek gelecekti bana Ba\u015fbakan? &#8220;Bunlar\u0131 alal\u0131m.&#8221; Peki niye alal\u0131m? &#8220;Taksim&#8217;e cami yapaca\u011f\u0131z, onun i\u00e7in \u00e7ad\u0131r kurduk, buna itiraz ettiler. Bunun i\u00e7in alal\u0131m&#8221; m\u0131 diyecekti? Halk\u0131n namaz k\u0131lmak i\u00e7in sorunu yok. 1.756 tane cami var \u0130stanbul&#8217;da. &#8220;Bunlar yad\u0131rgan\u0131yor, yad\u0131rgayan\u0131n kellesini u\u00e7ural\u0131m&#8221; diyebilir miydi?<\/p>\n<p style=\"text-align: justify;\">Yemin etmi\u015fsiniz&#8230;<\/p>\n<p style=\"text-align: center;\"><img loading=\"lazy\" decoding=\"async\" class=\"aligncenter size-full wp-image-4960\" src=\"http:\/\/www.korhanyilmaz.com\/wp-content\/uploads\/2009\/03\/080320092224551835139_3.jpg\" alt=\"\" width=\"300\" height=\"325\" \/><\/p>\n<p style=\"text-align: justify;\"><strong>Defalarca darbe ya\u015fad\u0131n\u0131z ve darbelerden ma\u011fdur oldunuz. O d\u00f6nem komuta kademesinin g\u00f6revden al\u0131nmas\u0131 sizin akl\u0131n\u0131zdan ge\u00e7medi mi hi\u00e7?<\/strong><\/p>\n<p style=\"text-align: justify;\">Hay\u0131r ge\u00e7medi. 28 \u015eubat&#8217;ta gerginlik Genelkurmay&#8217;da de\u011fil ki gerginlik halkta. Her g\u00fcn saat 9.00&#8217;da \u0131\u015f\u0131\u011f\u0131n\u0131 s\u00f6nd\u00fcren halka ne diyeceksin ki&#8230; Her g\u00fcn \u0131\u015f\u0131klar s\u00f6n\u00fcyor, yak\u0131l\u0131yor olmasa, her g\u00fcn T\u00fcrkiye&#8217;de gazeteler birtak\u0131m \u00f6nemli \u015feyleri yazmasa, her g\u00fcn ele\u015ftirilecek h\u00fck\u00fcmet icraat\u0131 olmasa o gerginlik olmazd\u0131. O gerginli\u011fi Genelkurmay&#8217;daki 3-5 ki\u015fiyi de\u011fi\u015ftirmekle ortadan kald\u0131rm\u0131\u015f olmaz, aksine daha da \u00e7o\u011faltm\u0131\u015f olurdunuz. \u00c7\u00fcnk\u00fc gerginli\u011fi meydana getirenler onlar de\u011fildi ki&#8230; Gerginlik vatan sath\u0131ndayd\u0131. Gerginlik tepeden de\u011fil tabandan gelen bir gerginlikti.<\/p>\n<p style=\"text-align: justify;\"><strong>Siz Genelkurmay Ba\u015fkan\u0131&#8217;na &#8220;Bunlar siyasetin i\u015fi, bu meselelere siz kar\u0131\u015fmay\u0131n, her \u015fey de iyi gidiyor&#8221; deseydiniz ne olurdu? <\/strong><\/p>\n<p style=\"text-align: justify;\">O zaman bana sorard\u0131 adam, &#8220;ne iyi gidiyor&#8221;, &#8220;Tarikatlar \u00c7ankaya&#8217;y\u0131 istila etti, sen ne yap\u0131yorsun&#8221; derdi, &#8220;kafan\u0131 kald\u0131r\u0131p baksana&#8221; derdi.<\/p>\n<p style=\"text-align: justify;\"><strong>&#8220;Onlar da bu \u00fclkenin ger\u00e7e\u011fi, demokrasi var, bu se\u00e7ilmi\u015flerin meselesi &#8221; denemez miydi?<\/strong><\/p>\n<p style=\"text-align: justify;\">Hay\u0131r \u00f6yle \u015fey olmaz. Yanl\u0131\u015f olan \u015fey se\u00e7ilmi\u015flerin meselesi olmaz. Se\u00e7ilmi\u015fler yanl\u0131\u015f yapma hakk\u0131na sahip de\u011fildir. Anayasa&#8217;ya sadakatle ba\u011fl\u0131 olmaya yemin etmi\u015fsiniz, laik devlet \u00fczerine yemin etmi\u015fsiniz, devrim \u00fczerine yemin etmi\u015fsiniz. Modern cumhuriyeti korumak size tevdi edilmi\u015f. Siz buna a\u00e7\u0131k\u00e7a ters d\u00fc\u015ft\u00fc\u011f\u00fc i\u00e7in rahats\u0131zl\u0131k meydana getiren hadiselere &#8221; vars\u0131n b\u00f6yle olsun &#8221; derseniz o zaman o safa girersiniz. Ve oturdu\u011funuz yerde oturma hakk\u0131n\u0131 kaybedersiniz.<\/p>\n<p style=\"text-align: justify;\"><strong> Darbe  olur muydu ?<\/strong><\/p>\n<p style=\"text-align: justify;\">Tarih, olmu\u015f hadiselerle u\u011fra\u015f\u0131r, olmam\u0131\u015flarla u\u011fra\u015fmaz&#8230;<\/p>\n<p style=\"text-align: justify;\"><span style=\"color: #993300;\"><strong>29 \u015eubat&#8217;ta herkes yerindeydi  bunun nesi darbe?<\/strong><\/span><\/p>\n<p style=\"text-align: justify;\"><strong>&#8220;28 \u015eubat darbedir, bunu da Demirel yapt\u0131rd\u0131&#8230;&#8221; deniyor. 28 \u015eubat&#8217;\u0131 en iyi bilen sizsiniz, ger\u00e7ekten darbe veya yar\u0131 darbe miydi? <\/strong><\/p>\n<p style=\"text-align: justify;\">\u015eimdi, 28 \u015eubat&#8217;\u0131 anlatay\u0131m da o tek ba\u015f\u0131na hi\u00e7bir \u015fey ifade etmez. Bir gazetenin sayfalar\u0131na s\u0131\u011facak bir \u015fey de\u011fil. &#8220;28 \u015eubat darbedir&#8221; diye 28 \u015eubat&#8217;\u0131n \u00fczerinden 11-12 sene ge\u00e7tikten sonra bu iddialar yap\u0131l\u0131yor. T\u00fcrkiye darbenin ne oldu\u011funu biliyor. Darbe dedi\u011fin zaman, darbeciler geliyor, Meclis&#8217;i kapat\u0131yorlar yahut Meclis&#8217;i kontrol alt\u0131na al\u0131yorlar, h\u00fck\u00fcmeti ortadan kald\u0131r\u0131yorlar, Anayasa&#8217;y\u0131 ortadan kald\u0131r\u0131yorlar ve kendilerine g\u00f6re bir d\u00fczen kuruyorlar. Ya idareyi t\u00fcm\u00fcyle ele al\u0131yorlar yahut idare tam kontrol alt\u0131nda tutuluyor. Peki 28 \u015eubat MGK&#8217;dan sonra 29 \u015eubat g\u00fcn\u00fc T\u00fcrkiye&#8217;de h\u00fck\u00fcmet var m\u0131, Parlamento var m\u0131? Var. Anayasa var m\u0131? Var. Peki kimsenin k\u0131l\u0131na dokunulmu\u015f mu? Hay\u0131r. Herkes yerli yerinde duruyor mu? Duruyor. Bunun nesi darbe?<\/p>\n<p style=\"text-align: justify;\"><strong>Ama bu nedenle &#8220;postmodern darbe&#8221; denmiyor mu? H\u00fck\u00fcmet ertesi g\u00fcn var ama, bir s\u00fcre sonra h\u00fck\u00fcmet de yok, parti de yok&#8230;<\/strong><\/p>\n<p style=\"text-align: justify;\">Neden postmodern? 4 ay ge\u00e7iyor aradan, 18 Haziran&#8217;a geliyorsunuz. Mart, Nisan, May\u0131s ge\u00e7iyor ve Haziran&#8217;\u0131n 18&#8217;i. 4 aya yak\u0131n zaman ge\u00e7iyor. G\u00fcn\u00fcn ba\u015fbakan\u0131 geliyor ve &#8220;ben istifa ediyorum&#8221; diyor. Ona &#8220;istifa et&#8221; diyen var m\u0131? Yok. Kendisine ben soruyorum&#8230;<\/p>\n<p style=\"text-align: justify;\"><strong>&#8220;Havada ikmal yapaca\u011f\u0131z&#8221; diyorlard\u0131&#8230;<\/strong><\/p>\n<p style=\"text-align: justify;\">Ben soruyorum. &#8220;Niye istifa ediyorsunuz?&#8221; O (Ba\u015fbakan Necmettin Erbakan) &#8220;Gerginlik var &#8221; diyor. &#8220;\u0130stifa ediyorsun, ben de sana istifa et diyecektim&#8221; diyen var m\u0131? Yahut ben ona haber g\u00f6nderiyorum, M\u0130T M\u00fcste\u015far\u0131 ile vesaire ile , &#8220;ben bunlarla muhatap oldum, yani istifa ediversin a can\u0131m&#8221; diye. B\u00f6yle bir olay var m\u0131? Yok&#8230;<\/p>\n<p style=\"text-align: justify;\"><strong>Ama siyasi tablo de\u011fi\u015fiyor&#8230;<\/strong><\/p>\n<p style=\"text-align: justify;\">Siyasi tablo her g\u00fcn de\u011fi\u015fiyor zaten. \u015eimdi geliyor, &#8220;ben&#8221; diyor, &#8220;istifa ediyorum ama ba\u015fbakanl\u0131\u011f\u0131 filancaya ver&#8221;. Bu benim bilece\u011fim bir i\u015f. Cumhurba\u015fkan\u0131&#8217;n\u0131n bilece\u011fi bir i\u015f&#8230; Ondan sonraki k\u0131sm\u0131, gene Meclis&#8217;in i\u00e7inden h\u00fck\u00fcmet kuruluyor, gene Meclis&#8217;in g\u00fcvenoyuna mazhar oluyor, T\u00fcrkiye yoluna devam ediyor. Bunun nesi darbe? Ben bunu darbe diyenlere diyorum: Allah&#8217;tan korkun bunun nesi darbe? Bu i\u015fin \u00f6n\u00fc bu. Arkas\u0131 var.<\/p>\n<p style=\"text-align: justify;\"><strong>12 Mart&#8217;la benzerli\u011fi yok mu?<\/strong><\/p>\n<p style=\"text-align: justify;\">Hi\u00e7 yok. 11 Mart g\u00fcn\u00fc ben burada oturuyorum, benim arkamda y\u00fczde 50 oy var. Benim gelip elimden h\u00fck\u00fcmeti ald\u0131lar. 28 \u015eubat&#8217;ta kimin elinden ertesi g\u00fcn h\u00fck\u00fcmet ald\u0131lar?<\/p>\n<p style=\"text-align: center;\"><img loading=\"lazy\" decoding=\"async\" class=\"aligncenter size-full wp-image-4961\" src=\"http:\/\/www.korhanyilmaz.com\/wp-content\/uploads\/2009\/03\/080320092225331964238_3.jpg\" alt=\"\" width=\"300\" height=\"301\" \/><\/p>\n<p style=\"text-align: justify;\"><strong>\u00c7iller ve Erbakan ikilisinden de ald\u0131lar&#8230;<\/strong><\/p>\n<p style=\"text-align: justify;\">3.5 ay sonra oldu o sevgili karde\u015fim. Onun 28 \u015eubat&#8217;la hi\u00e7bir alakas\u0131 yok. O h\u00fck\u00fcmet gitmezdi. H\u00fck\u00fcmet ba\u015fkan\u0131, &#8221; Benim h\u00fck\u00fcmetimin bulundu\u011fu s\u00fcre i\u00e7erisinde \u00fclkede gerginlik oldu &#8221; diyor&#8230; &#8221; Gerginlik mi oldu, o zaman sen git muavinin gelsin, gerginli\u011fe de devam edelim, senin h\u00fck\u00fcmete devam edelim &#8220;, b\u00f6yle mi diyecektik? (&#8221; Bunu dedirtmeyecektiniz bana &#8221; diye sitem ediyor)&#8230; g\u00f6rev benim takdirime kalm\u0131\u015ft\u0131. Ben do\u011fruyu yapt\u0131m.<\/p>\n<p style=\"text-align: justify;\"><span style=\"color: #993300;\"><strong>Tarihe postmodern darbe diye ge\u00e7ti<\/strong><\/span><\/p>\n<p style=\"text-align: justify;\">1995&#8217;te birinci parti olan Necmettin Erbakan&#8217;\u0131n liderli\u011findeki Refah Partisi, 1996&#8217;da, Tansu \u00c7iller liderli\u011findeki DYP ile koalisyon h\u00fck\u00fcmeti kurdu.<\/p>\n<p style=\"text-align: justify;\">Erbakan, Ba\u015fbakan olduktan sonra M\u0131s\u0131r, Libya, Nijerya&#8217;y\u0131 ziyaret etti. Bir \u00e7ad\u0131rda Kaddafi-Erbakan g\u00f6r\u00fc\u015fmesinde Libya liderinin s\u00f6yledi\u011fi s\u00f6zler muhalefet ve bas\u0131ndan sert tepki g\u00f6rd\u00fc.<\/p>\n<p style=\"text-align: justify;\">3 Kas\u0131m 1996&#8217;da Susurluk&#8217;ta meydana gelen trafik kazas\u0131nda devlet ba\u011flant\u0131l\u0131 karanl\u0131k ili\u015fkiler ortaya \u00e7\u0131kt\u0131. Erbakan olay\u0131 &#8216;fasa fiso&#8217; olarak de\u011ferlendirdi. Adalet Bakan\u0131 \u015eevket Kazan ise, \u00e7etelere tepki g\u00f6stererek eylem yapanlar i\u00e7in &#8216;Mums\u00f6nd\u00fc oynuyorlar&#8217; dedi.<\/p>\n<p style=\"text-align: justify;\">RP&#8217;li milletvekillerinin, yerel y\u00f6neticilerin a\u00e7\u0131klamalar\u0131; Erbakan&#8217;\u0131n Ba\u015fbakanl\u0131k&#8217;ta tarikat \u015feyhlerini a\u011f\u0131rlamas\u0131yla kamuoyunda irtica tehlikesi yayg\u0131n bi\u00e7imde tart\u0131\u015fmaya ba\u015fland\u0131.<\/p>\n<p style=\"text-align: justify;\">Medyada irtica tehdidine ili\u015fkin bir\u00e7ok haber yay\u0131nlanmaya ba\u015fland\u0131. 22 Ocak 1997&#8217;de G\u00f6lc\u00fck&#8217;te komutanlar irtica tehdidini tart\u0131\u015ft\u0131.<\/p>\n<p style=\"text-align: justify;\">30 Ocak 1997&#8217;de Sincan belediyesinin d\u00fczenledi\u011fi Kud\u00fcs gecesinde cihad konulu bir oyun sahnelendi. \u0130ran B\u00fcy\u00fckel\u00e7isi&#8217;nin de kat\u0131ld\u0131\u011f\u0131 geceye bas\u0131nda tepki g\u00f6sterildi. Sincan&#8217;a giden gazeteci I\u015f\u0131n G\u00fcrel d\u00f6v\u00fcld\u00fc. 6 g\u00fcn sonra Sincan&#8217;da tanklar ge\u00e7i\u015f yapt\u0131.<\/p>\n<p style=\"text-align: justify;\">Demirel, Ba\u015fbakan Erbakan&#8217;a mektupla uyar\u0131larda bulundu.<\/p>\n<p style=\"text-align: justify;\">Deniz Kuvvetleri Komutan\u0131 Oramiral G\u00fcven Erkaya &#8216;\u0130rtica, PKK&#8217;dan daha tehlikeli&#8217; dedi.<\/p>\n<p style=\"text-align: justify;\">28 \u015eubat&#8217;ta yap\u0131lan MGK toplant\u0131s\u0131nda laikli\u011fin T\u00fcrkiye&#8217;de demokrasi ve hukukun teminat\u0131 oldu\u011funu sert bir \u015fekilde vurgulad\u0131. 4 Mart&#8217;ta Ba\u015fbakan Erbakan, MGK kararlar\u0131 yumu\u015fat\u0131lmazsa imzalamayaca\u011f\u0131n\u0131 s\u00f6yledi ancak 6 Mart&#8217;ta imzalad\u0131.<\/p>\n<p style=\"text-align: justify;\">Kararlarla &#8216;irtica&#8217;ya kar\u015f\u0131 zorunlu e\u011fitimi 8 y\u0131la \u00e7\u0131karmak gibi bir dizi \u00f6nlem al\u0131nd\u0131.<\/p>\n<p style=\"text-align: justify;\"><strong>Tart\u0131\u015fmaya Demirel de kat\u0131ld\u0131: Vali k\u00f6m\u00fcr ta\u015f\u0131maz<\/strong><\/p>\n<p style=\"text-align: justify;\">Dem\u0130rel ile 28 \u015eubat d\u0131\u015f\u0131nda g\u00fcncel konular\u0131 da konu\u015ftuk. Yerel se\u00e7imi de\u011ferlendirirken Ba\u015fbakan Erdo\u011fan ile muhalefet partilerinin liderleri aras\u0131ndaki &#8220;vali&#8221; tart\u0131\u015fmas\u0131na Demirel de kat\u0131ld\u0131.<\/p>\n<p style=\"text-align: justify;\"><strong>\u0130l genel meclisi d\u00fczeyinde se\u00e7im tahmininiz nedir?<\/strong><\/p>\n<p style=\"text-align: justify;\">Bu bir yerel se\u00e7imdir. Yerel se\u00e7imlerde iktidar partilerinin daima avantaj\u0131 vard\u0131r. Bu avantajlar, devletin yerel y\u00f6netimlere imkanlar\u0131n\u0131 rey almak maksad\u0131yla geli\u015fi g\u00fczel da\u011f\u0131tmaktan ba\u015flar, devletin ara\u00e7lar\u0131n\u0131, kullanmaya kadar gider. Ayr\u0131ca, idari makamlar\u0131 i\u015fgal eden ki\u015fileri de kullan\u0131rlar. Devletin ileti\u015fim imkanlar\u0131n\u0131 geli\u015fi g\u00fczel kullan\u0131r. TRT&#8217;yi kastediyorum. Devletin valisine k\u00f6m\u00fcr \u00e7uval\u0131 ta\u015f\u0131t\u0131rlar&#8230;<br \/>\n<strong><br \/>\nBunu ele\u015ftiriyorsunuz&#8230;<\/strong>\n<\/p>\n<p style=\"text-align: justify;\">Evet, evet&#8230;<\/p>\n<p style=\"text-align: justify;\"><strong>Valinin k\u00f6m\u00fcr ta\u015f\u0131mas\u0131n\u0131 ele\u015ftiriyorsunuz ama iktidar bunu \u00f6v\u00fcnerek anlat\u0131yor.<\/strong><\/p>\n<p style=\"text-align: justify;\">Vali k\u00f6m\u00fcr ta\u015f\u0131maz. K\u00f6m\u00fcr da\u011f\u0131tmas\u0131ndan \u015fikayet etmiyoruz&#8230; K\u00f6m\u00fcr\u00fc valiye ta\u015f\u0131t\u0131yor. Valinin g\u00f6revi k\u00f6m\u00fcr ta\u015f\u0131mak de\u011fildir. Vali k\u00f6m\u00fcr ta\u015f\u0131maz. K\u00f6m\u00fcr ta\u015f\u0131yacak ba\u015fkalar\u0131 vard\u0131r.<\/p>\n<p style=\"text-align: justify;\"><strong>Vali da\u011f\u0131tsa ne olur?<\/strong><\/p>\n<p style=\"text-align: justify;\">Valiye k\u00f6m\u00fcr ta\u015f\u0131t\u0131rsan\u0131z valilik yapamaz. \u0130tibar\u0131 kaybolur. K\u00f6m\u00fcr ta\u015f\u0131tacak ba\u015fka adam bulursunuz ama vali bulamazs\u0131n\u0131z.<\/p>\n<p style=\"text-align: justify;\"><strong>Se\u00e7im tahmininizi konu\u015fuyorduk&#8230;<\/strong><\/p>\n<p style=\"text-align: justify;\">Bug\u00fcnk\u00fc siyasi atmosfer, gerek Davos kahramanl\u0131\u011f\u0131 gerekse Ergenekon davas\u0131 dolay\u0131s\u0131yla, iktidar lehindedir. Yaln\u0131z vatanda\u015f i\u015fsizlikten, yoksulluktan, keyfilikten, koropsiyondan \u015fikayet\u00e7idir. Bu \u015fikayetlerin derecesini bilemiyorum. Ancak vatanda\u015f\u0131n hem \u015fikayet\u00e7i olmas\u0131 hem de bundan iktidar\u0131 sorumlu tutmamas\u0131 m\u00fcmk\u00fcnd\u00fcr. B\u00f6yle bir durumda se\u00e7im g\u00f6rev alacak yetkilileri tayin eder. Fakat fonksiyonunu ifa etmi\u015f olmaz. Bunlar tart\u0131\u015f\u0131lmaya devam eder. Se\u00e7im genelde ya genel se\u00e7im getirir yahut sessizlik getirir. Yahut da b\u00fcy\u00fck tart\u0131\u015fmalar getirir. Sistem tart\u0131\u015f\u0131l\u0131r. Yani hem adam halinden memnun de\u011fil, \u00fclkeyi y\u00f6netenleri sorumlu tutmuyor hem \u015fikayet etmeye devam ediyor hem de oy veriyor. E\u011fer bu \u00e7\u0131karsa bu se\u00e7imden o zaman sistem tart\u0131\u015f\u0131l\u0131r.<\/p>\n<p style=\"text-align: justify;\"><strong>Sistemin tar\u0131t\u0131\u015f\u0131lmas\u0131 sistemin de\u011fi\u015fmesini de beraberinde getirir mi?<\/strong><\/p>\n<p style=\"text-align: justify;\">O ayr\u0131 mesele. Birinci kademe tart\u0131\u015f\u0131lmas\u0131d\u0131r.<\/p>\n<p style=\"text-align: justify;\"><strong>Oransal olarak tahmininiz nedir? AKP y\u00fczde 50yi a\u015far m\u0131?<\/strong><\/p>\n<p style=\"text-align: justify;\">Hi\u00e7bir \u015fey s\u00f6ylemem. Benim i\u00e7in a\u015fmas\u0131, a\u015fmamas\u0131 \u00f6nemli de\u011fil. Benim i\u00e7in s\u00f6yledi\u011fim \u015feyler \u00f6nemli.<\/p>\n<p style=\"text-align: justify;\"><span style=\"color: #808080;\">Kaynak : Semra \u00c7etin &#8211; Bilal \u00c7etin \/ Vatan Gazetesi<\/span><span style=\"font-family: Helvetica,Verdana,Arial; color: blue; font-size: x-small;\"><strong><\/strong> <\/span><\/p>\n","protected":false},"excerpt":{"rendered":"<p style=\"text-align: center;\">\n<p style=\"text-align: center;\">\n<p>28 \u015eUBAT&#8217;IN CUMHURBA\u015eKANI 28 \u015eUBAT&#8217;I ANLATIYOR : 1 &#8211; 2 &#8211; 3 &#8211; 4 &#8211; 5 &#8211; 6<\/p>\n<p style=\"text-align: justify;\">28 \u015eubat&#8217;\u0131n neresi darbe! 29 \u015eubat&#8217;ta herkes yerindeydi&#8230; <\/p>\n<p style=\"text-align: justify;\">Dokuzuncu Cumhurba\u015fkan\u0131 S\u00fcleyman Demirel&#8217;in yorumlar\u0131yla yak\u0131n tarihin en \u00e7alkant\u0131l\u0131 d\u00f6nemlerinden 28 \u015eubat 1997 s\u00fcreci:<\/p>\n<p style=\"text-align: justify;\">Tansu \u00c7iller&#8217;le <\/p>\n","protected":false},"author":1,"featured_media":0,"comment_status":"open","ping_status":"closed","sticky":false,"template":"","format":"standard","meta":{"footnotes":""},"categories":[105],"tags":[],"class_list":["post-4753","post","type-post","status-publish","format-standard","hentry","category-gundem","odd"],"_links":{"self":[{"href":"http:\/\/www.korhanyilmaz.com\/index.php?rest_route=\/wp\/v2\/posts\/4753","targetHints":{"allow":["GET"]}}],"collection":[{"href":"http:\/\/www.korhanyilmaz.com\/index.php?rest_route=\/wp\/v2\/posts"}],"about":[{"href":"http:\/\/www.korhanyilmaz.com\/index.php?rest_route=\/wp\/v2\/types\/post"}],"author":[{"embeddable":true,"href":"http:\/\/www.korhanyilmaz.com\/index.php?rest_route=\/wp\/v2\/users\/1"}],"replies":[{"embeddable":true,"href":"http:\/\/www.korhanyilmaz.com\/index.php?rest_route=%2Fwp%2Fv2%2Fcomments&post=4753"}],"version-history":[{"count":0,"href":"http:\/\/www.korhanyilmaz.com\/index.php?rest_route=\/wp\/v2\/posts\/4753\/revisions"}],"wp:attachment":[{"href":"http:\/\/www.korhanyilmaz.com\/index.php?rest_route=%2Fwp%2Fv2%2Fmedia&parent=4753"}],"wp:term":[{"taxonomy":"category","embeddable":true,"href":"http:\/\/www.korhanyilmaz.com\/index.php?rest_route=%2Fwp%2Fv2%2Fcategories&post=4753"},{"taxonomy":"post_tag","embeddable":true,"href":"http:\/\/www.korhanyilmaz.com\/index.php?rest_route=%2Fwp%2Fv2%2Ftags&post=4753"}],"curies":[{"name":"wp","href":"https:\/\/api.w.org\/{rel}","templated":true}]}}