{"id":47526,"date":"2012-01-24T10:25:41","date_gmt":"2012-01-24T08:25:41","guid":{"rendered":"http:\/\/www.korhanyilmaz.com\/?p=47526"},"modified":"2012-01-24T15:09:51","modified_gmt":"2012-01-24T13:09:51","slug":"turkiye-aniyor","status":"publish","type":"post","link":"http:\/\/www.korhanyilmaz.com\/?p=47526","title":{"rendered":"T\u00fcrkiye an\u0131yor"},"content":{"rendered":"<p style=\"text-align: center;\"><a href=\"http:\/\/www.korhanyilmaz.com\/wp-content\/uploads\/2012\/01\/9433.jpg\"  class=\"lightview\"><img loading=\"lazy\" decoding=\"async\" class=\"aligncenter  wp-image-47528\" src=\"http:\/\/www.korhanyilmaz.com\/wp-content\/uploads\/2012\/01\/9433.jpg\" alt=\"\" width=\"322\" height=\"241\" \/><\/a><\/p>\n<p style=\"text-align: justify;\">U\u011frad\u0131\u011f\u0131 bombal\u0131 suikast sonucu 24 Ocak 1993&#8217;te ya\u015fam\u0131n\u0131 yitiren ara\u015ft\u0131rmac\u0131 gazeteci U\u011fur Mumcu, \u00f6l\u00fcm\u00fcn\u00fcn 19. y\u0131l\u0131nda evinin \u00f6n\u00fcnde d\u00fczenlenen t\u00f6rende an\u0131ld\u0131.<\/p>\n<p style=\"text-align: justify;\">Ankara- U\u011frad\u0131\u011f\u0131 bombal\u0131 suikast sonucu 24 Ocak 1993&#8217;te ya\u015fam\u0131n\u0131 yitiren ara\u015ft\u0131rmac\u0131 gazeteci U\u011fur Mumcu&#8217;nun evinin \u00f6n\u00fcnde d\u00fczenlenen anma t\u00f6renine CHP, DSP, \u0130\u015f\u00e7i Partisi, E\u011fitim-\u0130\u015f, Birle\u015fik B\u00fcro-Sen, Atat\u00fcrk\u00e7\u00fc D\u00fc\u015f\u00fcnce Derne\u011fi, T\u00fcrkiye Gen\u00e7lik Birli\u011fi ve Be\u015fikta\u015f \u00c7ar\u015f\u0131 taraftar grubunun yan\u0131 s\u0131ra \u00e7ok say\u0131da yurtta\u015f kat\u0131ld\u0131.<!--more--><\/p>\n<p style=\"text-align: justify;\">T\u00f6rene kat\u0131lanlar, &#8220;Hepimiz sak\u0131ncal\u0131 piyadeyiz&#8221;, &#8220;Unutmad\u0131k, unutturmayaca\u011f\u0131z&#8221; yaz\u0131l\u0131 pankartlar ta\u015f\u0131rken, &#8220;Kahrolsun fa\u015fizm&#8221; sloganlar\u0131 at\u0131ld\u0131. T\u00f6ren s\u0131ras\u0131nda, sanat\u00e7\u0131 Selda Ba\u011fcan&#8217;\u0131n &#8220;U\u011furlar Olsun&#8221; adl\u0131 par\u00e7as\u0131 da \u00e7al\u0131nd\u0131. T\u00f6ren alan\u0131na yerle\u015ftirilen yans\u0131dan, Mumcu&#8217;nun g\u00f6r\u00fcnt\u00fcleri ve konu\u015fmalar\u0131 payla\u015f\u0131ld\u0131.<\/p>\n<p style=\"text-align: justify;\">CHP Genel Ba\u015fkan\u0131 Kemal K\u0131l\u0131\u00e7daro\u011flu da Mumcu&#8217;nun evine gelerek, Mumcu&#8217;nun e\u015fi ve TBMM Ba\u015fkanvekili G\u00fcldal Mumcu&#8217;ya taziyelerini iletti, k\u0131z\u0131 \u00d6zge Mumcu ve o\u011flu \u00d6zg\u00fcr Mumcu ile bir s\u00fcre sohbet etti. K\u0131l\u0131\u00e7daro\u011flu ile birlikte CHP Genel Sekreteri Bihlun Tamayl\u0131gil, TBMM Grup Ba\u015fkanvekilleri Akif Hamza\u00e7ebi ile Emine \u00dclker Tarhan, CHP Genel Ba\u015fkan Yard\u0131mc\u0131lar\u0131 Nihat Matkap, Sezgin Tanr\u0131kulu, G\u00fcrsel Tekin, Atila Emek, G\u00f6khan G\u00fcnayd\u0131n ve CHP&#8217;li baz\u0131 milletvekilleri de Mumcu&#8217;nun evini ziyaret etti.<\/p>\n<p style=\"text-align: justify;\"><strong>&#8216;Binlerce U\u011fur Mumcu&#8217;ya ihtiyac\u0131m\u0131z var&#8217;\u00a0<\/strong><\/p>\n<p style=\"text-align: justify;\">K\u0131l\u0131\u00e7daro\u011flu, U\u011fur Mumcu&#8217;nun evinden \u00e7\u0131k\u0131\u015f\u0131nda gazetecilere yapt\u0131\u011f\u0131 a\u00e7\u0131klamada, &#8220;19 y\u0131l ge\u00e7ti katilleri bulunamad\u0131, namus s\u00f6z\u00fc verildi gere\u011fi yap\u0131lmad\u0131. Bizler de sab\u0131rla bekliyoruz. U\u011fur Mumcu&#8217;yu pusuya d\u00fc\u015f\u00fcr\u00fcp katledenler bulunsun, adalet yerini bulsun. \u0130stedi\u011fimiz bu&#8221; diye konu\u015ftu. K\u0131l\u0131\u00e7daro\u011flu, bas\u0131n mensuplar\u0131n\u0131n sorusu \u00fczerine U\u011fur Mumcu&#8217;nun T\u00fcrkiye i\u00e7in &#8220;ba\u011f\u0131ms\u0131zl\u0131\u011f\u0131, \u00f6zg\u00fcrl\u00fc\u011f\u00fc ve hukukun \u00fcst\u00fcnl\u00fc\u011f\u00fcn\u00fc&#8221; ifade etti\u011fini belirterek, &#8220;U\u011fur Mumcu \u00f6zg\u00fcr ve ba\u011f\u0131ms\u0131z bir T\u00fcrkiye&#8217;yi tan\u0131ml\u0131yordu. Bug\u00fcn geldi\u011fimiz noktada bir de\u011fil, binlerce U\u011fur Mumcu&#8217;ya ihtiyac\u0131m\u0131z var&#8221; dedi. K\u0131l\u0131\u00e7daro\u011flu, &#8220;Katillerin bulunmas\u0131 y\u00f6n\u00fcnde umudunuz var m\u0131&#8221; \u015feklindeki bir soru \u00fczerine de &#8220;Her zaman umudumuzu koruyaca\u011f\u0131z, umutsuzluk bizim kitab\u0131m\u0131zda yok&#8221; diye konu\u015ftu.<\/p>\n<p style=\"text-align: justify;\">Ard\u0131ndan K\u0131l\u0131\u00e7daro\u011flu, G\u00fcldal Mumcu, k\u0131z\u0131 \u00d6zge Mumcu ve o\u011flu \u00d6zg\u00fcr Mumcu ile birlikte evin kar\u015f\u0131s\u0131ndaki U\u011fur Mumcu an\u0131t\u0131na mum ve karanfiller koydular. Sayg\u0131 duru\u015funda bulunulmas\u0131n\u0131n ard\u0131ndan, yurtta\u015flar t\u00f6ren boyunca ellerinde tuttuklar\u0131, \u00fczerinde U\u011fur Mumcu&#8217;nun foto\u011fraf\u0131n\u0131n yer ald\u0131\u011f\u0131 ve &#8220;Unutmad\u0131k, unutturmayaca\u011f\u0131z&#8221; yazan beyaz balonlar\u0131 g\u00f6ky\u00fcz\u00fcne sald\u0131.<\/p>\n<p style=\"text-align: justify;\"><a href=\"http:\/\/www.cumhuriyet.com.tr\/?hn=310284\" target=\"_blank\">Kaynak : Cumhuriyet Haber Portal\u0131<\/a><\/p>\n<hr \/>\n<p style=\"text-align: justify;\">[flv]http:\/\/ntvmsnbc-video.mncdn.net\/FlvFiles\/0000035646.flv[\/flv]<\/p>\n<p style=\"text-align: justify;\">[flv]http:\/\/ntvmsnbc-video.mncdn.net\/FlvFiles\/0000035642.flv[\/flv]<\/p>\n<p style=\"text-align: justify;\"><a href=\"http:\/\/video.ntvmsnbc.com\/\" target=\"_blank\">Video Kayna\u011f\u0131 :\u00a0video.ntvmsnbc.com<\/a><\/p>\n","protected":false},"excerpt":{"rendered":"<p style=\"text-align: center;\">\n<p style=\"text-align: justify;\">U\u011frad\u0131\u011f\u0131 bombal\u0131 suikast sonucu 24 Ocak 1993&#8217;te ya\u015fam\u0131n\u0131 yitiren ara\u015ft\u0131rmac\u0131 gazeteci U\u011fur Mumcu, \u00f6l\u00fcm\u00fcn\u00fcn 19. y\u0131l\u0131nda evinin \u00f6n\u00fcnde d\u00fczenlenen t\u00f6rende an\u0131ld\u0131.<\/p>\n<p style=\"text-align: justify;\">Ankara- U\u011frad\u0131\u011f\u0131 bombal\u0131 suikast sonucu 24 Ocak 1993&#8217;te ya\u015fam\u0131n\u0131 yitiren ara\u015ft\u0131rmac\u0131 gazeteci U\u011fur Mumcu&#8217;nun evinin \u00f6n\u00fcnde d\u00fczenlenen anma t\u00f6renine CHP, DSP, \u0130\u015f\u00e7i Partisi, E\u011fitim-\u0130\u015f, Birle\u015fik B\u00fcro-Sen, Atat\u00fcrk\u00e7\u00fc <\/p>\n","protected":false},"author":1,"featured_media":0,"comment_status":"open","ping_status":"open","sticky":false,"template":"","format":"standard","meta":{"footnotes":""},"categories":[105],"tags":[],"class_list":["post-47526","post","type-post","status-publish","format-standard","hentry","category-gundem","odd"],"_links":{"self":[{"href":"http:\/\/www.korhanyilmaz.com\/index.php?rest_route=\/wp\/v2\/posts\/47526","targetHints":{"allow":["GET"]}}],"collection":[{"href":"http:\/\/www.korhanyilmaz.com\/index.php?rest_route=\/wp\/v2\/posts"}],"about":[{"href":"http:\/\/www.korhanyilmaz.com\/index.php?rest_route=\/wp\/v2\/types\/post"}],"author":[{"embeddable":true,"href":"http:\/\/www.korhanyilmaz.com\/index.php?rest_route=\/wp\/v2\/users\/1"}],"replies":[{"embeddable":true,"href":"http:\/\/www.korhanyilmaz.com\/index.php?rest_route=%2Fwp%2Fv2%2Fcomments&post=47526"}],"version-history":[{"count":0,"href":"http:\/\/www.korhanyilmaz.com\/index.php?rest_route=\/wp\/v2\/posts\/47526\/revisions"}],"wp:attachment":[{"href":"http:\/\/www.korhanyilmaz.com\/index.php?rest_route=%2Fwp%2Fv2%2Fmedia&parent=47526"}],"wp:term":[{"taxonomy":"category","embeddable":true,"href":"http:\/\/www.korhanyilmaz.com\/index.php?rest_route=%2Fwp%2Fv2%2Fcategories&post=47526"},{"taxonomy":"post_tag","embeddable":true,"href":"http:\/\/www.korhanyilmaz.com\/index.php?rest_route=%2Fwp%2Fv2%2Ftags&post=47526"}],"curies":[{"name":"wp","href":"https:\/\/api.w.org\/{rel}","templated":true}]}}