{"id":47522,"date":"2012-01-24T09:54:41","date_gmt":"2012-01-24T07:54:41","guid":{"rendered":"http:\/\/www.korhanyilmaz.com\/?p=47522"},"modified":"2012-01-24T14:56:59","modified_gmt":"2012-01-24T12:56:59","slug":"ermenistan-altin-harflerle-yazilacak","status":"publish","type":"post","link":"http:\/\/www.korhanyilmaz.com\/?p=47522","title":{"rendered":"Ermenistan: Alt\u0131n harflerle yaz\u0131lacak"},"content":{"rendered":"<p style=\"text-align: center;\"><a href=\"http:\/\/www.korhanyilmaz.com\/wp-content\/uploads\/2012\/01\/9432.jpg\"  class=\"lightview\"><img loading=\"lazy\" decoding=\"async\" class=\"aligncenter  wp-image-47523\" src=\"http:\/\/www.korhanyilmaz.com\/wp-content\/uploads\/2012\/01\/9432.jpg\" alt=\"\" width=\"321\" height=\"191\" \/><\/a><\/p>\n<p style=\"text-align: justify;\">Fransa Senatosu&#8217;nda kabul edilen yasa, Ermenistan&#8217;da sevin\u00e7le kar\u015f\u0131land\u0131.<\/p>\n<p style=\"text-align: justify;\">Fransa Senatosu\u2019nun, 1915 olaylar\u0131yla ilgili Ermeni iddialar\u0131n\u0131n reddedilmesinin su\u00e7 say\u0131lmas\u0131n\u0131 \u00f6ng\u00f6ren yasa teklifinin kabul etmesi, Ermenistan&#8217;da co\u015fkuyla kar\u015f\u0131land\u0131.\u00a0<!--more--><\/p>\n<p style=\"text-align: justify;\">Erivan y\u00f6netimi, Fransa\u2019daki geli\u015fmenin Ermeniler i\u00e7in b\u00fcy\u00fck sevin\u00e7 oldu\u011funu s\u00f6yledi.<\/p>\n<p style=\"text-align: justify;\">Ermenistan D\u0131\u015fi\u015fleri Bakan\u0131 Edvard Nalbandyan tarihi bir g\u00fcn ya\u015fad\u0131klar\u0131n\u0131 kaydetti:<\/p>\n<p style=\"text-align: justify;\">&#8220;Sadece Ermeni- Frans\u0131z halklar\u0131 aras\u0131ndaki dostluk tarihine alt\u0131n harflerle yaz\u0131lacak bir g\u00fcn olarak de\u011fil, insan haklar\u0131 tarihine ge\u00e7ecek tarihi bir g\u00fcn. Bu sayede insanl\u0131\u011fa kar\u015f\u0131 su\u00e7u \u00f6nlemek i\u00e7in kurulan mevcut mekanizmalar daha da g\u00fc\u00e7lenecek.&#8221;<\/p>\n<p style=\"text-align: justify;\"><a href=\"http:\/\/www.ntvmsnbc.com\/id\/25316299\/\" target=\"_blank\">Kaynak : NTVMSNBC<\/a><\/p>\n","protected":false},"excerpt":{"rendered":"<p style=\"text-align: center;\">\n<p style=\"text-align: justify;\">Fransa Senatosu&#8217;nda kabul edilen yasa, Ermenistan&#8217;da sevin\u00e7le kar\u015f\u0131land\u0131.<\/p>\n<p style=\"text-align: justify;\">Fransa Senatosu\u2019nun, 1915 olaylar\u0131yla ilgili Ermeni iddialar\u0131n\u0131n reddedilmesinin su\u00e7 say\u0131lmas\u0131n\u0131 \u00f6ng\u00f6ren yasa teklifinin kabul etmesi, Ermenistan&#8217;da co\u015fkuyla kar\u015f\u0131land\u0131. <\/p>\n","protected":false},"author":1,"featured_media":0,"comment_status":"open","ping_status":"open","sticky":false,"template":"","format":"standard","meta":{"footnotes":""},"categories":[3],"tags":[],"class_list":["post-47522","post","type-post","status-publish","format-standard","hentry","category-dunya","odd"],"_links":{"self":[{"href":"http:\/\/www.korhanyilmaz.com\/index.php?rest_route=\/wp\/v2\/posts\/47522","targetHints":{"allow":["GET"]}}],"collection":[{"href":"http:\/\/www.korhanyilmaz.com\/index.php?rest_route=\/wp\/v2\/posts"}],"about":[{"href":"http:\/\/www.korhanyilmaz.com\/index.php?rest_route=\/wp\/v2\/types\/post"}],"author":[{"embeddable":true,"href":"http:\/\/www.korhanyilmaz.com\/index.php?rest_route=\/wp\/v2\/users\/1"}],"replies":[{"embeddable":true,"href":"http:\/\/www.korhanyilmaz.com\/index.php?rest_route=%2Fwp%2Fv2%2Fcomments&post=47522"}],"version-history":[{"count":0,"href":"http:\/\/www.korhanyilmaz.com\/index.php?rest_route=\/wp\/v2\/posts\/47522\/revisions"}],"wp:attachment":[{"href":"http:\/\/www.korhanyilmaz.com\/index.php?rest_route=%2Fwp%2Fv2%2Fmedia&parent=47522"}],"wp:term":[{"taxonomy":"category","embeddable":true,"href":"http:\/\/www.korhanyilmaz.com\/index.php?rest_route=%2Fwp%2Fv2%2Fcategories&post=47522"},{"taxonomy":"post_tag","embeddable":true,"href":"http:\/\/www.korhanyilmaz.com\/index.php?rest_route=%2Fwp%2Fv2%2Ftags&post=47522"}],"curies":[{"name":"wp","href":"https:\/\/api.w.org\/{rel}","templated":true}]}}