{"id":47518,"date":"2012-01-24T13:55:04","date_gmt":"2012-01-24T11:55:04","guid":{"rendered":"http:\/\/www.korhanyilmaz.com\/?p=47518"},"modified":"2012-01-24T15:52:34","modified_gmt":"2012-01-24T13:52:34","slug":"chpden-hukumete-tam-destek","status":"publish","type":"post","link":"http:\/\/www.korhanyilmaz.com\/?p=47518","title":{"rendered":"CHP&#8217;den h\u00fck\u00fcmete tam destek"},"content":{"rendered":"<p style=\"text-align: center;\"><a href=\"http:\/\/www.korhanyilmaz.com\/wp-content\/uploads\/2012\/01\/9431.jpg\"  class=\"lightview\"><img loading=\"lazy\" decoding=\"async\" class=\"aligncenter  wp-image-47519\" src=\"http:\/\/www.korhanyilmaz.com\/wp-content\/uploads\/2012\/01\/9431.jpg\" alt=\"\" width=\"346\" height=\"199\" \/><\/a><\/p>\n<p style=\"text-align: justify;\">Cumhuriyet Halk Partisi (CHP) Genel Ba\u015fkan\u0131 Kemal K\u0131l\u0131\u00e7daro\u011flu yapt\u0131\u011f\u0131 grup konu\u015fmas\u0131nda, Frans\u0131z Senatosu&#8217;nda al\u0131nan karar sonras\u0131 H\u00fck\u00fcmetin kararl\u0131 olmas\u0131n\u0131 ve parti olarak arkalar\u0131nda olduklar\u0131n\u0131 s\u00f6yledi.<\/p>\n<p style=\"text-align: justify;\"><span style=\"text-decoration: underline;\">\u0130\u015fte K\u0131l\u0131\u00e7daro\u011flu&#8217;nun konu\u015fmas\u0131ndan \u00f6ne \u00e7\u0131kan ba\u015fl\u0131klar<\/span>:<\/p>\n<p style=\"text-align: justify;\"><strong>FRANSIZ PARLAMENTOSUNA\u00a0<\/strong><\/p>\n<p style=\"text-align: justify;\">&#8211; H\u00fck\u00fcmet kararl\u0131 olsun, arkas\u0131nda duraca\u011f\u0131z.\u00a0<!--more--><\/p>\n<p style=\"text-align: justify;\"><strong>TAKS\u0130C\u0130 VE KAMYONCU ESNAFI \u0130\u00c7\u0130N MECL\u0130S ARA\u015eTIRMA KOM\u0130SYONU KURULSUN \u00d6NER\u0130S\u0130\u00a0<\/strong><\/p>\n<p style=\"text-align: justify;\">10 numara ya\u011f yakt\u0131klar\u0131 i\u00e7in \u015fikayet\u00e7iler. 3-4 haftad\u0131r evine gidemeyen kamyon \u015fof\u00f6rleri var. Dertlerini anlatacak bir yer bulam\u0131yorlar. Kamyoncu ve taksicilerin sorunlar\u0131n\u0131n \u00e7\u00f6z\u00fcm\u00fc i\u00e7in Meclis&#8217;te ara\u015ft\u0131rma komisyonu kurulmas\u0131n\u0131 \u00f6nerece\u011fim.<\/p>\n<p style=\"text-align: justify;\"><strong>AKP DEMOKRAS\u0130Y\u0130 ASKIYA ALDI\u00a0<\/strong><\/p>\n<p style=\"text-align: justify;\">AKP demokrasinin g\u00fcvencesi de\u011fildir. Demokrasi ask\u0131ya al\u0131nacak dedik, bize g\u00fcl\u00fcp ge\u00e7tiniz. \u015eimdi sizin kap\u0131n\u0131z\u0131 \u00e7almaya ba\u015flad\u0131lar. Tabloyu g\u00f6r\u00fcp \u015fa\u015f\u0131rmaya ba\u015flad\u0131n\u0131z, biz \u015fa\u015f\u0131rmad\u0131k. Halkla birlikte dmeokratik yollardan her t\u00fcrl\u00fc m\u00fccadelemizi yapaca\u011f\u0131z.<\/p>\n<p style=\"text-align: justify;\">Dink&#8217;in katledildi\u011fi tarih 19 Ocak 2007. O d\u00f6nemin \u0130stanbul Emniyet M\u00fcd\u00fcr\u00fc, &#8221;Cinayetin herhangi bir siyasi boyutu ve \u00f6rg\u00fct ba\u011flant\u0131s\u0131 yoktur&#8221; diyor bas\u0131na. Bu a\u00e7\u0131klamay\u0131 yapan arkada\u015f\u0131m\u0131z Osmaniye&#8217;de vali. Muammer G\u00fcler bu olaylar\u0131 bilmiyordu. Getirdik devletin en kozmik biriminin ba\u015f\u0131na geldi: Kamu g\u00fcvenli\u011fi M\u00fcste\u015farl\u0131\u011f\u0131.<\/p>\n<p style=\"text-align: justify;\"><strong>D\u0130NK \u0130\u00c7\u0130N 17 \u0130HBAR D\u0130LEK\u00c7ES\u0130 G\u0130D\u0130YOR\u00a0<\/strong><\/p>\n<p style=\"text-align: justify;\">Bu cinayetin nerede, ne zaman, hangi \u0131slahla i\u015flenece\u011fi belli. Sen 32 saat sonra buluyorsun. 17 ihbar dilek\u00e7esi gidiyor cinayetle ilgili. Haberleri var m\u0131? &#8220;Hay\u0131r, haberimiz yok&#8221; diyorlar. Hepsinin haberi var, hepsi \u00f6rg\u00fctl\u00fc.<\/p>\n<p style=\"text-align: justify;\"><strong>DER\u0130N DEHL\u0130ZLER\u0130N SAH\u0130B\u0130 S\u0130ZS\u0130N\u0130Z\u00a0<\/strong><\/p>\n<p style=\"text-align: justify;\">Ba\u015fbakan diyor ki &#8216;Cinayet Ankara&#8217;n\u0131n derin dehlizlerinde kaybolmayacak.&#8221; Ankara&#8217;daki derin dehlizlerin efendisi sizsiniz, sahibi sizsiniz. Pi\u015fkinli\u011fin bu kadar\u0131na pes denir. Hakim dedi ki &#8216;\u00d6rg\u00fct su\u00e7lamas\u0131 i\u00e7in yeterli delilimiz yok.&#8221;Bu \u00f6nemli bir itiraft\u0131r. Mahkemeler delil toplamaz. savc\u0131 toplar delili. Mahkeme \u00f6n\u00fcndeki belgelere g\u00f6re karar verir. Bu dava beresinden bak\u0131l\u0131rsa bak\u0131ls\u0131n AKP&#8217;nin g\u00f6zetimi ve korumas\u0131 alt\u0131nda y\u00fcr\u00fct\u00fclen bir davad\u0131r.<\/p>\n<p style=\"text-align: justify;\">Ba\u015fbakan &#8216;Mahkemelerin i\u015fine kar\u0131\u015fmay\u0131z&#8217; diyor. Hakimleri savc\u0131lar\u0131 sa\u011fa sola da\u011f\u0131tt\u0131\u011f\u0131n\u0131 bilmeyen mi var? Mahkemelerin i\u015fine kar\u0131\u015fmazm\u0131\u015f. Sen bunu anca k\u00fclah\u0131ma anlat\u0131rs\u0131n.<\/p>\n<p style=\"text-align: justify;\"><strong>REKLAMCI H\u00dcK\u00dcMET\u00a0<\/strong><\/p>\n<p style=\"text-align: justify;\">Kamuoyunun dikkatini da\u011f\u0131tmak i\u00e7in yarg\u0131 paketini a\u00e7\u0131klad\u0131lar. Reklamc\u0131 h\u00fck\u00fcmet bu. E\u011fer bu olayla ilgili, Dink karar\u0131yla ilgili olarak mahkeme emin karar\u0131 ilem ilgili olarak kamuoyunun tepkisi olmasayd\u0131 Erdo\u011fan2\u0131n k\u0131l\u0131 bile k\u0131p\u0131rdamazd\u0131. \u015eimdi &#8216;Bu karar yanl\u0131\u015ft\u0131r, d\u00fczeltilecek&#8217; diyor. Hani yarg\u0131n\u0131n i\u015fine kar\u0131\u015fmazd\u0131n, bu karar\u0131n d\u00fczeltilece\u011fini nereden biliyorsun.<\/p>\n<p style=\"text-align: justify;\"><strong>5 YILDIR DEL\u0130L BULAMADINIZ\u00a0<\/strong><\/p>\n<p style=\"text-align: justify;\">5 y\u0131ld\u0131r delil bulamad\u0131n\u0131z, \u015fimdi mi bulacaks\u0131n\u0131z.<\/p>\n<p style=\"text-align: justify;\">CHP olarak bunu unutmayaca\u011f\u0131z biz.<\/p>\n<p style=\"text-align: justify;\"><strong>BAKANLARIN \u00c7ADIR T\u0130YATROSU \u0130\u00c7\u0130N G\u0130TT\u0130\u00a0<\/strong><\/p>\n<p style=\"text-align: justify;\">Uludere&#8217;de 34 yurtta\u015f\u0131m\u0131z \u00f6ld\u00fcr\u00fcld\u00fc. Ben 7 saatlik yolu g\u00f6ze al\u0131p gittim. 7 de\u011fil 77 saat olsa da giderdim.<\/p>\n<p style=\"text-align: justify;\">Senin bana te\u015fekk\u00fcr etmen laz\u0131m &#8216;iyi ki oraya gittin&#8217; diye. Senin bakanlar\u0131n oraya \u00e7ad\u0131r tiyatrosu i\u00e7in gitti.<\/p>\n<p style=\"text-align: justify;\">Ben \u00fclkesiyle ve devletiyle b\u00f6l\u00fcnmez b\u00fct\u00fcn oldu\u011funu g\u00f6stermek i\u00e7in gittim oraya.<\/p>\n<p style=\"text-align: justify;\"><strong>\u0130ST\u0130HBARATI K\u0130MDEN ALDIN\u00a0<\/strong><\/p>\n<p style=\"text-align: justify;\">Soruyorum \u015fimdi &#8216;Bu istihbarat\u0131 kimden ald\u0131n?&#8221;. Dilsizle\u015fti m\u00fcbarek, sesi \u00e7\u0131km\u0131yor. &#8216;\u0130stihbarat\u0131 ABD&#8217;den mi \u0130srail&#8217;den mi ald\u0131n&#8217; diye sordum<\/p>\n<p style=\"text-align: justify;\">Yabanc\u0131 \u00fclkelerin esiri olmu\u015f bana yurtseverlik dersi veriyor. Sen kim yurtseverlik kim?<\/p>\n<p style=\"text-align: justify;\"><strong>BR\u00dcKSEL&#8217;DE KONU\u015eMU\u015eUM, ZORUNA G\u0130TM\u0130\u015e\u00a0<\/strong><\/p>\n<p style=\"text-align: justify;\">Ben Br\u00fcksel&#8217;de konu\u015fmu\u015fum, zoruna gitmi\u015f. Teknolojiyi de bilmiyor. Ellerine bazen iPad al\u0131yorlar, asl\u0131nda kullanmas\u0131n\u0131 da bilmiyorlar. 10 ya\u015f\u0131nda bir \u00e7ocuk T\u00fcrkiye&#8217;deki cari a\u00e7\u0131\u011f\u0131 d\u00fcnyan\u0131n neresinde olursa olsun internetten \u00f6\u011freniyor. Bunlar ger\u00e7ekten \u015fa\u015f\u0131rm\u0131\u015f, san\u0131yorlar ki d\u00fcnya k\u00f6r. Sizin g\u00f6zleriniz g\u00f6rm\u00fcyor o d\u00fcnyay\u0131. Hapisteki gazeteci say\u0131s\u0131ndan utan\u0131yorsan, neden gere\u011fini yapm\u0131yorsun.<\/p>\n<p style=\"text-align: justify;\"><strong>KONU\u015eACA\u011eIM\u00a0<\/strong><\/p>\n<p style=\"text-align: justify;\">Bu \u00fclkede \u00f6zg\u00fcr medya yok, \u00f6zg\u00fcr \u00fcniversite yok. Bunlar\u0131 s\u00f6ylemeyecekmi\u015fim. Senden mi korkaca\u011f\u0131m. Dilimin d\u00f6nd\u00fc\u011f\u00fc kadar b\u00fct\u00fcn d\u00fcnyaya T\u00fcrkiye&#8217;yi anlataca\u011f\u0131m.<\/p>\n<p style=\"text-align: justify;\">Ya oldu\u011fun gibi g\u00f6r\u00fcn ya da g\u00f6r\u00fcnd\u00fc\u011f\u00fcn gibi ol. Biz \u00f6yleyiz. Senin gibi de\u011filiz biz.<\/p>\n<p style=\"text-align: justify;\"><strong>ERDO\u011eAN&#8217;A RICK PERRY CEVABI\u00a0<\/strong><\/p>\n<p style=\"text-align: justify;\">Sen Sarkozy&#8217;nin Fransas\u0131&#8217;na NATO kap\u0131s\u0131n\u0131 a\u00e7t\u0131n m\u0131 a\u00e7mad\u0131n m\u0131? A\u00e7t\u0131n.Libya&#8217;da Kaddafi lin\u00e7 edilirken sen keyif \u00e7att\u0131n m\u0131? Evet \u00e7att\u0131n. Gittin Kaddafi&#8217;nin elinden \u00f6d\u00fcl ald\u0131n, o lin\u00e7 edilirken T\u00fcrkiye&#8217;de keyif \u00e7att\u0131n. \u015eimdi beni Frans\u0131zla falan k\u0131yaslamaya kalk\u0131yor. B\u00fct\u00fcn bunlardan sonra kim Frans\u0131z. Sen otur yapt\u0131klar\u0131na bak. Fransa&#8217;da Erdo\u011fan&#8217;a Ermeni soyk\u0131r\u0131m\u0131 yasas\u0131n\u0131 verdi. Kim Frans\u0131z. Hert\u00fcrl\u00fc yapt\u0131r\u0131m\u0131 uygulayaca\u011f\u0131n\u0131 s\u00f6yledim. G\u00f6rece\u011fiz bakal\u0131m nas\u0131l uygulayacaks\u0131n.<\/p>\n<p style=\"text-align: justify;\"><strong>OBAMA SEN\u0130 KUCAKLAMASIN DA K\u0130M\u0130 KUCAKLASIN\u00a0<\/strong><\/p>\n<p style=\"text-align: justify;\">Ben daha \u00f6nce sormu\u015ftum Obama seni kucaklamay\u0131p da kimi kucaklas\u0131n. Her dedi\u011fini yap\u0131yorsun.<\/p>\n<p style=\"text-align: justify;\">Ortado\u011fu&#8217;da en g\u00fcvenilmez \u00fclke T\u00fcrkiye.. Irak m\u0131 bize g\u00fcveniyor. Maliki&#8217;nin s\u00f6ylediklerine bak\u0131n. Hem itibars\u0131z hem g\u00fcvenilmez bir \u00fclke konumuna getirdiler bizi.<\/p>\n<p style=\"text-align: justify;\">Do\u011falgaz aramak i\u00e7in Akdeniz&#8217;e tarihten kalma Piri Reis&#8217;i g\u00f6nderdiler.<\/p>\n<p style=\"text-align: justify;\">Irak i\u015fini hallettiler, 1,5 milyon M\u00fcsl\u00fcman oldu. \u015eimdi sava\u015f olursa Suriye&#8217;ye biz de girece\u011fiz diyor. Yetmedi 1,5 milyon M\u00fcsl\u00fcman\u0131n kan\u0131. Ortado\u011fu&#8217;da ABD&#8217;nin ta\u015feronlu\u011funu yap\u0131yor. B\u00f6lge lideriyiz falan hikaye, s\u0131f\u0131r sorun hikaye. Aram\u0131z\u0131n iyi oldu\u011fu bir tek \u00fclke g\u00f6sterir mi Erdo\u011fan Ortado\u011fu&#8217;da.<\/p>\n<p style=\"text-align: justify;\"><strong>CHP OLDU\u011eU S\u00dcRECE K\u0130MSE KORKMASIN\u00a0<\/strong><\/p>\n<p style=\"text-align: justify;\">Geldi\u011fimiz nokta i\u00e7ler ac\u0131s\u0131. Toplumda derin bir korku var. Bu korkuya kap\u0131l\u0131p giden yurtta\u015flar\u0131m\u0131z var. CHP oldu\u011fu s\u00fcrece hi\u00e7 kimse korkmas\u0131n. Onlar\u0131n g\u00fcvencesi CHP&#8217;dir.<\/p>\n<p style=\"text-align: justify;\">Sorarsan bizde d\u00fc\u015f\u00fcnce \u00f6zg\u00fcrl\u00fc\u011f\u00fc de var. Millet d\u00fc\u015f\u00fcnmekten korkuyor. Rejimin ad\u0131 demokrasi ama ger\u00e7ek demokrasi de\u011fil. Rejimin ad\u0131 postmodern dikta rejimidir. Postmodern dikta rejimini de postmodern diktat\u00f6rler y\u00f6netir.<\/p>\n<p style=\"text-align: justify;\"><strong>Anayasa Mahkemesi B\u0130ZE CEZA KESM\u0130\u015e\u00a0<\/strong><\/p>\n<p style=\"text-align: justify;\">Anayasa Mahkemesi CHP&#8217;ye ceza kesmi\u015f. Biz Anayasa Mahkemesi&#8217;ni me\u015fgul ediyormu\u015fuz. Hak aramak i\u00e7in adalete ba\u015fvuruyoruz, ve diyoruz ki &#8216;Sana g\u00fcvenmedi\u011fimiz i\u00e7in sen karara kat\u0131lma&#8217; diyoruz. Daha \u00f6nce verdi\u011fin kararlara dayanarak b\u00f6yle diyoruz. Sen karar\u0131 kald\u0131rd\u0131n ve &#8216;Ba\u015fkan&#8217;a 2 oy hakk\u0131 verilir&#8217; diye madde koydun. Ben sana neden g\u00fcveneyim. \u0130stedi\u011fin kadar para cezas\u0131 ver say\u0131n ba\u015fkan, hukukun \u00fcst\u00fcnl\u00fc\u011f\u00fc hu \u00fclkeye ya gelecek, ya gelecek. Sana ra\u011fmen gelecek. San\u0131yorlar ki biz y\u0131laca\u011f\u0131z, korkar\u0131z. Bizim davam\u0131z hukuk davas\u0131d\u0131r. Sen verdi\u011fin para cezas\u0131yla benim d\u00fc\u015f\u00fcncemi mi k\u0131s\u0131tlayacaks\u0131n.<\/p>\n<p style=\"text-align: justify;\"><strong>AKP&#8217;L\u0130 BELED\u0130YELER\u0130 BASMAZLAR<\/strong><\/p>\n<p style=\"text-align: justify;\">Belediye ba\u015fkan\u0131m\u0131za 397 y\u0131l istiyorlar. Bana sordu gazeteciler &#8216;Az&#8217; dedim. &#8216;1000 y\u0131l olsa daha iyi olurdu&#8221; dedim. PAzar g\u00fcn\u00fc isimsiz bir mail gelmi\u015f Adalar Belediyesi&#8217;ni basm\u0131\u015flar. Biz Kayseri&#8217;de r\u00fc\u015fvet defterini g\u00f6nderdik. Oray\u0131 basan var m\u0131? Hay\u0131r. Oras\u0131 AKP&#8217;nin belediyesi \u00e7\u00fcnk\u00fc. Basacaklarm\u0131\u015f bizim belediyeleri Basmazsan\u0131z namertsiniz.<\/p>\n<p style=\"text-align: justify;\">Siz \u0130zmir&#8217;in anakent beleidye ba\u015fkan\u0131na 397 y\u0131l hapis \u00f6ng\u00f6r\u00fcyorsunuz. \u0130nsaf ya. Genelkurmay ba\u015fkan\u0131ndan ter\u00f6rist olursa, belediye ba\u015fkan\u0131 da \u00f6rg\u00fct lideri olur. Normal tabi. \u0130zmir teslim olmayacak. Ba\u015fkan\u0131m\u0131z da teslim olmayacak.<\/p>\n<p style=\"text-align: justify;\">Kimin telefonu istense dinlenebiliyor. Yeter ki AKP&#8217;yi rahats\u0131z etmesin. Rahats\u0131z ederse \u00fczerinde her t\u00fcrl\u00fc bask\u0131 var.<\/p>\n<p style=\"text-align: justify;\"><strong>G\u00dcL&#8217;\u00dcN G\u00d6REV S\u00dcRES\u0130 5 YIL<\/strong><\/p>\n<p style=\"text-align: justify;\">Me\u015fruiyet s\u0131n\u0131rlar\u0131 i\u00e7inde kalmak kayd\u0131yla kim cumhurba\u015fkan\u0131 se\u00e7ilirse ba\u015f\u0131m\u0131z\u0131n \u00fcst\u00fcnde yeri var.<\/p>\n<p style=\"text-align: justify;\">Millet diyor ki Cumhurba\u015fkan\u0131&#8217;n\u0131n g\u00f6rev s\u00fcresi 5 y\u0131l. \u015eimdi diyorlar ki &#8216;Hay\u0131r g\u00f6rev s\u00fcresi 7 y\u0131l.&#8217; Hani siz hukukun \u00fcst\u00fcnl\u00fc\u011f\u00fc diyordunuz. Bir ki\u015fiye g\u00f6re anayasa de\u011fi\u015fmez. Hukuk evrenseldir. Halk 5 y\u0131l demi\u015fse 5 y\u0131ld\u0131r. Siz hi\u00e7 sa\u011fl\u0131kl\u0131 bir dmeokraside anayasan\u0131n yasalarla de\u011fi\u015fti\u011fini g\u00f6rd\u00fcn\u00fcz m\u00fc? Ben yapar\u0131m olur anlay\u0131\u015f\u0131 olur mu? G\u00fcl diyor ki &#8216;Bunu herhalde CHP Anayasa Mahkemesi&#8217;ne g\u00f6t\u00fcr\u00fcr&#8217;. G\u00fcl&#8217;\u00fcn g\u00f6revi anayasay\u0131 uygulamakt\u0131r. Cumhurba\u015fkan\u0131 ile ilgili bir d\u00fczenlemenin gelmesi halinde cumhurba\u015fkan\u0131n\u0131n g\u00f6revi vard\u0131r. Zaten anayasaya ayk\u0131r\u0131 bir durum olursa gere\u011fini yaapr\u0131z. Ama cumhurba\u015fkan\u0131 &#8216;bu benim \u015fahsi meselem&#8217; derse, hay\u0131r o sizin \u015fahsi g\u00f6reviniz de\u011fil. Bu ki\u015fisel bir olay de\u011fil.<\/p>\n<p style=\"text-align: justify;\"><strong>G\u00dcL YASAYI \u0130ADE ETMEL\u0130<\/strong><\/p>\n<p style=\"text-align: justify;\">O yasada temel bir yanl\u0131\u015fl\u0131k daha var. Nakdi yard\u0131mla ilgili s\u0131n\u0131rlama var. Ayni yard\u0131mla ilgili s\u0131n\u0131rlama yok. Yani bir i\u015fadam\u0131 cumhurba\u015fkan\u0131 aday\u0131na u\u00e7a\u011f\u0131n\u0131 tahsil edebilir. Cumhurba\u015fkan\u0131m yasay\u0131 g\u00f6nderirken bu maddeyi de g\u00f6z\u00f6n\u00fcnde bulundurun. Sizin o yasay\u0131 MEclis&#8217;e geri g\u00f6ndermek gibi tarihi bir g\u00f6reviniz var. E\u011fer imzalan\u0131rsa adalete duyulan g\u00fcvene darbe vurulur.<\/p>\n<p style=\"text-align: justify;\"><a href=\"http:\/\/www.hurriyet.com.tr\/gundem\/19759746.asp\" target=\"_blank\">Kaynak : H\u00fcrriyet.com.tr<\/a><\/p>\n<p style=\"text-align: justify;\">\n","protected":false},"excerpt":{"rendered":"<p style=\"text-align: center;\">\n<p style=\"text-align: justify;\">Cumhuriyet Halk Partisi (CHP) Genel Ba\u015fkan\u0131 Kemal K\u0131l\u0131\u00e7daro\u011flu yapt\u0131\u011f\u0131 grup konu\u015fmas\u0131nda, Frans\u0131z Senatosu&#8217;nda al\u0131nan karar sonras\u0131 H\u00fck\u00fcmetin kararl\u0131 olmas\u0131n\u0131 ve parti olarak arkalar\u0131nda olduklar\u0131n\u0131 s\u00f6yledi.<\/p>\n<p style=\"text-align: justify;\">\u0130\u015fte K\u0131l\u0131\u00e7daro\u011flu&#8217;nun konu\u015fmas\u0131ndan \u00f6ne \u00e7\u0131kan ba\u015fl\u0131klar:<\/p>\n<p style=\"text-align: justify;\">FRANSIZ PARLAMENTOSUNA <\/p>\n<p style=\"text-align: justify;\">&#8211; H\u00fck\u00fcmet kararl\u0131 olsun, arkas\u0131nda duraca\u011f\u0131z. <\/p>\n","protected":false},"author":1,"featured_media":0,"comment_status":"open","ping_status":"open","sticky":false,"template":"","format":"standard","meta":{"footnotes":""},"categories":[105],"tags":[],"class_list":["post-47518","post","type-post","status-publish","format-standard","hentry","category-gundem","odd"],"_links":{"self":[{"href":"http:\/\/www.korhanyilmaz.com\/index.php?rest_route=\/wp\/v2\/posts\/47518","targetHints":{"allow":["GET"]}}],"collection":[{"href":"http:\/\/www.korhanyilmaz.com\/index.php?rest_route=\/wp\/v2\/posts"}],"about":[{"href":"http:\/\/www.korhanyilmaz.com\/index.php?rest_route=\/wp\/v2\/types\/post"}],"author":[{"embeddable":true,"href":"http:\/\/www.korhanyilmaz.com\/index.php?rest_route=\/wp\/v2\/users\/1"}],"replies":[{"embeddable":true,"href":"http:\/\/www.korhanyilmaz.com\/index.php?rest_route=%2Fwp%2Fv2%2Fcomments&post=47518"}],"version-history":[{"count":0,"href":"http:\/\/www.korhanyilmaz.com\/index.php?rest_route=\/wp\/v2\/posts\/47518\/revisions"}],"wp:attachment":[{"href":"http:\/\/www.korhanyilmaz.com\/index.php?rest_route=%2Fwp%2Fv2%2Fmedia&parent=47518"}],"wp:term":[{"taxonomy":"category","embeddable":true,"href":"http:\/\/www.korhanyilmaz.com\/index.php?rest_route=%2Fwp%2Fv2%2Fcategories&post=47518"},{"taxonomy":"post_tag","embeddable":true,"href":"http:\/\/www.korhanyilmaz.com\/index.php?rest_route=%2Fwp%2Fv2%2Ftags&post=47518"}],"curies":[{"name":"wp","href":"https:\/\/api.w.org\/{rel}","templated":true}]}}