{"id":47513,"date":"2012-01-24T12:05:31","date_gmt":"2012-01-24T10:05:31","guid":{"rendered":"http:\/\/www.korhanyilmaz.com\/?p=47513"},"modified":"2012-01-24T14:34:34","modified_gmt":"2012-01-24T12:34:34","slug":"bu-karar-bizim-icin-yok-hukmunde","status":"publish","type":"post","link":"http:\/\/www.korhanyilmaz.com\/?p=47513","title":{"rendered":"&#8220;Bu karar bizim i\u00e7in yok h\u00fckm\u00fcnde&#8221;"},"content":{"rendered":"<p style=\"text-align: center;\"><a href=\"http:\/\/www.korhanyilmaz.com\/wp-content\/uploads\/2012\/01\/9430.jpg\"  class=\"lightview\"><img loading=\"lazy\" decoding=\"async\" class=\"aligncenter  wp-image-47514\" src=\"http:\/\/www.korhanyilmaz.com\/wp-content\/uploads\/2012\/01\/9430.jpg\" alt=\"\" width=\"396\" height=\"180\" \/><\/a><\/p>\n<p style=\"text-align: justify;\">Ba\u015fbakan Erdo\u011fan partisinin grup toplant\u0131s\u0131nda konu\u015ftu. Erdo\u011fan konu\u015fmas\u0131nda Sarkozy, BDP ve CHP&#8217;ye sert s\u00f6zlerle y\u00fcklenirken, &#8220;Uludere tazminat\u0131&#8221; ve e\u011fitimdeki yeni d\u00fczenlemeyi de a\u00e7\u0131klad\u0131.<\/p>\n<p style=\"text-align: justify;\"><span style=\"text-decoration: underline;\">\u0130\u015fte Erdo\u011fan&#8217;\u0131n konu\u015fmas\u0131ndan sat\u0131r ba\u015flar\u0131<\/span>:<\/p>\n<p style=\"text-align: justify;\">4 Ocak&#8217;ta \u0130stanbul&#8217;da Marmaray Projesi&#8217;nin ilk ray kaynak t\u00f6renini yapt\u0131k. \u0130stanbul bo\u011faz\u0131n\u0131n alt\u0131na t\u00fcpler yerle\u015ftirerek iki k\u0131tay\u0131 birle\u015ftirmek 150 y\u0131l \u00f6nce hayali kurulan bir projeydi. Bu hayali 2004 y\u0131l\u0131 A\u011fustos ay\u0131nda ilk kazmay\u0131 vurarak Ak Parti h\u00fck\u00fcmeti olarak biz ba\u015flattt\u0131k.\u00a0\u00a0<!--more--><\/p>\n<p style=\"text-align: justify;\">Marmaray Projesi kapsam\u0131nda Asya ve Anadolu yakalar\u0131nda 40 adet istasyon in\u015fa ediyoruz. Proje tamamland\u0131\u011f\u0131nda \u00dcst\u00fcdar Sirkeci aras\u0131 4 dakikada al\u0131nabilecek. Gebze&#8217;den Halkal\u0131&#8217;ya 105 dakikada ula\u015fmak m\u00fcmk\u00fcn hale gelecek. Burada \u00f6nemli bir noktay\u0131 vurgulamak istiyorum. Marmaray bir \u0130stanbul projesi de\u011fildir. Marmaray iki k\u0131tay\u0131 demiryollar\u0131yla birle\u015ftiren K\u00fcresel \u00f6l\u00e7ekte bir yat\u0131r\u0131m, bir T\u00fcrkiye,hatta D\u00fcnya projesidir. Londra&#8217;y\u0131 Pekin&#8217;e ba\u011fl\u0131yoruz bu projeyle.<\/p>\n<p style=\"text-align: justify;\"><strong>ANKARA&#8217;DA KENTSEL D\u00d6N\u00dc\u015e\u00dcM<\/strong><\/p>\n<p style=\"text-align: justify;\">Kuzey Ankara giri\u015fi, kentsel d\u00f6n\u00fc\u015f\u00fcm projesi, \u00f6nemli bir proje. 7.5 milyon metrekarelik bir alanda ger\u00e7ekle\u015ftirilen bu proje kapsam\u0131nda 6 bin 500 gecekonduyu y\u0131kt\u0131k, 30 bin ki\u015fiyi tahliye ettik. Havayolu \u00fczerindeki o \u00e7irkin g\u00f6r\u00fcnt\u00fcy\u00fc ortadan kald\u0131rd\u0131k. Modern alanlar in\u015faa ettik.<\/p>\n<p style=\"text-align: justify;\"><strong>MAL\u0130K\u0130&#8217;YE SERT \u00c7IKTI<\/strong><\/p>\n<p style=\"text-align: justify;\">Maliki&#8217;nin T\u00fcrkiye bizim i\u00e7i\u015flerimize kar\u0131\u015f\u0131yor yakla\u015f\u0131m\u0131n\u0131 da \u00e7ok \u00e7irkin ve talihsiz bir a\u00e7\u0131klama olarak g\u00f6r\u00fcyorum. Teskereyi hat\u0131rlay\u0131n. Irak&#8217;taki karde\u015flerimiz istemedi\u011fi i\u00e7in biz Irak&#8217;a girmedik. Aksi takdirde T\u00fcrkiye&#8217;de Irak&#8217;ta olacakt\u0131. \u00c7\u00fcnk\u00fc biz istenmedi\u011fimiz yerde olmay\u0131z.Maliki&#8217;nin \u015funu bilmesi gerekirdi. Siz mezhep kavgas\u0131 i\u00e7inde e\u011fer Irak&#8217;ta b\u00f6yle bir \u00e7at\u0131\u015fma s\u00fcrecini ba\u015flat\u0131rsan\u0131z, bizim buna sessiz kalmam\u0131z m\u00fcmk\u00fcn de\u011fil. \u00c7\u00fcnk\u00fc biz sizlerle s\u0131n\u0131r kom\u015fusuyuz, akrabal\u0131k ili\u015fkilerimiz var. Hepsinin \u00f6tesinde tarihten gelen k\u00fclt\u00fcrel ba\u011flar\u0131m\u0131z\u0131nda bir anlam\u0131 var. Sizler Irak&#8217;la yak\u0131ndan uzaktan ili\u015fkisi olmayanlarla ho\u015fgeldiniz diyeceksiniz, onlar\u0131 a\u011f\u0131rlayacaks\u0131n\u0131z, onlara sesiniz \u00e7\u0131kmayacaks\u0131n\u0131z, s\u0131n\u0131r kom\u015funuz T\u00fcrkiye&#8217;ye bizim i\u00e7i\u015flerimize kar\u0131\u015f\u0131yor diyeceksiniz. Bu nas\u0131l bir siyaset anlay\u0131\u015f\u0131d\u0131r. Bu nas\u0131l bir \u00fclke y\u00f6netimi anlay\u0131\u015f\u0131d\u0131r.<\/p>\n<p style=\"text-align: justify;\">\u00d6nce s\u00f6ylediklerini kulaklar\u0131n\u0131n duymas\u0131 laz\u0131m. Onun i\u00e7in talihsiz bir a\u00e7\u0131klama diyorum.<\/p>\n<p style=\"text-align: justify;\"><strong>SUR\u0130YE&#8217;YE KERBELA \u00d6RNE\u011e\u0130<\/strong><\/p>\n<p style=\"text-align: justify;\">Suriye&#8217;de az\u0131nl\u0131\u011f\u0131n \u00e7o\u011funlu\u011fa h\u00fckmetti\u011fi de\u011fil, zulmetti\u011fi de\u011fil, halk\u0131n taleplerine uygun bir idarenin olu\u015fmas\u0131n\u0131 samimiyetle savunuyoruz. Irak&#8217;ta bir mezhep \u00e7at\u0131\u015fmas\u0131n\u0131n \u00e7\u0131kmas\u0131na sebep olanlar, t\u0131pk\u0131 Kerbela&#8217;da Peygamber Torunu&#8217;nun kan\u0131n\u0131 ak\u0131tan Yezid gibi tarihin sayfalar\u0131na bir kara leke olarak yaz\u0131l\u0131rlar dedim. Kim kim ibadet eden karde\u015fini katlediyorsa o Yezid&#8217;in izindedir. Halep\u00e7e&#8217;de k\u00fcrtler kimyasal silahlarla katledildi\u011finde ac\u0131y\u0131 y\u00fcre\u011fimizde hissettik. Onu bu \u00fclke yapmad\u0131. \u00dclkemizde yap\u0131lan seferberlik, harcanan para ortada. Alt\u0131nk\u00f6pr\u00fc&#8217;de T\u00fcrkmenler katledildi\u011finde, bize sald\u0131r\u0131lm\u0131\u015f gibi \u00fcz\u00fcld\u00fck. K\u00f6ylerde, camilerde s\u00fcnniler toplu halde katledildi\u011finde yas\u0131n\u0131 bizde tuttuk. Kerbela&#8217;da Necef&#8217;te, ibadet eden \u015eii&#8217;lere y\u00f6nelik sald\u0131r\u0131lara telin ettik.<\/p>\n<p style=\"text-align: justify;\"><strong>\u0130NKAR YASASI<\/strong><\/p>\n<p style=\"text-align: justify;\">D\u00fcn \u00e7ok az \u00fcyenin kat\u0131l\u0131m\u0131yla Fransa&#8217;da bir oylama yap\u0131ld\u0131. Gerek Fransa Ulusal Meclisi&#8217;nde gerek Senato&#8217;da kabul edilen bir teklif bizim i\u00e7in tamamen yok h\u00fckm\u00fcndedir. Orta\u00e7a\u011f zihniyetinin yeniden horlat\u0131lmas\u0131 anlam\u0131na gelen bu karar, a\u00e7\u0131k\u00e7a Avrupa de\u011ferlerini ayaklar alt\u0131na almakta, sa\u011fduyuyu ortadan kald\u0131rmaktad\u0131r. Gerekli uyar\u0131lar\u0131 yapt\u0131k. Bir yanl\u0131\u015f yap\u0131ld\u0131\u011f\u0131n\u0131, tarihin parlamentolarda yarg\u0131lanamayaca\u011f\u0131n\u0131 kesin bir dille ifade ettik. Bu a\u015famada yasa teklifine kar\u015f\u0131 oy kullanan senat\u00f6rlerin, ba\u015fvurular\u0131 i\u00e7in gerekli giri\u015fimleri s\u00fcrd\u00fcr\u00fcyoruz. Bu hatan\u0131n telafi edilece\u011fine dair umudu hen\u00fcz kaybetmi\u015f de\u011filiz. T\u00fcrkiye \u00f6yle b\u00fcy\u00fck bir \u00fclkedir ki, dostlu\u011fu b\u00fcy\u00fck bir paye oldu\u011fu kadar, k\u00fc\u00e7\u00fck insanlar i\u00e7in husumeti de b\u00fcy\u00fck bir payedir. Hi\u00e7 kimsenin T\u00fcrkiye ile kavga ediyorum deyip b\u00f6b\u00fcrlenmesine f\u0131rsat vermeyece\u011fiz. Hi\u00e7 kimsenin T\u00fcrkiye \u00fczerinden siyasi rant elde etmesine f\u0131rsat tan\u0131mayaca\u011f\u0131z. Frans\u0131z entelekt\u00fcellerine sesleniyorum. Kabul edilen bu teklif aleni bir \u0131rk\u00e7\u0131l\u0131kt\u0131r, d\u00fc\u015f\u00fcnce \u00f6zg\u00fcrl\u00fc\u011f\u00fc katliam\u0131d\u0131r. T\u00fcrkiye d\u00fc\u015fmanl\u0131\u011f\u0131 \u00fczerinden oy dev\u015firme \u00e7abas\u0131d\u0131r yap\u0131lan. Yap\u0131lan Fransa tarihine oldu\u011fu kadar Avrupa tarihine de haks\u0131zl\u0131kt\u0131r.<\/p>\n<p style=\"text-align: justify;\">Bu ayr\u0131mc\u0131l\u0131\u011fa kar\u015f\u0131 susanlar, tepsisiz kalanlar, Avrupa&#8217;da fa\u015fizmin ayak seslerini duymamak gibi bir vebalin alt\u0131na girerler. Bu mesele T\u00fcrkiye Fransa meselesi de\u011fildir. Bu mesele bir ayr\u0131mc\u0131l\u0131k, \u0131rk\u00e7\u0131l\u0131k meseledir. Burada \u015fu ironik noktaya \u00f6zellikle dikkat \u00e7ekmek istiyorum. Sarkozy&#8217;nin b\u00fcy\u00fck dedesi Osmanl\u0131 topraklar\u0131nda do\u011fmu\u015f b\u00fcy\u00fcm\u00fc\u015f biridir. Dedesi kovulan musevilerdendir. Ne kadar T\u00fcrkiye d\u00fc\u015fmanl\u0131\u011f\u0131 yaparsa yaps\u0131n, soyu Osmanl\u0131&#8217;ya dayanan tarihiyle T\u00fcrkiye ile kesi\u015fen biridir. Sarkozy, ne kadar \u00e7abalarsa \u00e7abalas\u0131n, ge\u00e7mi\u015fini silemeyecek, Osmanl\u0131 ho\u015fg\u00f6r\u00fcs\u00fcne g\u00f6lge d\u00fc\u015f\u00fcremeyecektir.<\/p>\n<p style=\"text-align: justify;\">Etap etap yapt\u0131r\u0131mlar\u0131m\u0131z\u0131 uygulamaya koyaca\u011f\u0131z. Hala sab\u0131r d\u00f6nemindeyiz. S\u00fcrecin nas\u0131l \u015fekillenece\u011fini hep birlikte izliyoruz. Geli\u015fmelerin seyrine g\u00f6re gereken tepkimizi ortaya koyacak, eylem plan\u0131m\u0131z\u0131 da kamuoyuyla payla\u015faca\u011f\u0131z.<\/p>\n<p style=\"text-align: justify;\"><strong>ULUDERE<\/strong><\/p>\n<p style=\"text-align: justify;\">Talihsiz bir olay ya\u015fad\u0131k, 34 vatanda\u015f\u0131m\u0131z\u0131 kaybettik. CHP, BDP, PKK ter\u00f6r \u00f6rg\u00fct\u00fcn\u00fcn, ve onlarla birlikte baz\u0131 medya kurulu\u015flar\u0131 istismarc\u0131 yakla\u015f\u0131mlar\u0131n\u0131n tersine biz orada so\u011fukkanl\u0131, ac\u0131y\u0131 payla\u015fan bir tav\u0131r sergiledik. Aradan ge\u00e7en bir ay i\u00e7inde Uludere&#8217;ye samimiyetsizlikle yakla\u015fanlar meseleyi unutup kenara \u00e7ekilirken, biz meseleyi takip ediyoruz. Biz Uludere&#8217;de ya\u015fananlar\u0131n ayd\u0131nlat\u0131lmas\u0131 i\u00e7in imkanlar\u0131m\u0131z\u0131 seferber ediyoruz. O k\u00f6ylerde benim evlat ac\u0131s\u0131 \u00e7eken karde\u015flerimin ac\u0131s\u0131n\u0131 istismar edenler, alt\u0131n\u0131 \u00e7iziyorum, acaba Hakkari&#8217;de polis otob\u00fcs\u00fcne sald\u0131r\u0131l\u0131rken, \u00f6ld\u00fcrd\u00fckleri Zeki Ye\u015fil karde\u015fimin, Bing\u00f6l&#8217;de \u00e7ocuklar\u0131n\u0131 korumak i\u00e7in bomba \u00fcst\u00fcne atlayan karde\u015fimin, Batman&#8217;da hamileyken \u00f6ld\u00fcr\u00fclen karde\u015fimin hesab\u0131n\u0131 verebilecekler mi?<\/p>\n<p style=\"text-align: justify;\"><strong>\u0130\u015eLER\u0130NE GELM\u0130YOR<\/strong><\/p>\n<p style=\"text-align: justify;\">Baz\u0131 yaz\u0131l\u0131 ve g\u00f6rsel medya organlar\u0131 bunlar\u0131 g\u00fcndeme getiryolar m\u0131? Bir g\u00fcn. geldi ge\u00e7ti bitti. \u0130\u015flerine gelince \u00f6yle olmuyor. BDP&#8217;liler Uludere&#8217;den sonra vicdan kavram\u0131n\u0131 hat\u0131rlad\u0131lar. Sizin vicdan\u0131n\u0131z neredeydi. E\u011fer samimiyseniz o g\u00f6zya\u015f\u0131n\u0131 Hatice Belgin i\u00e7in neden d\u00f6kmediniz. E\u011fer samimiyseniz, Mizgin Doru ve karn\u0131ndaki do\u011fmam\u0131\u015f bebe\u011fi i\u00e7in neden d\u00f6kmediniz. \u0130stanbul&#8217;da belediye otob\u00fcs\u00fcnde molotofla yak\u0131larak \u00f6ld\u00fcr\u00fclen karrde\u015fimiz \u00e7ocuk de\u011fil miydi, neden tek kelime etmediniz. 14-15 ya\u015f\u0131nda da\u011fa g\u00f6nderilen \u00e7ocuklar, o \u00e7ocuklar sizin i\u00e7in g\u00f6zya\u015f\u0131 d\u00f6k\u00fclecek \u00e7ocuklar de\u011fil mi? Neden sizin g\u00f6zya\u015flar\u0131n\u0131z orda akmaz. Neden bu gidi\u015fat\u0131 durdurmak yerine gen\u00e7lere da\u011f\u0131 g\u00f6sterirsiniz. Uludere i\u00e7in g\u00fcvercin oldunuz, Diyarbak\u0131r&#8217;da bir ma\u011farada i\u015fkence g\u00f6r\u00fcp katledilen \u00f6rg\u00fctten ka\u00e7an 5 k\u0131z i\u00e7in neden \u015fahin kesilmediniz. Neden \u00f6rg\u00fcte tek c\u00fcmleyle ele\u015ftirmediniz?<\/p>\n<p style=\"text-align: justify;\"><strong>T\u0130MSAH G\u00d6ZYA\u015eLARI<\/strong><\/p>\n<p style=\"text-align: justify;\">Ter\u00f6r \u00f6rg\u00fct\u00fcn\u00fcn katliamlar\u0131na g\u00f6zya\u015f\u0131 ak\u0131tmayanlar\u0131n Uludere&#8217;de ak\u0131tt\u0131klar\u0131 g\u00f6zya\u015flar\u0131 timsahlar\u0131n g\u00f6zya\u015flar\u0131d\u0131r. Uludere&#8217;deki ac\u0131l\u0131 karde\u015fim bunlar\u0131n nas\u0131l iki y\u00fczl\u00fc oldu\u011funu g\u00f6rs\u00fcn. Biz b\u00f6yle bir \u00e7ifte standarta asla tenezz\u00fcl etmedik. Biz bu yola analar a\u011flamas\u0131n diye \u00e7\u0131kt\u0131k. \u0130\u015fte ter\u00f6rle m\u00fccadele esnas\u0131n\u0131da g\u00fcvenlik g\u00fc\u00e7lerinin ma\u011faradaki ter\u00f6ristlere y\u00f6nelik tavr\u0131n\u0131 g\u00f6rd\u00fcn\u00fcz. saatlerce bir generalin dil d\u00f6kt\u00fc\u011f\u00fcn\u00fc g\u00f6rd\u00fcn\u00fcz de\u011fil mi?Askerin parkas\u0131n\u0131 \u00e7\u0131kar\u0131p ter\u00f6ristin \u00fcst\u00fcn\u00fc \u00f6rtt\u00fc\u011f\u00fcn\u00fc g\u00f6rd\u00fcn\u00fcz de\u011fil mi? 5 y\u0131ld\u0131r annemi g\u00f6rm\u00fcyorum diyen \u00e7ocuk ter\u00f6riste, seni annene g\u00f6t\u00fcrece\u011fiz denilince nas\u0131l h\u0131\u00e7k\u0131r\u0131kla a\u011flad\u0131\u011f\u0131n\u0131 g\u00f6rd\u00fcn\u00fcz de\u011fil mi? Ama di\u011fre tarafta silah k\u00fcrtlerin g\u00fcvencesidir diyenlerin vicdan\u0131 olabilir mi? \u015eu anda bu \u00e7at\u0131n\u0131n alt\u0131nda bu ifadeyi kullanabiliyor. Bunlar kan\u0131n ticaretini yaparlar. Bunlar \u00f6lmeyi, \u00f6ld\u00fcrmeyi te\u015fvik ederler. Dikkatinizi \u00e7ekiyorum.<\/p>\n<p style=\"text-align: justify;\"><strong>EYY YAZILI MEDYA<\/strong><\/p>\n<p style=\"text-align: justify;\">Bizim d\u00f6nemimizde vuku bulan hadiselerin de\u011fil, bizden \u00f6nceki ac\u0131 hadiselerin de izini s\u00fcrece\u011fiz. 19 ki\u015finin kemiklerini bulduk. Bize kadar niye yap\u0131lam\u0131yordu. Ama \u015fimdi yap\u0131l\u0131yor. Eyy yaz\u0131l\u0131 medyan\u0131n bir k\u0131sm\u0131. Bunlar\u0131 g\u00f6rm\u00fcyor musunuz? Topra\u011f\u0131n alt\u0131ndaki silahlar\u0131 nas\u0131l biz \u00e7\u0131kard\u0131ysak, bug\u00fcnde topra\u011f\u0131n alt\u0131ndaki faili me\u00e7hulleri biz ortaya \u00e7\u0131kar\u0131yoruz. Ama baz\u0131lar\u0131n\u0131n g\u00f6z\u00fc var g\u00f6rmez, kula\u011f\u0131 var duymaz, konu\u015famaz, \u00e7\u00fcnk\u00fc kalpler m\u00fch\u00fcrl\u00fc.<\/p>\n<p style=\"text-align: justify;\">70&#8217;lerin, 80&#8217;lerin antidemokratik d\u00f6nemlerinde nice de\u011ferimizi yitirdik. 1990&#8217;larda bu \u00fclke faili me\u00e7huller arenas\u0131na d\u00f6nm\u00fc\u015ft\u00fc. 24 Ocak&#8217;ta U\u011fur Mumcu, Gaffar Okan katledildi. Bunlar\u0131n \u00fcst\u00fc \u00f6rt\u00fcld\u00fc. Kimi yurtd\u0131\u015f\u0131na ka\u00e7t\u0131. Cem Karaca gibi vatan\u0131na d\u00f6nenler oldu, ama Ahmet Kaya gibi vatan\u0131na d\u00f6nemeyenler oldu. Musa Anter&#8217;in ismini and\u0131m, Anter&#8217;in o\u011flu, bana bir mektup g\u00f6nderdi. 43 senedir memleketine gidemedi\u011fini anlatt\u0131. Memlekete giri\u015finin sebebini hala bilmedi\u011fini anlatt\u0131. Babas\u0131n\u0131n mezar\u0131na gidip fatiha okumama izin verin dedi. Hemen ara\u015ft\u0131rd\u0131k, izin yetkimiz oldu\u011funu g\u00f6rd\u00fck, \u00fclkesine d\u00f6nd\u00fc. Bu \u00fclke \u00e7ok b\u00fcy\u00fck ac\u0131lar ya\u015fad\u0131. Biz baz\u0131lar\u0131n\u0131n sab\u0131rs\u0131zl\u0131\u011f\u0131n\u0131 anl\u0131yoruz, ama iki as\u0131rd\u0131r ac\u0131lar ya\u015fayan bu topra\u011f\u0131 bir gecede g\u00fclistana \u00e7evirmenin zor oldu\u011funu da herkes g\u00f6rmeli.<\/p>\n<p style=\"text-align: justify;\"><strong>CHP DARA\u011eACINA NEDEN \u00c7IKTI?<\/strong><\/p>\n<p style=\"text-align: justify;\">Kar\u015f\u0131m\u0131zda y\u00fczelli y\u0131l \u00f6ncesinin \u0130ttihat ve Terakki zihniyetini ta\u015f\u0131yan bir CHP&#8217;si var. Do\u011funun \u0130ttihat ve Terakkisi olmay\u0131 \u00f6zleyen bir BDP var kar\u015f\u0131m\u0131zda. Bu \u00fclkede CHP sadece ve sadece bir nedenle dara\u011fac\u0131na \u00e7\u0131km\u0131\u015ft\u0131r. Ya\u011fl\u0131 ipli\u011fi masum insanlar\u0131n boynuna ge\u00e7irmek i\u00e7in. K\u0131l\u0131\u00e7daro\u011flu, bunu bilmiyorsa, Ali \u00c7etinkaya&#8217;n\u0131n idam kararlar\u0131na baks\u0131n. Bilmiyorsa, 3 Aliller divan\u0131na baks\u0131n. Hi\u00e7birini bilmiyorsa, otomobil far\u0131yla ayd\u0131nlat\u0131lan mahkemede Seyit R\u0131za&#8217;n\u0131n nas\u0131l idam edildi\u011fine baks\u0131n.<\/p>\n<p style=\"text-align: justify;\"><strong>CHP&#8217;YE DE BEDELL\u0130 \u00c7IKARMALI<\/strong><\/p>\n<p style=\"text-align: justify;\">Dersim facias\u0131 CHP eseridir. Bu facia 1939&#8217;da bitmi\u015fdir. Ba\u011f\u0131ml\u0131 yarg\u0131n\u0131n eseri ise y\u0131llarca daha s\u00fcrm\u00fc\u015ft\u00fcr. Ama bug\u00fcn art\u0131k yarg\u0131 birilerine ba\u011f\u0131ml\u0131 de\u011fil, ba\u011f\u0131ms\u0131zd\u0131r. Esasen CHP&#8217;nin rahats\u0131zl\u0131\u011f\u0131 da i\u015fte bu yeni s\u00fcre\u00e7tir. Art\u0131k yeni militanlar\u0131n\u0131 yarg\u0131ya yerle\u015ftiremeyenlerin feryad\u0131d\u0131r. Biri Anayasa Mahkemesi&#8217;nin biri Dan\u0131\u015ftay&#8217;\u0131n \u00f6n\u00fcnde iki bek\u00e7i kulubesi kurdular, y\u00fcr\u00fctmenin elini ba\u011flad\u0131r. Bizim bir bedelli de onlar i\u00e7in \u00e7\u0131karmam\u0131z gerekiyor. Yoksa bunlar\u0131n Anayasa Mahkemesi ve Dan\u0131\u015ftay \u00f6n\u00fcndeki n\u00f6betleri bitmeyecek. \u0130\u015fte katsay\u0131 d\u00fczenlemesi \u00f6rne\u011fi. D\u00fcr\u00fcst ol ya. 28 \u015eubattaki, 27 May\u0131s&#8217;taki zihniyet neyse bug\u00fcnde o. Ni\u00e7in bu imamhatipler sizi bu kadar rahats\u0131z ediyor. \u0130mamhatip okulunda bu \u00e7ocuklar ne okuyor bu \u00e7ocuklar. D\u00fcz lisede ne okuyorsa onu okuyor, \u00fcst\u00fcne dini dersler al\u0131yor. Bir yar\u0131\u015f, herkes hangi imtihana giriyorsa, onlarda bu imtihana giriyor. Niye. dindar bir nesil gelmesin.<\/p>\n<p style=\"text-align: justify;\"><strong>E\u011e\u0130T\u0130MDE MESLEK L\u0130SES\u0130 D\u00d6NEM\u0130<\/strong><\/p>\n<p style=\"text-align: justify;\">E\u011fitimi art\u0131k meslek liselerine kayd\u0131rac\u011f\u0131z. Yurta\u015f\u0131ndaki gibi e\u011fitimin y\u00fczde 60&#8217;\u0131 y\u00fczde 70&#8217;i meslek lisesi olacak. Bak\u0131n ben size bir \u015fey s\u00f6y\u00fclyorum. Kap\u0131c\u0131n\u0131n \u00e7ocu\u011fu Siyasal&#8217;a giriyor, Anadolu&#8217;nun yoksul ve zeki evlatlar\u0131 iyi e\u011fitim al\u0131nca bunlar\u0131 iktidar\u0131 sars\u0131l\u0131yor. CHP i\u015fte bundan rahats\u0131z oluyor. 27 May\u0131s ve 28 \u015eubat&#8217;\u0131 da bu zihniyetle yapt\u0131lar.<\/p>\n<p style=\"text-align: justify;\"><strong>HER A\u0130LEYE 123 B\u0130N TL<\/strong><\/p>\n<p style=\"text-align: justify;\">Her aileye 123 bin TL \u00f6d\u00fcyoruz. Bu paran\u0131n \u00f6lenleri geri getirmeyece\u011fini bizlerde \u00e7ok iyi biliyoruz. Bizim hedefimiz g\u00f6n\u00fclleri kazanabilmektir. Bu par ama\u011fdur vatanda\u015flar\u0131m\u0131z\u0131n analar\u0131n\u0131n ak s\u00fct\u00fc gibi helaldir. Meselelelerin \u00fcst\u00fcn\u00fc \u00f6rtme ama\u00e7l\u0131 de\u011fildi.<\/p>\n<p style=\"text-align: justify;\"><strong>HRANT D\u0130NK DAVASI<\/strong><\/p>\n<p style=\"text-align: justify;\">Hrant Dink davas\u0131n\u0131n da ayd\u0131nlat\u0131lmas\u0131 en b\u00fcy\u00fck iste\u011fimizdir. Dosya kapanmam\u0131\u015ft\u0131r. inan\u0131yorum ki tatmin edici bir s\u00fcre\u00e7 i\u015fletilecektir. Y\u00fcr\u00fctme olarak \u00fcst\u00fcm\u00fcze d\u00fc\u015fen sorumlulu\u011fu hakk\u0131yla yerine getirec\u011fiz. Bu olay T\u00fcrkiye&#8217;nin ho\u015fg\u00f6r\u00fcs\u00fcn\u00fc zedeleyemeyecektir.<\/p>\n<p style=\"text-align: justify;\"><strong>M\u0130LL\u0130 G\u00dcVENL\u0130K DERS\u0130 KALKIYOR<\/strong><\/p>\n<p style=\"text-align: justify;\">E\u011fitim AK Parti i\u00e7in hep \u00f6n planda oldu. Bu konuda \u00e7ok ciddi ad\u0131mlar att\u0131k. Altyap\u0131s\u0131n\u0131 geli\u015ftirmek i\u00e7in 9 y\u0131lda 169 bin yeni derslik a\u00e7t\u0131k. Personelde en b\u00fcy\u00fck hisseyi MEB&#8217;e verdik. \u015fu ana kadar 323 bin \u00f6\u011fretmen ald\u0131.234 bin 500 bili\u015fm teknolojileri s\u0131n\u0131f\u0131 kurduk. Nicelikten niteli\u011fe d\u00f6nd\u00fck. Milil G\u00fcvenli E\u011fitim dersini m\u00fcfredattan kald\u0131r\u0131yoruz.<\/p>\n<p style=\"text-align: justify;\"><a href=\"http:\/\/www.gazeteport.com.tr\/haber\/75277\/quotbu_karar_bizim_icin_yok_hukmundequot\" target=\"_blank\">Kaynak : GAZETEPORT<\/a><\/p>\n","protected":false},"excerpt":{"rendered":"<p style=\"text-align: center;\">\n<p style=\"text-align: justify;\">Ba\u015fbakan Erdo\u011fan partisinin grup toplant\u0131s\u0131nda konu\u015ftu. Erdo\u011fan konu\u015fmas\u0131nda Sarkozy, BDP ve CHP&#8217;ye sert s\u00f6zlerle y\u00fcklenirken, &#8220;Uludere tazminat\u0131&#8221; ve e\u011fitimdeki yeni d\u00fczenlemeyi de a\u00e7\u0131klad\u0131.<\/p>\n<p style=\"text-align: justify;\">\u0130\u015fte Erdo\u011fan&#8217;\u0131n konu\u015fmas\u0131ndan sat\u0131r ba\u015flar\u0131:<\/p>\n<p style=\"text-align: justify;\">4 Ocak&#8217;ta \u0130stanbul&#8217;da Marmaray Projesi&#8217;nin ilk ray kaynak t\u00f6renini yapt\u0131k. \u0130stanbul bo\u011faz\u0131n\u0131n alt\u0131na t\u00fcpler yerle\u015ftirerek iki k\u0131tay\u0131 birle\u015ftirmek <\/p>\n","protected":false},"author":1,"featured_media":0,"comment_status":"open","ping_status":"open","sticky":false,"template":"","format":"standard","meta":{"footnotes":""},"categories":[105],"tags":[],"class_list":["post-47513","post","type-post","status-publish","format-standard","hentry","category-gundem","odd"],"_links":{"self":[{"href":"http:\/\/www.korhanyilmaz.com\/index.php?rest_route=\/wp\/v2\/posts\/47513","targetHints":{"allow":["GET"]}}],"collection":[{"href":"http:\/\/www.korhanyilmaz.com\/index.php?rest_route=\/wp\/v2\/posts"}],"about":[{"href":"http:\/\/www.korhanyilmaz.com\/index.php?rest_route=\/wp\/v2\/types\/post"}],"author":[{"embeddable":true,"href":"http:\/\/www.korhanyilmaz.com\/index.php?rest_route=\/wp\/v2\/users\/1"}],"replies":[{"embeddable":true,"href":"http:\/\/www.korhanyilmaz.com\/index.php?rest_route=%2Fwp%2Fv2%2Fcomments&post=47513"}],"version-history":[{"count":0,"href":"http:\/\/www.korhanyilmaz.com\/index.php?rest_route=\/wp\/v2\/posts\/47513\/revisions"}],"wp:attachment":[{"href":"http:\/\/www.korhanyilmaz.com\/index.php?rest_route=%2Fwp%2Fv2%2Fmedia&parent=47513"}],"wp:term":[{"taxonomy":"category","embeddable":true,"href":"http:\/\/www.korhanyilmaz.com\/index.php?rest_route=%2Fwp%2Fv2%2Fcategories&post=47513"},{"taxonomy":"post_tag","embeddable":true,"href":"http:\/\/www.korhanyilmaz.com\/index.php?rest_route=%2Fwp%2Fv2%2Ftags&post=47513"}],"curies":[{"name":"wp","href":"https:\/\/api.w.org\/{rel}","templated":true}]}}