{"id":47505,"date":"2012-01-24T11:27:17","date_gmt":"2012-01-24T09:27:17","guid":{"rendered":"http:\/\/www.korhanyilmaz.com\/?p=47505"},"modified":"2012-01-24T14:15:16","modified_gmt":"2012-01-24T12:15:16","slug":"secimle-alamadilar-boyle-aliyorlar","status":"publish","type":"post","link":"http:\/\/www.korhanyilmaz.com\/?p=47505","title":{"rendered":"Se\u00e7imle alamad\u0131lar b\u00f6yle al\u0131yorlar"},"content":{"rendered":"<p style=\"text-align: center;\"><a href=\"http:\/\/www.korhanyilmaz.com\/wp-content\/uploads\/2012\/01\/9428.jpg\"  class=\"lightview\"><img loading=\"lazy\" decoding=\"async\" class=\"aligncenter  wp-image-47506\" src=\"http:\/\/www.korhanyilmaz.com\/wp-content\/uploads\/2012\/01\/9428.jpg\" alt=\"\" width=\"397\" height=\"210\" \/><\/a><\/p>\n<p style=\"text-align: justify;\">CHP \u0130stanbul \u0130l Ba\u015fkan\u0131 O\u011fuz Kaan Sal\u0131c\u0131, AK Parti\u2019yi se\u00e7imle alamad\u0131\u011f\u0131 belediyeleri, g\u00fcl\u00fcn\u00e7 ve ak\u0131ld\u0131\u015f\u0131 operasyonlarla almaya \u00e7al\u0131\u015fmakla su\u00e7lad\u0131, \u201cBir yandan belediyelerimizi i\u015f yapamaz hale getirmeye \u00e7al\u0131\u015f\u0131rken, di\u011fer yandan da kamuoyunda CHP\u2019li belediyeleri itibars\u0131zla\u015ft\u0131rmaya \u00e7al\u0131\u015f\u0131yor\u201d dedi.<\/p>\n<p style=\"text-align: justify;\">\u0130\u00c7\u0130\u015eLER\u0130 Bakanl\u0131\u011f\u0131\u2019nca mobbing iddias\u0131yla hakk\u0131nda soru\u015fturma ba\u015flat\u0131lan ve pazar g\u00fcn\u00fc belediyeye yap\u0131lan bask\u0131nla s\u0131k\u0131nt\u0131l\u0131 g\u00fcnler ya\u015fayan CHP\u2019li Adalar Belediye Ba\u015fkan Mustafa Farsako\u011flu\u2019na partisinden destek geldi.<!--more--><\/p>\n<p style=\"text-align: justify;\">Ya\u015fananlardan Ak Parti h\u00fck\u00fcmetini sorumlu tutan CHP \u0130stanbul \u0130l Ba\u015fkan\u0131 O\u011fuz Kaan Sal\u0131c\u0131, Ak Parti\u2019yi se\u00e7imle alamad\u0131\u011f\u0131 belediyeleri, g\u00fcl\u00fcn\u00e7 ve ak\u0131ld\u0131\u015f\u0131 operasyonlarla almaya \u00e7al\u0131\u015fmakla su\u00e7lad\u0131. Sal\u0131c\u0131, konuyla ilgili yapt\u0131\u011f\u0131 yaz\u0131l\u0131 a\u00e7\u0131klamada \u00f6zetle \u015funlar\u0131 s\u00f6yledi:<\/p>\n<p style=\"text-align: justify;\">\u201cAKP iktidar\u0131, bir yandan belediyelerimizi i\u015f yapamaz hale getirmeye \u00e7al\u0131\u015f\u0131rken, di\u011fer yandan da kamuoyunda CHP\u2019li belediyeleri itibars\u0131zla\u015ft\u0131rmaya \u00e7al\u0131\u015f\u0131yor. Bir t\u00fcrl\u00fc ele ge\u00e7iremedi\u011fi \u0130zmir\u2019de, B\u00fcy\u00fck\u015fehir Belediye Ba\u015fkan\u0131 Aziz Kocao\u011flu\u2019na 397 y\u0131la varan hapis istemiyle soru\u015fturmalar a\u00e7\u0131lmas\u0131 da bu niyetin a\u00e7\u0131k bir g\u00f6stergesi. \u0130simsiz ihbarlarla, kayna\u011f\u0131 belirsiz \u015fik\u00e2yetlerle ve elektronik postalarla \u0130stanbul\u2019da Maltepe, Silivri, Sar\u0131yer, Avc\u0131lar, B\u00fcy\u00fck\u00e7ekmece, ard\u0131ndan bir kez daha Maltepe Belediyesi\u2019ne ve son olarak Adalar Belediyesi\u2019ne yap\u0131lan bu bask\u0131nlar, CHP\u2019li belediyelere tahamm\u00fcls\u00fczl\u00fc\u011f\u00fcn\u00fcn de karnesidir. Adalar Belediyesi\u2019nde 2010\u2019dan bu yana 38 ayr\u0131 konuda 13 kez \u0130\u00e7i\u015fleri Bakanl\u0131\u011f\u0131 m\u00fcfetti\u015fleri ara\u015ft\u0131rma ve \u00f6n inceleme yapt\u0131. 22 ayr\u0131 konuda da 20 kez \u0130stanbul Valili\u011fi ara\u015ft\u0131rma yapt\u0131. 24 konuda \u2018Soru\u015fturmaya gerek yok\u2019 karar\u0131 \u00e7\u0131kt\u0131. 58 konunun yaln\u0131zca 3\u2019\u00fcn\u00fcn soru\u015fturulmas\u0131na karar verildi. Belediye Ba\u015fkan\u0131 2 konuda hemen akland\u0131, 1 tanesinin soru\u015fturmas\u0131 devam ediyor. AKP iktidar\u0131 e\u011fer yolsuzluk ar\u0131yorsa, usuls\u00fczl\u00fck ar\u0131yorsa, CHP\u2019li belediyelere de\u011fil yolsuzluk iddialar\u0131 ayyuka \u00e7\u0131kt\u0131\u011f\u0131 halde kap\u0131s\u0131ndan i\u00e7eri bir kez bile \u0130\u00e7i\u015fleri Bakanl\u0131\u011f\u0131 m\u00fcfetti\u015fi sokulmam\u0131\u015f AKP\u2019li belediyelere bakmal\u0131.\u201d<\/p>\n<p style=\"text-align: justify;\"><strong>Ho\u015f geldin Reis\u00a0<\/strong><\/p>\n<p style=\"text-align: justify;\">\u0130zmir\u2019in Menderes il\u00e7esinin k\u00f6ylerini ziyaret eden B\u00fcy\u00fck\u015fehir Belediye Ba\u015fkan\u0131 CHP\u2019li Aziz Kocao\u011flu, hakk\u0131nda a\u00e7\u0131lan davaya at\u0131fta bulunan k\u00f6yl\u00fcler taraf\u0131ndan \u201c\u0130zmir\u2019de \u00e7ete yok, Reis var\u201d, \u201cKoca Reis sana g\u00fcveniyoruz\u201d, \u201cK\u00f6y\u00fcm\u00fcze ho\u015fgeldin Reis\u201d yaz\u0131l\u0131 d\u00f6viz ve pankartlarla kar\u015f\u0131land\u0131.<\/p>\n<p style=\"text-align: justify;\">Menderes\u2019in Develi, \u015ea\u015fal, Keler, K\u00fcner, Ak\u00e7ak\u00f6y, Yenik\u00f6y, Kuyucak, \u00c7atalca ve Efem\u00e7ukuru k\u00f6ylerinde vatanda\u015flarla bir araya gelen Kocao\u011flu, g\u00f6sterilen destek ve sevgi kar\u015f\u0131s\u0131nda duygulu anlar ya\u015fad\u0131. Kocao\u011flu, k\u00f6yl\u00fclerin, \u201cSiz \u00fcz\u00fcl\u00fcyorsunuz diye biz de \u00e7ok \u00fcz\u00fcl\u00fcyoruz\u201d s\u00f6zleri \u00fczerine \u015f\u00f6yle konu\u015ftu: \u201c\u00c7ok \u015f\u00fck\u00fcr bizim aln\u0131m\u0131z ak. Biz vatanda\u015f\u0131n, devletin bir kuru\u015funa tenezz\u00fcl etmeyiz. 56 ya\u015f\u0131nda belediye ba\u015fkan\u0131 oldum. 8 y\u0131ld\u0131r da yap\u0131yorum. 400 sayfal\u0131k iddianamede r\u00fc\u015fvet yok, zimmet yok, zenginle\u015fme yok. En \u00e7ok para giden i\u015flerle ilgili bir \u015fey yok. Bence bu iddianameyle B\u00fcy\u00fck\u015fehir Belediyesi\u2019nin ne kadar d\u00fczg\u00fcn \u00e7al\u0131\u015ft\u0131\u011f\u0131 tescil edildi. Bilerek, isteyerek birinin bir dirhemi bo\u011faz\u0131m\u0131zdan ge\u00e7tiyse, Allah fitil fitil burnumuzdan getirsin.\u201d<\/p>\n<p style=\"text-align: justify;\"><a href=\"http:\/\/www.hurriyet.com.tr\/gundem\/19756303.asp\" target=\"_blank\">Kaynak : H\u00fcrriyet.com.tr<\/a><\/p>\n","protected":false},"excerpt":{"rendered":"<p style=\"text-align: center;\">\n<p style=\"text-align: justify;\">CHP \u0130stanbul \u0130l Ba\u015fkan\u0131 O\u011fuz Kaan Sal\u0131c\u0131, AK Parti\u2019yi se\u00e7imle alamad\u0131\u011f\u0131 belediyeleri, g\u00fcl\u00fcn\u00e7 ve ak\u0131ld\u0131\u015f\u0131 operasyonlarla almaya \u00e7al\u0131\u015fmakla su\u00e7lad\u0131, \u201cBir yandan belediyelerimizi i\u015f yapamaz hale getirmeye \u00e7al\u0131\u015f\u0131rken, di\u011fer yandan da kamuoyunda CHP\u2019li belediyeleri itibars\u0131zla\u015ft\u0131rmaya \u00e7al\u0131\u015f\u0131yor\u201d dedi.<\/p>\n<p style=\"text-align: justify;\">\u0130\u00c7\u0130\u015eLER\u0130 Bakanl\u0131\u011f\u0131\u2019nca mobbing iddias\u0131yla hakk\u0131nda soru\u015fturma ba\u015flat\u0131lan ve pazar g\u00fcn\u00fc belediyeye yap\u0131lan <\/p>\n","protected":false},"author":1,"featured_media":0,"comment_status":"open","ping_status":"open","sticky":false,"template":"","format":"standard","meta":{"footnotes":""},"categories":[105],"tags":[],"class_list":["post-47505","post","type-post","status-publish","format-standard","hentry","category-gundem","odd"],"_links":{"self":[{"href":"http:\/\/www.korhanyilmaz.com\/index.php?rest_route=\/wp\/v2\/posts\/47505","targetHints":{"allow":["GET"]}}],"collection":[{"href":"http:\/\/www.korhanyilmaz.com\/index.php?rest_route=\/wp\/v2\/posts"}],"about":[{"href":"http:\/\/www.korhanyilmaz.com\/index.php?rest_route=\/wp\/v2\/types\/post"}],"author":[{"embeddable":true,"href":"http:\/\/www.korhanyilmaz.com\/index.php?rest_route=\/wp\/v2\/users\/1"}],"replies":[{"embeddable":true,"href":"http:\/\/www.korhanyilmaz.com\/index.php?rest_route=%2Fwp%2Fv2%2Fcomments&post=47505"}],"version-history":[{"count":0,"href":"http:\/\/www.korhanyilmaz.com\/index.php?rest_route=\/wp\/v2\/posts\/47505\/revisions"}],"wp:attachment":[{"href":"http:\/\/www.korhanyilmaz.com\/index.php?rest_route=%2Fwp%2Fv2%2Fmedia&parent=47505"}],"wp:term":[{"taxonomy":"category","embeddable":true,"href":"http:\/\/www.korhanyilmaz.com\/index.php?rest_route=%2Fwp%2Fv2%2Fcategories&post=47505"},{"taxonomy":"post_tag","embeddable":true,"href":"http:\/\/www.korhanyilmaz.com\/index.php?rest_route=%2Fwp%2Fv2%2Ftags&post=47505"}],"curies":[{"name":"wp","href":"https:\/\/api.w.org\/{rel}","templated":true}]}}