{"id":47501,"date":"2012-01-24T10:45:17","date_gmt":"2012-01-24T08:45:17","guid":{"rendered":"http:\/\/www.korhanyilmaz.com\/?p=47501"},"modified":"2012-01-24T13:12:01","modified_gmt":"2012-01-24T11:12:01","slug":"memura-son-dakika-surprizi","status":"publish","type":"post","link":"http:\/\/www.korhanyilmaz.com\/?p=47501","title":{"rendered":"Memura son dakika s\u00fcrprizi"},"content":{"rendered":"<p style=\"text-align: center;\"><a href=\"http:\/\/www.korhanyilmaz.com\/wp-content\/uploads\/2012\/01\/9427.jpg\"  class=\"lightview\"><img loading=\"lazy\" decoding=\"async\" class=\"aligncenter  wp-image-47502\" src=\"http:\/\/www.korhanyilmaz.com\/wp-content\/uploads\/2012\/01\/9427.jpg\" alt=\"\" width=\"381\" height=\"197\" \/><\/a><\/p>\n<p style=\"text-align: justify;\">Memura toplu s\u00f6zle\u015fme hakk\u0131n\u0131 d\u00fczenleyen yasada son dakikada de\u011fi\u015fiklik yap\u0131ld\u0131. Ba\u011f\u0131ms\u0131z hakem heyetinin zamm\u0131 belirleyece\u011fi yasada yap\u0131lan de\u011fi\u015fiklikle son s\u00f6z yine Bakanlar Kurulu&#8217;nda olacak.<\/p>\n<p style=\"text-align: justify;\">\u0130STANBUL &#8211; 12 Eyl\u00fcl 2010 referandumuyla memurlara s\u00f6z\u00fc verilen \u201ctoplu s\u00f6zle\u015fme hakk\u0131n\u0131\u201d d\u00fczenleyen yasa tasar\u0131s\u0131 bir y\u0131l\u0131 a\u015fk\u0131n bir s\u00fcrenin sonunda Meclis\u2019e sunuldu.\u00a0<!--more--><\/p>\n<p style=\"text-align: justify;\">Yasa tasar\u0131s\u0131n\u0131n haz\u0131rlanmas\u0131 s\u0131ras\u0131nda memur konfederasyonlar\u0131yla yapt\u0131\u011f\u0131 m\u00fczakerelerde h\u00fck\u00fcmet, toplu s\u00f6zle\u015fme hakk\u0131n\u0131n kullan\u0131labilmesi i\u00e7in kritik \u00f6nemdeki \u201cHakem Heyeti\u201dnin ba\u011f\u0131ms\u0131z olmas\u0131n\u0131 kabul etmemi\u015f, ancak \u00fczerinde uzla\u015f\u0131lan kimi d\u00fczenlemeler belirlenmi\u015fti. D\u00fcn yasa tasar\u0131s\u0131n\u0131 Meclis\u2019e sevk eden h\u00fck\u00fcmet, memur konfederasyonlar\u0131na \u201cson dakika s\u00fcrprizi\u201d yaparak, tasar\u0131da de\u011fi\u015fiklik yapt\u0131.<\/p>\n<p style=\"text-align: justify;\">Vatan&#8217;\u0131n haberine g\u00f6re, tasar\u0131n\u0131n son hali memur konfederasyonlar\u0131n\u0131 aya\u011fa kald\u0131r\u0131rken, \u201cBu kadar ayd\u0131r bo\u015funa m\u0131 m\u00fczakere ediyoruz?\u201d tepkisine neden oldu. Tasar\u0131da Hakem Heyeti\u2019nin yap\u0131s\u0131ndan, hizmet kolu toplu s\u00f6zle\u015fmesinin kald\u0131r\u0131lmas\u0131na kadar getirilen d\u00fczenlemelerle memura toplu s\u00f6zle\u015fme masal oldu.<\/p>\n<p style=\"text-align: justify;\">Memurlarla ilgili s\u00fcre\u00e7te neredeyse t\u00fcm kararlarda top yine Bakanlar Kurulu\u2019nda olacak.<\/p>\n<p style=\"text-align: justify;\">Tasar\u0131ya g\u00f6re toplu s\u00f6zle\u015fme s\u00fcreci sonunda anla\u015fma sa\u011flanamamas\u0131 halinde, konu 3 g\u00fcn i\u00e7inde Kamu G\u00f6revlileri Hakem Kurulu\u2019na g\u00f6t\u00fcr\u00fclecek. Hakem Kurulu\u2019nun kimlerden olu\u015faca\u011f\u0131 ise tasar\u0131da detaylar\u0131yla belirlendi. Buna g\u00f6re 11 ki\u015filik Hakem Heyeti\u2019nin ba\u015fkan\u0131 da dahil 3 \u00fcyesi Bakanlar Kurulu taraf\u0131ndan, 4\u2019\u00fc de Bakanlar taraf\u0131ndan se\u00e7ilmi\u015f olurken, sadece kalan 4 \u00fcye H\u00fck\u00fcmetten ba\u011f\u0131ms\u0131z belirlenecek.<\/p>\n<p style=\"text-align: justify;\">Tasar\u0131da Hakem Heyeti\u2019nin yap\u0131s\u0131 \u015f\u00f6yle tarif ediliyor:<\/p>\n<p style=\"text-align: justify;\">&#8211; Hakem Kurulu\u2019nun ba\u015fkan\u0131, mevcut Yarg\u0131tay, Dan\u0131\u015ftay ve Say\u0131\u015ftay ba\u015fkanlar\u0131, ba\u015fkan vekilleri, ba\u015fkan yard\u0131mc\u0131lar\u0131 ya da daire ba\u015fkanlar\u0131 aras\u0131ndan Bakanlar Kurulu\u2019nun se\u00e7ece\u011fi biri olacak.<\/p>\n<p style=\"text-align: justify;\">&#8211; \u00c7al\u0131\u015fma Bakanl\u0131\u011f\u0131, Maliye Bakanl\u0131\u011f\u0131, Hazine M\u00fcste\u015farl\u0131\u011f\u0131 ve Devlet Personel Ba\u015fkanl\u0131\u011f\u0131\u2019ndan birer \u00fcye se\u00e7ilecek, 4 \u00fcye olacak.<\/p>\n<p style=\"text-align: justify;\">&#8211; En az do\u00e7ent \u00fcnvan\u0131n\u0131 ta\u015f\u0131yan \u00f6\u011fretim \u00fcyeleri aras\u0131ndan \u00c7al\u0131\u015fma Bakan\u0131 taraf\u0131ndan belirlenecek 7 isim aras\u0131ndan Bakanlar Kurulu taraf\u0131ndan belirlenecek 1 ki\u015fi olacak.<\/p>\n<p style=\"text-align: justify;\">&#8211; En fazla \u00fcyeye sahip konfederasyon taraf\u0131ndan 3, di\u011fer konfederasyonlar taraf\u0131ndan belirlenecek 2\u2019\u015fer olmak \u00fczere, sendikalar taraf\u0131ndan \u00f6nerilecek 7 \u00f6\u011fretim \u00fcyesi aras\u0131ndan Bakanlar Kurulu\u2019nun se\u00e7ece\u011fi 1 \u00fcye.<\/p>\n<p style=\"text-align: justify;\">&#8211; En fazla \u00fcyeye sahip konfederasyon taraf\u0131ndan belirlenecek 2, di\u011fer konfederasyonlar taraf\u0131ndan belirlenecek birer \u00fcye olmak \u00fczere 4 \u00fcye.<\/p>\n<p style=\"text-align: justify;\">Hakem Kurulu, en az 8 \u00fcyenin kat\u0131l\u0131m\u0131yla toplanacak. Kurul, ba\u015fvuru tarihinden itibaren 5 g\u00fcn i\u00e7inde karar\u0131n\u0131 verecek. Kurul, toplant\u0131ya kat\u0131lanlar\u0131n \u00e7o\u011funlu\u011fuyla karar alacak, \u00fcyeler \u00e7ekimser oy kullanamayacak. Kurul kararlar\u0131 kesin olacak ve toplu s\u00f6zle\u015fme h\u00fckm\u00fcnde say\u0131lacak. Oylamada e\u015fitlik halinde ba\u015fkan\u0131n oyu belirleyici olacak.<\/p>\n<p style=\"text-align: justify;\"><strong>\u2018MEVCUT HAKLARDAN B\u0130LE GER\u0130YE G\u0130TT\u0130K\u2019<\/strong><\/p>\n<p style=\"text-align: justify;\">Tasar\u0131ya tepki g\u00f6steren Kamu- Sen Ba\u015fkan\u0131 \u0130smail Koncuk, \u015funlar\u0131 s\u00f6yledi:<\/p>\n<p style=\"text-align: justify;\">\u201cBu d\u00fczenleme aram\u0131zdaki m\u00fczakerelerin \u2018sohbet toplant\u0131s\u0131\u2019 olmaktan \u00f6teye ta\u015f\u0131mayacak. Toplu g\u00f6r\u00fc\u015fme sisteminden tek bir ad\u0131m bile ileriye y\u00f6nelik uygulamalar i\u00e7ermiyor, hatta daha da geri. H\u00fck\u00fcmet toplu s\u00f6zle\u015fme masas\u0131nda dikensiz g\u00fcl bah\u00e7esi yaratmaya \u00e7al\u0131\u015fm\u0131\u015f. Biz s\u00f6yleyelim, olsun, bunun da ad\u0131 toplu s\u00f6zle\u015fme olsun deniyor. Ancak H\u00fck\u00fcmet \u015funu unutuyor ki, sendikal m\u00fccadele sadece toplu s\u00f6zle\u015fme masas\u0131nda olmaz, haklar\u0131n\u0131z\u0131 alamazsan\u0131z, uluslararas\u0131 s\u00f6zle\u015fmelerden kaynaklanan grev hakk\u0131n\u0131z\u0131 kullan\u0131s\u0131n\u0131z. Biz bu tasar\u0131y\u0131 kabul etmiyoruz.\u201d<\/p>\n<p style=\"text-align: justify;\">Tasar\u0131n\u0131n haz\u0131rlan\u0131\u015f s\u00fcrecinde aylarca \u00c7al\u0131\u015fma Bakan\u0131 Faruk \u00c7elik\u2019le m\u00fczakere ettiklerini s\u00f6yleyen Memur Sen Ba\u015fkan\u0131 Ahmet G\u00fcndo\u011fdu ise \u201cHizmet kolu toplu s\u00f6zle\u015fmesinde Bakan \u00c7elik\u2019le uzla\u015fm\u0131\u015ft\u0131k. Ancak gelen tasar\u0131 b\u00f6yle de\u011fil, uzla\u015f\u0131n\u0131n arkas\u0131nda durmas\u0131n\u0131 bekliyoruz. Biz neden aylarca oturup tart\u0131\u015ft\u0131k? Meydanlara \u00e7a\u011fr\u0131 varsa, bunun hakk\u0131n\u0131 veririz\u201d dedi.<\/p>\n<p style=\"text-align: justify;\"><a href=\"http:\/\/www.ntvmsnbc.com\/id\/25316322\" target=\"_blank\">Kaynak : NTVMSNBC<\/a><\/p>\n","protected":false},"excerpt":{"rendered":"<p style=\"text-align: center;\">\n<p style=\"text-align: justify;\">Memura toplu s\u00f6zle\u015fme hakk\u0131n\u0131 d\u00fczenleyen yasada son dakikada de\u011fi\u015fiklik yap\u0131ld\u0131. Ba\u011f\u0131ms\u0131z hakem heyetinin zamm\u0131 belirleyece\u011fi yasada yap\u0131lan de\u011fi\u015fiklikle son s\u00f6z yine Bakanlar Kurulu&#8217;nda olacak.<\/p>\n<p style=\"text-align: justify;\">\u0130STANBUL &#8211; 12 Eyl\u00fcl 2010 referandumuyla memurlara s\u00f6z\u00fc verilen \u201ctoplu s\u00f6zle\u015fme hakk\u0131n\u0131\u201d d\u00fczenleyen yasa tasar\u0131s\u0131 bir y\u0131l\u0131 a\u015fk\u0131n bir s\u00fcrenin sonunda Meclis\u2019e sunuldu. <\/p>\n","protected":false},"author":1,"featured_media":0,"comment_status":"open","ping_status":"open","sticky":false,"template":"","format":"standard","meta":{"footnotes":""},"categories":[7],"tags":[],"class_list":["post-47501","post","type-post","status-publish","format-standard","hentry","category-ekonomi","odd"],"_links":{"self":[{"href":"http:\/\/www.korhanyilmaz.com\/index.php?rest_route=\/wp\/v2\/posts\/47501","targetHints":{"allow":["GET"]}}],"collection":[{"href":"http:\/\/www.korhanyilmaz.com\/index.php?rest_route=\/wp\/v2\/posts"}],"about":[{"href":"http:\/\/www.korhanyilmaz.com\/index.php?rest_route=\/wp\/v2\/types\/post"}],"author":[{"embeddable":true,"href":"http:\/\/www.korhanyilmaz.com\/index.php?rest_route=\/wp\/v2\/users\/1"}],"replies":[{"embeddable":true,"href":"http:\/\/www.korhanyilmaz.com\/index.php?rest_route=%2Fwp%2Fv2%2Fcomments&post=47501"}],"version-history":[{"count":0,"href":"http:\/\/www.korhanyilmaz.com\/index.php?rest_route=\/wp\/v2\/posts\/47501\/revisions"}],"wp:attachment":[{"href":"http:\/\/www.korhanyilmaz.com\/index.php?rest_route=%2Fwp%2Fv2%2Fmedia&parent=47501"}],"wp:term":[{"taxonomy":"category","embeddable":true,"href":"http:\/\/www.korhanyilmaz.com\/index.php?rest_route=%2Fwp%2Fv2%2Fcategories&post=47501"},{"taxonomy":"post_tag","embeddable":true,"href":"http:\/\/www.korhanyilmaz.com\/index.php?rest_route=%2Fwp%2Fv2%2Ftags&post=47501"}],"curies":[{"name":"wp","href":"https:\/\/api.w.org\/{rel}","templated":true}]}}