{"id":47497,"date":"2012-01-24T11:05:59","date_gmt":"2012-01-24T09:05:59","guid":{"rendered":"http:\/\/www.korhanyilmaz.com\/?p=47497"},"modified":"2012-01-24T18:22:10","modified_gmt":"2012-01-24T16:22:10","slug":"ergenekonda-surpriz-800-kisi-serbest-kalacak","status":"publish","type":"post","link":"http:\/\/www.korhanyilmaz.com\/?p=47497","title":{"rendered":"Ergenekon\u2019da s\u00fcrpriz: 800 ki\u015fi serbest kalacak"},"content":{"rendered":"<p style=\"text-align: center;\"><a href=\"http:\/\/www.korhanyilmaz.com\/wp-content\/uploads\/2012\/01\/9426.jpg\"  class=\"lightview\"><img loading=\"lazy\" decoding=\"async\" class=\"aligncenter  wp-image-47498\" src=\"http:\/\/www.korhanyilmaz.com\/wp-content\/uploads\/2012\/01\/9426.jpg\" alt=\"\" width=\"333\" height=\"191\" \/><\/a><\/p>\n<p style=\"text-align: justify;\">Yarg\u0131y\u0131 h\u0131zland\u0131rmak i\u00e7in \u00e7\u0131kar\u0131lan pakete tutukluluk s\u00fcrelerini k\u0131saltacak bir madde eklenmesinin planland\u0131\u011f\u0131 ileri s\u00fcr\u00fcld\u00fc. Plan\u0131n hayata ge\u00e7mesi durumunda Ergenekon ve Balyoz san\u0131klar\u0131n\u0131n yan\u0131 s\u0131ra PKK \u00fcyeleri de tahliye edilecek.<\/p>\n<p style=\"text-align: justify;\">H\u00fck\u00fcmetin uzun tutukluluk s\u00fcrelerini k\u0131saltmaya y\u00f6nelik \u00e7al\u0131\u015fmas\u0131 tart\u0131\u015fmalar\u0131 da beraberinde getirdi. Yarg\u0131n\u0131n h\u0131zland\u0131r\u0131lmas\u0131na y\u00f6nelik pakete Meclis\u2019teki komisyon veya Genel Kurul a\u015famas\u0131nda tutukluluk s\u00fcrelerinin k\u0131salt\u0131lmas\u0131na y\u00f6nelik maddenin konulaca\u011f\u0131 belirtiliyor. Buna g\u00f6re, tutukluluk s\u00fcresinin 4-8 y\u0131l olarak d\u00fczenlenmesi d\u00fc\u015f\u00fcn\u00fcl\u00fcyor.\u00a0<!--more--><\/p>\n<p style=\"text-align: justify;\">Adalet Bakanl\u0131\u011f\u0131\u2019n\u0131n tutukluluk s\u00fcrelerinin k\u0131salt\u0131lmas\u0131 \u00fczerinde \u00e7al\u0131\u015fma yapt\u0131\u011f\u0131na dikkat \u00e7ekiliyor. AK Parti MYK\u2019n\u0131n iki hafta \u00f6nce yap\u0131lan toplant\u0131s\u0131nda tutukluk s\u00fcreleri tart\u0131\u015f\u0131ld\u0131. Bug\u00fcn gazetesinin haberine g\u00f6re, Adalet Bakan\u0131 Sadullah Ergin, tutukluluk s\u00fcrelerinin k\u0131salt\u0131lmas\u0131na ili\u015fkin sunum yapt\u0131. Bu s\u00fcrenin 3-6 y\u0131la indirilmesine ili\u015fkin d\u00fczenleme i\u00e7in oylama bile yap\u0131ld\u0131\u011f\u0131 \u00f6\u011frenildi. Oylamada tutukluluk s\u00fcrelerini 3-6 y\u0131la indirilmesi reddedildi. AK Parti MYK\u2019da al\u0131nan karar\u0131n ard\u0131ndan h\u00fck\u00fcmet tutukluluk s\u00fcrelerinin 4-8 y\u0131l olmas\u0131 form\u00fcl\u00fc \u00fczerinde \u00e7al\u0131\u015f\u0131yor. Tutukluluk s\u00fcrelerinin 4-8 y\u0131la indirilmesi halinde tahliye olacak ki\u015fi say\u0131s\u0131n\u0131n azalaca\u011f\u0131 ileri s\u00fcr\u00fcl\u00fcyor.<\/p>\n<p style=\"text-align: justify;\"><a href=\"http:\/\/www.korhanyilmaz.com\/wp-content\/uploads\/2012\/01\/9441.jpg\"  class=\"lightview\"><img loading=\"lazy\" decoding=\"async\" class=\"aligncenter size-full wp-image-47568\" title=\"\" src=\"http:\/\/www.korhanyilmaz.com\/wp-content\/uploads\/2012\/01\/9441.jpg\" alt=\"\" width=\"461\" height=\"273\" \/><\/a><\/p>\n<p style=\"text-align: justify;\"><strong>ARIN\u00c7 A\u00c7IKLAMI\u015eTI<\/strong><\/p>\n<p style=\"text-align: justify;\">Ba\u015fbakan Yard\u0131mc\u0131s\u0131 B\u00fclent Ar\u0131n\u00e7, Cumhuriyet Gazetesi Ankara Temsilcisi Utku \u00c7ak\u0131r\u00f6z\u2019e yapt\u0131\u011f\u0131 ziyarette tutukluluk s\u00fcrelerinin 4-8 y\u0131la indirilebilece\u011fini sinyalini vermi\u015fti. Ar\u0131n\u00e7 Cumhuriyet\u2019te yer alan a\u00e7\u0131klamas\u0131nda \u201cOradaki s\u00fcreleri 1\u2019er y\u0131l a\u015fa\u011f\u0131ya \u00e7ekebilecek bir d\u00fczenleme belki yap\u0131labilir. 2 y\u0131l, 3 y\u0131l \u00e7ekti\u011finiz zaman, o zaman kamuoyunun nefretle kar\u015f\u0131layaca\u011f\u0131, \u2018Bu kadar da olmaz\u2019 diyece\u011fi bir durumla kar\u015f\u0131 kar\u015f\u0131ya geliriz. 4-8 gibi, 3-6 gibi olabilir\u201d ifadelerini kullanm\u0131\u015ft\u0131.<\/p>\n<p style=\"text-align: justify;\"><strong>YARGI PAKET\u0130NE EKLENECEK<\/strong><\/p>\n<p style=\"text-align: justify;\">Al\u0131nan bilgilere g\u00f6re tutukluluk s\u00fcrelerinin 4-8 y\u0131la indirilmesine y\u00f6nelik d\u00fczenleme Adalet Bakanl\u0131\u011f\u0131 taraf\u0131ndan son haz\u0131rlanan yarg\u0131n\u0131n h\u0131zland\u0131r\u0131lmas\u0131na ili\u015fken pakete Meclis a\u015famas\u0131nda eklenecek. Komisyon veya Genel Kurul s\u00fcrecinde d\u00fczenlemenin g\u00fcndeme gelebilece\u011fi kaydediliyor.<\/p>\n<p style=\"text-align: justify;\"><strong>DANI\u015eTAY TET\u0130K\u00c7\u0130S\u0130 \u00c7IKACAK<\/strong><\/p>\n<p style=\"text-align: justify;\">Plan\u0131n hayata ge\u00e7mesi durumunda Ergenekon ve Balyoz san\u0131klar\u0131n\u0131n yan\u0131 s\u0131ra PKK, Hizbullah gibi ter\u00f6r \u00f6rg\u00fct\u00fc \u00fcyeleri tahliye edilecek. Ergenekon davas\u0131 kapsam\u0131nda 21 May\u0131s 2006\u2019da tutuklanan Alparslan Arslan, 30 Haziran 2007\u2019de tutuklanan Fikret Emek, 23 Ocak 2008\u2019de tutuklanan Fikri Karada\u011f, 16 Haziran 2007\u2019de tutuklanan Oktay Y\u0131ld\u0131r\u0131m ve 19 Haziran 2007\u2019de tutuklanan Muzaffer Tekin, tutukluluk s\u00fcrelerinin k\u0131salt\u0131lmas\u0131 durumunda b\u0131rak\u0131lacak.<\/p>\n<p style=\"text-align: justify;\"><strong>800 K\u0130\u015e\u0130 HEMEN SERBEST<\/strong><\/p>\n<p style=\"text-align: justify;\">Ergenekon d\u0131\u015f\u0131nda tutuklu bulunan ve tutukluluk s\u00fcreleri 4 y\u0131l\u0131 ge\u00e7en 800\u2019den fazla ki\u015fi hemen cezaevlerinden b\u0131rak\u0131lacak. Bunlar aras\u0131nda PKK, Hizbullah ve DHKP-C mensuplar\u0131 da bulunuyor.<\/p>\n<p style=\"text-align: justify;\"><a href=\"http:\/\/www.ntvmsnbc.com\/id\/25316333\" target=\"_blank\">Kaynak : NTVMSNBC<\/a><\/p>\n","protected":false},"excerpt":{"rendered":"<p style=\"text-align: center;\">\n<p style=\"text-align: justify;\">Yarg\u0131y\u0131 h\u0131zland\u0131rmak i\u00e7in \u00e7\u0131kar\u0131lan pakete tutukluluk s\u00fcrelerini k\u0131saltacak bir madde eklenmesinin planland\u0131\u011f\u0131 ileri s\u00fcr\u00fcld\u00fc. Plan\u0131n hayata ge\u00e7mesi durumunda Ergenekon ve Balyoz san\u0131klar\u0131n\u0131n yan\u0131 s\u0131ra PKK \u00fcyeleri de tahliye edilecek.<\/p>\n<p style=\"text-align: justify;\">H\u00fck\u00fcmetin uzun tutukluluk s\u00fcrelerini k\u0131saltmaya y\u00f6nelik \u00e7al\u0131\u015fmas\u0131 tart\u0131\u015fmalar\u0131 da beraberinde getirdi. Yarg\u0131n\u0131n h\u0131zland\u0131r\u0131lmas\u0131na y\u00f6nelik pakete Meclis\u2019teki komisyon veya Genel <\/p>\n","protected":false},"author":1,"featured_media":0,"comment_status":"open","ping_status":"open","sticky":false,"template":"","format":"standard","meta":{"footnotes":""},"categories":[105],"tags":[],"class_list":["post-47497","post","type-post","status-publish","format-standard","hentry","category-gundem","odd"],"_links":{"self":[{"href":"http:\/\/www.korhanyilmaz.com\/index.php?rest_route=\/wp\/v2\/posts\/47497","targetHints":{"allow":["GET"]}}],"collection":[{"href":"http:\/\/www.korhanyilmaz.com\/index.php?rest_route=\/wp\/v2\/posts"}],"about":[{"href":"http:\/\/www.korhanyilmaz.com\/index.php?rest_route=\/wp\/v2\/types\/post"}],"author":[{"embeddable":true,"href":"http:\/\/www.korhanyilmaz.com\/index.php?rest_route=\/wp\/v2\/users\/1"}],"replies":[{"embeddable":true,"href":"http:\/\/www.korhanyilmaz.com\/index.php?rest_route=%2Fwp%2Fv2%2Fcomments&post=47497"}],"version-history":[{"count":0,"href":"http:\/\/www.korhanyilmaz.com\/index.php?rest_route=\/wp\/v2\/posts\/47497\/revisions"}],"wp:attachment":[{"href":"http:\/\/www.korhanyilmaz.com\/index.php?rest_route=%2Fwp%2Fv2%2Fmedia&parent=47497"}],"wp:term":[{"taxonomy":"category","embeddable":true,"href":"http:\/\/www.korhanyilmaz.com\/index.php?rest_route=%2Fwp%2Fv2%2Fcategories&post=47497"},{"taxonomy":"post_tag","embeddable":true,"href":"http:\/\/www.korhanyilmaz.com\/index.php?rest_route=%2Fwp%2Fv2%2Ftags&post=47497"}],"curies":[{"name":"wp","href":"https:\/\/api.w.org\/{rel}","templated":true}]}}