{"id":47484,"date":"2012-01-24T12:21:31","date_gmt":"2012-01-24T10:21:31","guid":{"rendered":"http:\/\/www.korhanyilmaz.com\/?p=47484"},"modified":"2012-01-24T12:59:12","modified_gmt":"2012-01-24T10:59:12","slug":"evlerinin-kapilarini-actilar","status":"publish","type":"post","link":"http:\/\/www.korhanyilmaz.com\/?p=47484","title":{"rendered":"Evlerinin kap\u0131lar\u0131n\u0131 a\u00e7t\u0131lar"},"content":{"rendered":"<p style=\"text-align: center;\"><a href=\"http:\/\/www.korhanyilmaz.com\/wp-content\/uploads\/2012\/01\/9418.jpg\"  class=\"lightview\"><img loading=\"lazy\" decoding=\"async\" class=\"aligncenter  wp-image-47485\" src=\"http:\/\/www.korhanyilmaz.com\/wp-content\/uploads\/2012\/01\/9418.jpg\" alt=\"\" width=\"312\" height=\"206\" \/><\/a><\/p>\n<p style=\"text-align: justify;\">D\u00fcnyan\u0131n ilk rahim naklinden sonra T\u00fcrkiye&#8217;nin ilk tam y\u00fcz naklini de ger\u00e7ekle\u015ftiren Akdeniz \u00dcniversitesi Plastik ve Rekonstr\u00fcktif Cerrahi Anabilim Dal\u0131 \u00d6\u011fretim \u00dcyesi Prof. Dr. \u00d6mer \u00d6zkan, evinin kap\u0131lar\u0131n\u0131 a\u00e7t\u0131.<\/p>\n<p style=\"text-align: justify;\">Evde ve i\u015f yerinde \u201cpatron\u201d olan e\u015fi Yrd. Do\u00e7. Dr. \u00d6zlenen \u00d6zkan ve k\u00fc\u00e7\u00fck k\u0131zlar\u0131 \u201cZeyno\u015f\u201d ile mutlu bir ya\u015fam s\u00fcren \u00d6zkan, m\u00fctevazili\u011fiyle dikkati \u00e7ekiyor. 2 y\u0131l \u00f6nce ger\u00e7ekle\u015ftirdi\u011fi iki kol naklinden bu yana g\u00fcndemden d\u00fc\u015fmeyen \u00d6zkan, yurt d\u0131\u015f\u0131ndan ald\u0131\u011f\u0131 tekliflere s\u0131cak bakmazken, \u201c\u015f\u0131mar\u0131k\u00e7a\u201d olarak niteledi\u011fi ameliyatlar\u0131 ekibinin verdi\u011fi g\u00fcvenle yapt\u0131\u011f\u0131n\u0131 s\u00f6yl\u00fcyor.\u00a0<!--more--><\/p>\n<p style=\"text-align: justify;\">Sa\u011fl\u0131k Bakanl\u0131\u011f\u0131&#8217;n\u0131n \u00f6zel izniyle ger\u00e7ekle\u015ftirdi\u011fi iki kol ve rahim nakilleriyle T\u00fcrkiye&#8217;de yasal bir bo\u015flu\u011fun dolmas\u0131na \u00f6nc\u00fcl\u00fck eden \u00d6zkan, bir hafta ameliyata girmezse s\u0131k\u0131l\u0131yor. Ameliyats\u0131z ge\u00e7en g\u00fcnlerinde mesle\u011fini k\u00f6t\u00fc yapt\u0131\u011f\u0131n\u0131 ya da tecr\u00fcbesinin azald\u0131\u011f\u0131n\u0131 d\u00fc\u015f\u00fcnen \u00d6zkan, herkesin kendisine bir hedef koymas\u0131 gerekti\u011fi inanc\u0131nda. Be\u011fenilen, tercih edilen, memnuniyet yaratan bir doktor olman\u0131n \u00f6nemli oldu\u011funa i\u015faret eden \u00d6zkan, farkl\u0131 hedefler koyman\u0131n insan\u0131 g\u00fcnl\u00fck tekd\u00fcze ya\u015famdan kurtard\u0131\u011f\u0131n\u0131, gereksiz u\u011fra\u015flardan da uzak tuttu\u011funu d\u00fc\u015f\u00fcn\u00fcyor.<\/p>\n<p style=\"text-align: justify;\">D\u00fcnyan\u0131n konu\u015ftu\u011fu plastik cerrah, i\u015f d\u0131\u015f\u0131nda g\u00fcn\u00fcn stresini 11 ayl\u0131k k\u0131z\u0131 \u201cZeyno\u015f\u201d ile at\u0131yor. K\u00fc\u00e7\u00fck k\u0131z\u0131, her ne kadar y\u0131llar\u0131n en b\u00fcy\u00fck al\u0131\u015fkanl\u0131\u011f\u0131 olan geni\u015f pazar uykular\u0131na ambargo koysa da \u00d6mer \u00d6zkan&#8217;\u0131n eve girince ilk i\u015fi Zeynep Lara&#8217;y\u0131 kuca\u011f\u0131na alarak sevmek oluyor.<\/p>\n<p style=\"text-align: justify;\">\u0130\u015f yo\u011funlu\u011fundan en b\u00fcy\u00fck keyifleri olan birlikte film izlemeye hasret kalan \u00e7ift, az uyuyup, f\u0131rsat bulduk\u00e7a beraber yemek yiyor.<\/p>\n<p style=\"text-align: justify;\">Akdeniz \u00dcniversitesi Plastik ve Rekonstr\u00fcktif Cerrahi Anabilim Dal\u0131 Ba\u015fkan\u0131 Yrd. Do\u00e7. Dr. \u00d6zlenen \u00d6zkan, T\u00fcrkiye&#8217;nin gururu olan e\u015fini, \u201c\u00e7ok sab\u0131rs\u0131z, yetenekli, son derece i\u015fine sayg\u0131l\u0131, m\u00fckemmel bir doktor\u201d olarak nitelendirirken, ayn\u0131 bilimdal\u0131n\u0131n \u00f6\u011fretim \u00fcyesi \u00d6mer \u00d6zkan da e\u015fiyle mesleki a\u00e7\u0131dan anla\u015famad\u0131klar\u0131 \u00e7ok \u015fey olsa da ba\u015far\u0131n\u0131n s\u0131rr\u0131n\u0131n bunda yatt\u0131\u011f\u0131na inan\u0131yor.<\/p>\n<p style=\"text-align: justify;\">Galatasarayl\u0131 olan \u00e7ift, evlerinin \u00fcst kat\u0131ndaki \u00e7al\u0131\u015fma odas\u0131nda d\u00fcnyadaki geli\u015fmeleri takip ederek, plastik cerrahiyle ilgili yay\u0131mlanan makaleleri okuyorlar.<\/p>\n<p style=\"text-align: justify;\"><strong>KALP DAMAR CERRAHI OLMAK \u0130STEM\u0130\u015e\u00a0<\/strong><\/p>\n<p style=\"text-align: justify;\">K\u00fc\u00e7\u00fck bir \u00e7ocukken, \u00f6\u011fretmen, doktor ya da pilot olmay\u0131 d\u00fc\u015f\u00fcnen \u00d6mer \u00d6zkan, lisedeyken doktorlukta karar k\u0131l\u0131yor. O y\u0131llarda doktorlu\u011fun, daha pop\u00fcler oldu\u011funa i\u015faret eden \u00d6zkan, mesle\u011finin insano\u011flu varolduk\u00e7a s\u00fcrecek tek meslek oldu\u011funa inan\u0131yor. \u201cBug\u00fcn olsa bu zorluklarda tekrar doktor olur muydunuz?\u201d sorusunu i\u00e7tenlikle yan\u0131tlayan \u00d6zkan, \u201cBug\u00fcn biraz d\u00fc\u015f\u00fcn\u00fcrd\u00fcm belki ama herhalde yine yap\u0131labilecek en g\u00fczel mesleklerden bir tanesi\u201d diyor.<\/p>\n<p style=\"text-align: justify;\">Uzmanl\u0131\u011f\u0131n\u0131 kalp damar cerrahisinde yapmak isteyen \u00d6zkan, o y\u0131l istedi\u011fi b\u00f6l\u00fcm\u00fcn a\u00e7\u0131lmamas\u0131 \u00fczerine, yak\u0131n bir arkada\u015f\u0131n\u0131n telkiniyle plastik cerrahiyi se\u00e7iyor.<\/p>\n<p style=\"text-align: justify;\">Akdeniz \u00dcniversitesi&#8217;nde uzman olarak \u00e7al\u0131\u015fan \u00d6mer \u00d6zkan, 2002 y\u0131l\u0131nda asistan olarak i\u015fe ba\u015flayan \u00d6zlenen \u00d6zkan ile tan\u0131\u015ft\u0131ktan 5 y\u0131l sonra hayat\u0131n\u0131 birle\u015ftiriyor.<\/p>\n<p style=\"text-align: justify;\"><strong>K\u00dc\u00c7\u00dcK KIZ \u0130STED\u0130 &#8216;NEDEN OLMASIN&#8217; DED\u0130\u00a0<\/strong><\/p>\n<p style=\"text-align: justify;\">2006 y\u0131l\u0131nda bir g\u00fcn, dirsek alt\u0131ndan elektrik yan\u0131\u011f\u0131 olan ve her iki kolunu da kaybetmi\u015f bir k\u0131z \u00d6mer \u00d6zkan i\u00e7in d\u00f6n\u00fcm noktas\u0131 oluyor. K\u0131za protez isteyip istemedi\u011fini soran \u00d6zkan, \u201cHocam ba\u015fka birinden alsan\u0131z yapsan\u0131z, \u00f6yle bir\u015feyler olmuyor mu?\u201d cevab\u0131 ile kar\u015f\u0131la\u015f\u0131nca \u201cNeden olmas\u0131n\u201d diyerek konuyu derinlemesine incelemeye ba\u015fl\u0131yor.<\/p>\n<p style=\"text-align: justify;\">\u00d6zkan, o g\u00fcnleri \u015f\u00f6yle anlat\u0131yor:<\/p>\n<p style=\"text-align: justify;\">\u201cO hastaya kol nakli yapabilece\u011fimizi d\u00fc\u015f\u00fcnd\u00fcm. Bunu d\u00fc\u015f\u00fcn\u00fcrken kanuni bir gereklilik oldu\u011fu akl\u0131ma gelmedi. Birileri, &#8216;Kopan bir kol par\u00e7as\u0131n\u0131 kullanabilir miyiz&#8217; derken kanuni gereklilik oldu\u011funu s\u00f6yledi. &#8216;O zaman kanun \u00e7\u0131kartt\u0131ral\u0131m&#8217; dediysem de olay\u0131n o kadar kolay olmad\u0131\u011f\u0131 g\u00f6r\u00fcld\u00fc. 3-4 y\u0131ll\u0131k s\u00fcre\u00e7te kanunu \u00e7\u0131kartmaya, insanlara bunun yap\u0131labilirli\u011fini g\u00f6stermeye \u00e7al\u0131\u015ft\u0131k. Ben o g\u00fcnden sonra kendime 3 hedef koymu\u015ftum: Kol, rahim ve y\u00fcz nakli. Ameliyat sonras\u0131 konu\u015fmak \u00e7ok g\u00fczel bir\u015fey. Yapt\u0131\u011f\u0131n\u0131z bir\u015feyden bahsediyorsunuz. Ameliyat \u00f6ncesi konu\u015fmak beni \u00e7ok rahats\u0131z ediyor. Y\u00fcz naklinde o kadar konu\u015ftuk, yapmasak art\u0131k rahats\u0131z hissederdim.\u201d<\/p>\n<p style=\"text-align: justify;\"><strong>G\u00dcVENDE H\u0130SSED\u0130YOR\u00a0<\/strong><\/p>\n<p style=\"text-align: justify;\">\u0130ki kol ve rahim naklinden sonra halk\u0131n g\u00fcvenini kazand\u0131klar\u0131n\u0131 belirten \u00d6zkan, \u201cBiz y\u00fcz naklinde doku tutmasa bile en az tepkiyi g\u00f6recek birimlerden biriyiz. Bu g\u00fcveni hissediyorum\u201d dedi.<\/p>\n<p style=\"text-align: justify;\">Cesaretli olmaya \u00e7al\u0131\u015ft\u0131\u011f\u0131n\u0131 vurgulayan \u00d6zkan, \u015f\u00f6yle devam etti:<\/p>\n<p style=\"text-align: justify;\">\u201cO g\u00fcveni kendimizde hissediyorum. T\u00fcrkiye&#8217;nin en iyi organ nakli yo\u011fun bak\u0131m takibi yapan ekibine sahibiz. Ben burada &#8216;\u015eu ilac\u0131 bulun&#8217; dedi\u011fim zaman en ge\u00e7 10 dakika sonra o ila\u00e7 geliyor. \u00c7ok gururla anlat\u0131yorum. Burada olmaktan ayr\u0131ca gurur duyuyorum. Zaten onun g\u00fcvenini ta\u015f\u0131yoruz biz. O neden bu kadar \u015f\u0131mar\u0131k\u00e7a nakiller yap\u0131yoruz, elimizden geldi\u011fince en iyisini yapmaya \u00e7al\u0131\u015f\u0131yoruz. Bunlar gelecekte \u00e7ok iyi anla\u015f\u0131lacak.\u201d<\/p>\n<p style=\"text-align: justify;\"><strong>Y\u00dcZ NAKL\u0130N\u0130N B\u00dcY\u00dcS\u00dc\u00a0<\/strong><\/p>\n<p style=\"text-align: justify;\">Y\u00fcz naklinden \u00e7ok etkilendi\u011fini belirten \u00d6zkan, \u201co\u201d an\u0131 ise \u015f\u00f6yle anlatt\u0131:<\/p>\n<p style=\"text-align: justify;\">\u201cMutlaka bir daha yapmak istiyorum. Kol naklini yapt\u0131m, ikincisini yapmak i\u00e7in can att\u0131m. Ama y\u00fcz nakli o kadar fantastik bir ameliyatm\u0131\u015f ki onu g\u00f6rd\u00fcm. Ka\u00e7 y\u0131ld\u0131r haz\u0131rlan\u0131yorum, okuyorum, yurt d\u0131\u015f\u0131na gittim, kadavras\u0131n\u0131 yap\u0131yorum&#8230; Bundan daha b\u00fcy\u00fck ameliyatlar yapm\u0131\u015f\u0131m ama y\u00fcz nakli etkileyici, keskin.<\/p>\n<p style=\"text-align: justify;\">Ameliyata bir ki\u015fiyle ba\u015fl\u0131yorsunuz, ba\u015fka biriyle devam ediyorsunuz. Film kopuyor bir anda. Bir bo\u015fluk var, o anda ba\u015fka bir yere ge\u00e7iyorsunuz. O \u00e7ok etkileyici. \u0130n\u015fallah sonucunu g\u00f6r\u00fcr\u00fcz de devam eder.\u201d<\/p>\n<p style=\"text-align: justify;\">\u00d6zkan, 1997 y\u0131l\u0131nda vizyona girdi\u011finde b\u00fcy\u00fck yank\u0131 uyand\u0131ran ve y\u00fcz naklini konu alan \u201cFace\/Off\u201d filmini k\u0131sa bir s\u00fcre \u00f6nce yeniden izledi\u011fini de s\u00f6yledi.<\/p>\n<p style=\"text-align: justify;\">U\u011fur Acar&#8217;\u0131n y\u00fcz profilinin don\u00f6r Ahmet Kaya&#8217;n\u0131n profiline \u00e7ok benzedi\u011fini, bunun da kendilerini \u00e7ok \u015fa\u015f\u0131rtt\u0131\u011f\u0131n\u0131 vurgulayan \u00d6zkan, s\u00f6zlerini \u015f\u00f6yle s\u00fcrd\u00fcrd\u00fc:<\/p>\n<p style=\"text-align: justify;\">\u201cAyn\u0131s\u0131 olmuyor ama inan\u0131n \u00e7ok da g\u00fczel oluyor, benzeri oluyor. Al\u0131c\u0131yla vericinin y\u00fcz profili ayn\u0131 olunca belki de daha fantastik oldu. O an de\u011fi\u015fimi hissettiniz. Bu ameliyatta al\u0131c\u0131yla verici aras\u0131nda en ufak bir oynama yapmad\u0131k. Oldu\u011fu gibi al\u0131p, ayn\u0131 o Face\/Off&#8217;taki gibi koyuyorsunuz oraya. Ne uzatt\u0131k, ne k\u0131saltt\u0131k, ne daraltt\u0131k&#8230; Ald\u0131\u011f\u0131m\u0131z par\u00e7an\u0131n tek gram\u0131n\u0131 atmadan orada kulland\u0131k. Sanki elimizle \u00e7izmi\u015f gibi&#8230; \u00c7ok \u015fa\u015f\u0131rd\u0131k, hatta ayn\u0131 anda kol naklinin oldu\u011fu ameliyata da giriyorduk. Y\u00fcz naklinden sonra oraya gittim, d\u00f6nd\u00fc\u011f\u00fcm de &#8216;Biz bu hastay\u0131 m\u0131 ameliyat ettik&#8217; dedik.\u201d<\/p>\n<p style=\"text-align: justify;\"><strong>YURT DI\u015eINDAN TEKL\u0130F VAR\u00a0<\/strong><\/p>\n<p style=\"text-align: justify;\">Cihan Topal&#8217;a yap\u0131lan \u00e7ift kol naklinden sonra \u00f6zel hastanelerden ve yurt d\u0131\u015f\u0131ndan teklifler ald\u0131\u011f\u0131n\u0131 dile getiren \u00d6zkan, bug\u00fcne kadar ciddi anlamda kimseyle g\u00f6r\u00fc\u015fmedi\u011fini s\u00f6yledi. Tekliflerin gurur verici oldu\u011funu dile getiren \u00d6zkan, \u201cBurada olmaktan mutluyuz. Gitti\u011fim yerde asker olmaktansa burada subay olmay\u0131 ye\u011flerim\u201d dedi.<\/p>\n<p style=\"text-align: justify;\">Yurtd\u0131\u015f\u0131nda mutlaka daha pop\u00fcler olaca\u011f\u0131na i\u015faret eden \u00d6zkan, buna kar\u015f\u0131n T\u00fcrkiye&#8217;de de \u00f6n\u00fcn\u00fcn a\u00e7\u0131k oldu\u011funu kaydetti. \u00d6zkan, \u201c1. s\u0131n\u0131f vatanda\u015f oldu\u011funuz bir yerdesiniz. Vatan\u0131n\u0131zdas\u0131n\u0131z\u201d diye konu\u015ftu.<\/p>\n\n\t\t\t\t\t\t\t<style type='text\/css'>\n\t\t\t\t\t\t\t\t#gallery-1 {\n\t\t\t\t\t\t\t\t\tmargin: auto;\n\t\t\t\t\t\t\t\t}\n\t\t\t\t\t\t\t\t#gallery-1 .gallery-item {\n\t\t\t\t\t\t\t\t\tfloat: left;\n\t\t\t\t\t\t\t\t\tmargin-top: 10px;\n\t\t\t\t\t\t\t\t\ttext-align: center;\n\t\t\t\t\t\t\t\t\twidth: 33%;\t\t\t}\n\t\t\t\t\t\t\t\t#gallery-1 img {\n\t\t\t\t\t\t\t\t\tborder: 2px solid #cfcfcf;\n\t\t\t\t\t\t\t\t}\n\t\t\t\t\t\t\t\t#gallery-1 .gallery-caption {\n\t\t\t\t\t\t\t\t\tmargin-left: 0;\n\t\t\t\t\t\t\t\t}\n\t\t\t\t\t\t\t<\/style>\n\t\t\t\t\t\t\t<!-- z-Lightview gallery shortcode, see http:\/\/www.zaikos.com\/wp-plugins\/z-lightview\/ -->\n\t\t\t\t\t\t\t<div id='gallery-1' class='gallery galleryid-47484'><dl class='gallery-item'>\n\t\t\t\t\t<dt class='gallery-icon'>\n\t\t\t\t\t\t<a href='http:\/\/www.korhanyilmaz.com\/wp-content\/uploads\/2012\/01\/9418.jpg'>9418<\/a>\n\t\t\t\t\t<\/dt><\/dl><dl class='gallery-item'>\n\t\t\t\t\t<dt class='gallery-icon'>\n\t\t\t\t\t\t<a href='http:\/\/www.korhanyilmaz.com\/wp-content\/uploads\/2012\/01\/9419.jpg'>9419<\/a>\n\t\t\t\t\t<\/dt><\/dl><dl class='gallery-item'>\n\t\t\t\t\t<dt class='gallery-icon'>\n\t\t\t\t\t\t<a href='http:\/\/www.korhanyilmaz.com\/wp-content\/uploads\/2012\/01\/9420.jpg'>9420<\/a>\n\t\t\t\t\t<\/dt><\/dl><br style=\"clear: both\" \/><dl class='gallery-item'>\n\t\t\t\t\t<dt class='gallery-icon'>\n\t\t\t\t\t\t<a href='http:\/\/www.korhanyilmaz.com\/wp-content\/uploads\/2012\/01\/9421.jpg'>9421<\/a>\n\t\t\t\t\t<\/dt><\/dl><dl class='gallery-item'>\n\t\t\t\t\t<dt class='gallery-icon'>\n\t\t\t\t\t\t<a href='http:\/\/www.korhanyilmaz.com\/wp-content\/uploads\/2012\/01\/9422.jpg'>9422<\/a>\n\t\t\t\t\t<\/dt><\/dl><dl class='gallery-item'>\n\t\t\t\t\t<dt class='gallery-icon'>\n\t\t\t\t\t\t<a href='http:\/\/www.korhanyilmaz.com\/wp-content\/uploads\/2012\/01\/9423.jpg'>9423<\/a>\n\t\t\t\t\t<\/dt><\/dl><br style=\"clear: both\" \/><dl class='gallery-item'>\n\t\t\t\t\t<dt class='gallery-icon'>\n\t\t\t\t\t\t<a href='http:\/\/www.korhanyilmaz.com\/wp-content\/uploads\/2012\/01\/9424.jpg'>9424<\/a>\n\t\t\t\t\t<\/dt><\/dl><dl class='gallery-item'>\n\t\t\t\t\t<dt class='gallery-icon'>\n\t\t\t\t\t\t<a href='http:\/\/www.korhanyilmaz.com\/wp-content\/uploads\/2012\/01\/9425.jpg'>9425<\/a>\n\t\t\t\t\t<\/dt><\/dl>\n\t\t\t\t\t<br style='clear: both;' \/>\n\t\t\t\t<\/div>\n\n<p style=\"text-align: justify;\"><a href=\"http:\/\/www.hurriyet.com.tr\/saglik\/19758264.asp\" target=\"_blank\">Kaynak : H\u00fcrriyet.com.tr<\/a><\/p>\n","protected":false},"excerpt":{"rendered":"<p style=\"text-align: center;\">\n<p style=\"text-align: justify;\">D\u00fcnyan\u0131n ilk rahim naklinden sonra T\u00fcrkiye&#8217;nin ilk tam y\u00fcz naklini de ger\u00e7ekle\u015ftiren Akdeniz \u00dcniversitesi Plastik ve Rekonstr\u00fcktif Cerrahi Anabilim Dal\u0131 \u00d6\u011fretim \u00dcyesi Prof. Dr. \u00d6mer \u00d6zkan, evinin kap\u0131lar\u0131n\u0131 a\u00e7t\u0131.<\/p>\n<p style=\"text-align: justify;\">Evde ve i\u015f yerinde \u201cpatron\u201d olan e\u015fi Yrd. Do\u00e7. Dr. \u00d6zlenen \u00d6zkan ve k\u00fc\u00e7\u00fck k\u0131zlar\u0131 \u201cZeyno\u015f\u201d ile mutlu bir <\/p>\n","protected":false},"author":1,"featured_media":0,"comment_status":"open","ping_status":"open","sticky":false,"template":"","format":"standard","meta":{"footnotes":""},"categories":[105],"tags":[739,737,738],"class_list":["post-47484","post","type-post","status-publish","format-standard","hentry","category-gundem","tag-akdeniz-universitesi","tag-omer-ozkan","tag-ozlenen-ozkan","odd"],"_links":{"self":[{"href":"http:\/\/www.korhanyilmaz.com\/index.php?rest_route=\/wp\/v2\/posts\/47484","targetHints":{"allow":["GET"]}}],"collection":[{"href":"http:\/\/www.korhanyilmaz.com\/index.php?rest_route=\/wp\/v2\/posts"}],"about":[{"href":"http:\/\/www.korhanyilmaz.com\/index.php?rest_route=\/wp\/v2\/types\/post"}],"author":[{"embeddable":true,"href":"http:\/\/www.korhanyilmaz.com\/index.php?rest_route=\/wp\/v2\/users\/1"}],"replies":[{"embeddable":true,"href":"http:\/\/www.korhanyilmaz.com\/index.php?rest_route=%2Fwp%2Fv2%2Fcomments&post=47484"}],"version-history":[{"count":0,"href":"http:\/\/www.korhanyilmaz.com\/index.php?rest_route=\/wp\/v2\/posts\/47484\/revisions"}],"wp:attachment":[{"href":"http:\/\/www.korhanyilmaz.com\/index.php?rest_route=%2Fwp%2Fv2%2Fmedia&parent=47484"}],"wp:term":[{"taxonomy":"category","embeddable":true,"href":"http:\/\/www.korhanyilmaz.com\/index.php?rest_route=%2Fwp%2Fv2%2Fcategories&post=47484"},{"taxonomy":"post_tag","embeddable":true,"href":"http:\/\/www.korhanyilmaz.com\/index.php?rest_route=%2Fwp%2Fv2%2Ftags&post=47484"}],"curies":[{"name":"wp","href":"https:\/\/api.w.org\/{rel}","templated":true}]}}