{"id":47479,"date":"2012-01-24T10:59:34","date_gmt":"2012-01-24T08:59:34","guid":{"rendered":"http:\/\/www.korhanyilmaz.com\/?p=47479"},"modified":"2012-01-24T12:47:39","modified_gmt":"2012-01-24T10:47:39","slug":"408-tutuklu-agzini-dikti","status":"publish","type":"post","link":"http:\/\/www.korhanyilmaz.com\/?p=47479","title":{"rendered":"408 tutuklu a\u011fz\u0131n\u0131 dikti"},"content":{"rendered":"<p style=\"text-align: center;\"><a href=\"http:\/\/www.korhanyilmaz.com\/wp-content\/uploads\/2012\/01\/9417.jpg\"  class=\"lightview\"><img loading=\"lazy\" decoding=\"async\" class=\"aligncenter  wp-image-47480\" src=\"http:\/\/www.korhanyilmaz.com\/wp-content\/uploads\/2012\/01\/9417.jpg\" alt=\"\" width=\"396\" height=\"180\" \/><\/a><\/p>\n<p style=\"text-align: justify;\">K\u0131rg\u0131zistan&#8217;daki ceza ve tutukevlerinde bulunan h\u00fck\u00fcml\u00fc ve tutuklular\u0131n a\u00e7l\u0131k grevi 6&#8217;nc\u0131 g\u00fcn\u00fcne girerken, \u00fclkenin Ombudsman\u0131 Tursunbek Akun, 408 tutuklunun i\u011fne ve iplikle a\u011fz\u0131n\u0131 dikti\u011fini belirtti.<\/p>\n<p style=\"text-align: justify;\">B\u0130\u015eKEK- Ombudsman Tursunbek Akun, Akipress Haber Ajans\u0131&#8217;na yapt\u0131\u011f\u0131 a\u00e7\u0131klamada, 16 Ocak tarihinde Bi\u015fkek;teki 1 numaral\u0131 cezaevinde g\u00fcvenlik birimlerinin isyan giri\u015fimini bast\u0131rmas\u0131n\u0131 protesto etmek amac\u0131yla 1 no;lu cezaevinde 385, 3 no;lu cezaevinde 5 ve 8 no;lu cezaevinde ise 10 tutuklu ve h\u00fck\u00fcml\u00fcn\u00fcn a\u011fz\u0131n\u0131 dikti\u011fini s\u00f6yledi.\u00a0<!--more--><\/p>\n<p style=\"text-align: justify;\">Akun, Bi\u015fkek;teki 1 no&#8217;lu cezaevinde bulunan bin 371 tutukludan sadece 259&#8217;unun yeme\u011fi reddetmedi\u011fini ifade etti.<\/p>\n<p style=\"text-align: justify;\">Bu arada, Ba\u015fbakanl\u0131k Cezaevleri M\u00fcd\u00fcrl\u00fc\u011f\u00fc Bas\u0131n Merkezi&#8217;nden yap\u0131lan a\u00e7\u0131klamada, Ombudsman Akun&#8217;un a\u00e7\u0131klamalar\u0131 do\u011fruland\u0131.<\/p>\n<p style=\"text-align: justify;\">A\u00e7\u0131klamaya g\u00f6re, Bi\u015fkek&#8217;teki 1 no&#8217;lu cezaevinde d\u00fczenin sa\u011flanmas\u0131na y\u00f6nelik g\u00fcvenlik birimlerin y\u00fcr\u00fctt\u00fc\u011f\u00fc \u00e7al\u0131\u015fmalar\u0131 protesto etmek amac\u0131yla tutuklu ve h\u00fck\u00fcml\u00fcler taraf\u0131ndan a\u00e7l\u0131k grevi ba\u015flat\u0131ld\u0131\u011f\u0131n\u0131 ve bug\u00fcn de bir k\u0131sm\u0131n\u0131n a\u011fz\u0131n\u0131 dikti\u011fi hat\u0131rlat\u0131l\u0131rken, tutuklular\u0131n cezaevinde en az\u0131ndan bir ko\u011fu\u015f kap\u0131s\u0131n\u0131n a\u00e7\u0131k olmas\u0131n\u0131 ve bu ko\u011fu\u015fta kalanlar\u0131n cezaevi i\u00e7inde serbest\u00e7e hareket etmesinin sa\u011flanmas\u0131n\u0131 talep etti\u011fi belirtildi.<\/p>\n<p style=\"text-align: justify;\">Ayr\u0131ca, a\u00e7l\u0131k grevinde bulunanlar\u0131n t\u00fcm\u00fcn\u00fcn sa\u011fl\u0131k ekipleri taraf\u0131ndan kontrol alt\u0131nda tutuldu\u011fu, bug\u00fcne kadar durumu k\u00f6t\u00fcle\u015fen 115 ki\u015finin sa\u011fl\u0131k g\u00f6revlilerine ba\u015fvurdu\u011fu an\u0131msat\u0131ld\u0131.<\/p>\n<p style=\"text-align: justify;\">\u00d6te yandan, bug\u00fcnk\u00fc bakanlar kurulu toplant\u0131s\u0131 \u00f6ncesinde Ba\u015fbakanl\u0131k binas\u0131 \u00f6n\u00fcnde toplanan tutuklu ve h\u00fck\u00fcml\u00fclerin yak\u0131nlar\u0131 kendileriyle g\u00f6r\u00fc\u015f\u00fclmemesi \u00fczerine Meclis Ba\u015fkanl\u0131\u011f\u0131 binas\u0131 \u00f6n\u00fcne ge\u00e7erek eylemini s\u00fcrd\u00fcrd\u00fc. G\u00f6stericiler, cezaevi y\u00f6neticilerinin istifa etmesini talep etti.<\/p>\n<p style=\"text-align: justify;\">Ba\u015fbakan \u00d6m\u00fcrbek Babanov&#8217;un ba\u015fkanl\u0131\u011f\u0131nda iki saat s\u00fcren kabine toplant\u0131s\u0131nda, cezaevindeki durum ele al\u0131nmad\u0131.<\/p>\n<p style=\"text-align: justify;\"><a href=\"http:\/\/www.gazeteport.com.tr\/haber\/75255\/408_tutuklu_agzini_dikti\" target=\"_blank\">Kaynak : GAZETEPORT<\/a><\/p>\n","protected":false},"excerpt":{"rendered":"<p style=\"text-align: center;\">\n<p style=\"text-align: justify;\">K\u0131rg\u0131zistan&#8217;daki ceza ve tutukevlerinde bulunan h\u00fck\u00fcml\u00fc ve tutuklular\u0131n a\u00e7l\u0131k grevi 6&#8217;nc\u0131 g\u00fcn\u00fcne girerken, \u00fclkenin Ombudsman\u0131 Tursunbek Akun, 408 tutuklunun i\u011fne ve iplikle a\u011fz\u0131n\u0131 dikti\u011fini belirtti.<\/p>\n<p style=\"text-align: justify;\">B\u0130\u015eKEK- Ombudsman Tursunbek Akun, Akipress Haber Ajans\u0131&#8217;na yapt\u0131\u011f\u0131 a\u00e7\u0131klamada, 16 Ocak tarihinde Bi\u015fkek;teki 1 numaral\u0131 cezaevinde g\u00fcvenlik birimlerinin isyan giri\u015fimini bast\u0131rmas\u0131n\u0131 protesto etmek <\/p>\n","protected":false},"author":1,"featured_media":0,"comment_status":"open","ping_status":"open","sticky":false,"template":"","format":"standard","meta":{"footnotes":""},"categories":[3],"tags":[],"class_list":["post-47479","post","type-post","status-publish","format-standard","hentry","category-dunya","odd"],"_links":{"self":[{"href":"http:\/\/www.korhanyilmaz.com\/index.php?rest_route=\/wp\/v2\/posts\/47479","targetHints":{"allow":["GET"]}}],"collection":[{"href":"http:\/\/www.korhanyilmaz.com\/index.php?rest_route=\/wp\/v2\/posts"}],"about":[{"href":"http:\/\/www.korhanyilmaz.com\/index.php?rest_route=\/wp\/v2\/types\/post"}],"author":[{"embeddable":true,"href":"http:\/\/www.korhanyilmaz.com\/index.php?rest_route=\/wp\/v2\/users\/1"}],"replies":[{"embeddable":true,"href":"http:\/\/www.korhanyilmaz.com\/index.php?rest_route=%2Fwp%2Fv2%2Fcomments&post=47479"}],"version-history":[{"count":0,"href":"http:\/\/www.korhanyilmaz.com\/index.php?rest_route=\/wp\/v2\/posts\/47479\/revisions"}],"wp:attachment":[{"href":"http:\/\/www.korhanyilmaz.com\/index.php?rest_route=%2Fwp%2Fv2%2Fmedia&parent=47479"}],"wp:term":[{"taxonomy":"category","embeddable":true,"href":"http:\/\/www.korhanyilmaz.com\/index.php?rest_route=%2Fwp%2Fv2%2Fcategories&post=47479"},{"taxonomy":"post_tag","embeddable":true,"href":"http:\/\/www.korhanyilmaz.com\/index.php?rest_route=%2Fwp%2Fv2%2Ftags&post=47479"}],"curies":[{"name":"wp","href":"https:\/\/api.w.org\/{rel}","templated":true}]}}