{"id":47472,"date":"2012-01-24T08:02:06","date_gmt":"2012-01-24T06:02:06","guid":{"rendered":"http:\/\/www.korhanyilmaz.com\/?p=47472"},"modified":"2012-01-24T11:38:26","modified_gmt":"2012-01-24T09:38:26","slug":"hayirli-sabahlar","status":"publish","type":"post","link":"http:\/\/www.korhanyilmaz.com\/?p=47472","title":{"rendered":"Hay\u0131rl\u0131 sabah\u2019lar"},"content":{"rendered":"<div id=\"attachment_37365\" style=\"width: 115px\" class=\"wp-caption alignright\"><img loading=\"lazy\" decoding=\"async\" aria-describedby=\"caption-attachment-37365\" class=\" wp-image-37365 \" title=\"Y\u0131lmaz \u00d6zdil - H\u00fcrriyet Gazetesi\" src=\"http:\/\/www.korhanyilmaz.com\/wp-content\/uploads\/2011\/07\/257.jpg\" alt=\"\" width=\"105\" height=\"112\" \/><p id=\"caption-attachment-37365\" class=\"wp-caption-text\">Y\u0131lmaz \u00d6zdil<\/p><\/div>\n<p style=\"text-align: justify;\">Sene 1915. \u00c7anakkale.<\/p>\n<p style=\"text-align: justify;\">Tarih b\u00f6yle kap\u0131\u015fma g\u00f6rmemi\u015f, kan g\u00f6vdeyi g\u00f6t\u00fcr\u00fcyor, bo\u011faz\u2019\u0131n sular\u0131 k\u0131rm\u0131z\u0131, sa\u011fanak \u00e7elik ya\u011f\u0131yor, mermiler havada \u00e7arp\u0131\u015f\u0131yor, birbirine kayn\u0131yor. \u201cGe\u00e7erim\u201d diyen arkada\u015flar\u0131n kayb\u0131, 200 bini a\u015fm\u0131\u015f&#8230; \u201cGe\u00e7 de g\u00f6relim\u201d diyen dedelerimizin kayb\u0131, 250 binin \u00fcst\u00fcnde.<\/p>\n<p style=\"text-align: justify;\">*<\/p>\n<p style=\"text-align: justify;\">Bu tarifi imk\u00e2ns\u0131z k\u0131y\u0131ma ra\u011fmen, majestelerinin h\u00fck\u00fcmeti gidi\u015fattan memnun. \u00c7\u00fcnk\u00fc ger\u00e7e\u011fi bilmiyor. \u0130ngiliz cephe komutan\u0131, ha bire \u201cvaziyet gayet iyi, bug\u00fcn yar\u0131n ge\u00e7eriz\u201d raporlar\u0131 g\u00f6nderiyor. Londra da keyifle viski yudumluyor, ha bug\u00fcn ge\u00e7ilecek, ha yar\u0131n.\u00a0<!--more--><\/p>\n<p style=\"text-align: justify;\">*<\/p>\n<p style=\"text-align: justify;\">O s\u0131rada gen\u00e7 bi gazeteci var orada. Avustralyal\u0131. Melbourne Age\u2019in muhabiri. G\u00f6r\u00fcyor ki, durum kel&#8230; Hadise, hi\u00e7 de \u0130ngiliz komutan\u0131n m\u00fcjdeledi\u011fi gibi de\u011fil. T\u00fcrkler kafaya koymu\u015f, kuru ekmek yiyor, bulursa \u00fcz\u00fcm ho\u015faf\u0131 i\u00e7iyor, \u015fak\u0131r \u015fak\u0131r d\u00fc\u015f\u00fcyor ama, bana m\u0131s\u0131n demiyor, ge\u00e7irmiyor. Avustralyal\u0131 oldu\u011fu i\u00e7in \u00f6zellikle dikkatini \u00e7eken bi konu daha var&#8230; \u0130ngiliz subaylar klasik m\u00fczik e\u015fli\u011finde \u015fampanya patlat\u0131rken, Anzaklar bozuk para gibi harcan\u0131yor. En son iki tabur Anzak s\u00fcr\u00fcyorlar, T\u00fcrklerin bu iki taburu yok etmesi iki saat bile s\u00fcrm\u00fcyor.<\/p>\n<p style=\"text-align: justify;\">*<\/p>\n<p style=\"text-align: justify;\">\u00dcstelik, m\u00fcthi\u015f sans\u00fcr<\/p>\n<p style=\"text-align: justify;\">var. Yazd\u0131\u011f\u0131 haberler, asker mektubu misali, \u0130ngilizler taraf\u0131ndan ya makaslan\u0131yor ya da komple has\u0131r alt\u0131 ediliyor. Bak\u0131yor, olacak gibi de\u011fil, sar\u0131l\u0131yor kaleme, ger\u00e7ekleri<\/p>\n<p style=\"text-align: justify;\">t\u00fcm \u00e7\u0131plakl\u0131\u011f\u0131yla anlatt\u0131\u011f\u0131,<\/p>\n<p style=\"text-align: justify;\">sekiz bin kelimeden olu\u015fan, Gelibolu Mektubu\u2019nu yaz\u0131yor. Bask\u0131dan s\u0131yr\u0131lmak i\u00e7in, Avustralya Ba\u015fbakan\u0131\u2019na<\/p>\n<p style=\"text-align: justify;\">gizlice, elden ula\u015ft\u0131r\u0131yor.<\/p>\n<p style=\"text-align: justify;\">*<\/p>\n<p style=\"text-align: justify;\">\u00d6zeti \u015fu:<\/p>\n<p style=\"text-align: justify;\">\u201c\u00c7anakkale ge\u00e7ilemez.<\/p>\n<p style=\"text-align: justify;\">Hemen \u00e7ekilin.\u201d<\/p>\n<p style=\"text-align: justify;\">*<\/p>\n<p style=\"text-align: justify;\">Avustralya Ba\u015fbakan\u0131 mektubu okuyor, g\u00f6zlerine inanam\u0131yor, bi daha okuyor, acilen ve yine elden, \u0130ngiltere Ba\u015fbakan\u0131\u2019na ula\u015ft\u0131r\u0131yor. \u0130ngiltere Ba\u015fbakan\u0131, mektubu okuyor, acilen Sava\u015f Kabinesi\u2019ni topluyor, orada, hepsinin y\u00fcz\u00fcne kar\u015f\u0131, y\u00fcksek sesle bir daha okuyor. Derin sessizli\u011fin ard\u0131ndan, derhal ve gizlice ara\u015ft\u0131rma karar\u0131 \u00e7\u0131k\u0131yor. Ara\u015ft\u0131r\u0131l\u0131yor. Yaz\u0131lanlar do\u011fru. Hatta az bile yaz\u0131lm\u0131\u015f&#8230; \u201c\u0130\u015fler ayna\u201d denirken, \u201caynal\u0131 \u00e7ar\u015f\u0131\u201d olmu\u015flar, haberleri yok. Cephedeki komutan\u0131n, poposunu kurtarmak i\u00e7in palavra att\u0131\u011f\u0131 anla\u015f\u0131l\u0131yor. G\u00f6revden al\u0131n\u0131yor.<\/p>\n<p style=\"text-align: justify;\">*<\/p>\n<p style=\"text-align: justify;\">Ve, \u00c7anakkale\u2019den<\/p>\n<p style=\"text-align: justify;\">apar topar \u00e7ekiliyorlar!<\/p>\n<p style=\"text-align: justify;\">*<\/p>\n<p style=\"text-align: justify;\">Yazd\u0131\u011f\u0131 mektupla, imk\u00e2ns\u0131z zaferi bo\u015fu bo\u015funa bekleyenleri uyand\u0131ran, sava\u015f\u0131n sona ermesini sa\u011flayan, on binlerce ekstra can\u2019\u0131 pisi pisine \u00f6l\u00fcmden kurtaran gen\u00e7 gazeteci, Avustralya\u2019da kahraman gibi kar\u015f\u0131lan\u0131yor. \u201cSir\u201d unvan\u0131 veriliyor. E tabii kap\u0131lar ard\u0131na kadar a\u00e7\u0131l\u0131yor&#8230; Sava\u015fa \u201cmuhabir\u201d olarak giden gazeteci, sava\u015ftan sonra \u201cgazete patronu\u201d oluyor.<\/p>\n<p style=\"text-align: justify;\">*<\/p>\n<p style=\"text-align: justify;\">Sene 1952.<\/p>\n<p style=\"text-align: justify;\">\u00c7anakkale\u2019de sava\u015f\u0131n<\/p>\n<p style=\"text-align: justify;\">kaderini de\u011fi\u015ftiren \u201csir\u201d vefat ediyor. Bi o\u011flu var&#8230; Hen\u00fcz<\/p>\n<p style=\"text-align: justify;\">21 ya\u015f\u0131nda. \u0130\u015f ba\u015fa d\u00fc\u015f\u00fcyor, kollar\u0131 s\u0131v\u0131yor, babas\u0131n\u0131n gazetesinin direksiyonuna ge\u00e7iyor. \u00c7al\u0131\u015f\u0131yor, didiniyor, b\u00fcy\u00fct\u00fcyor, Avustralya\u2019ya s\u0131\u011famaz oluyor. ABD\u2019ye s\u0131\u00e7r\u0131yor, Avrupa\u2019ya el at\u0131yor.<\/p>\n<p style=\"text-align: justify;\">*<\/p>\n<p style=\"text-align: justify;\">Bug\u00fcn, 81 ya\u015f\u0131nda.<\/p>\n<p style=\"text-align: justify;\">D\u00fcnya medya imparatoru.<\/p>\n<p style=\"text-align: justify;\">75 televizyon kanal\u0131,<\/p>\n<p style=\"text-align: justify;\">175 gazetesi var. 600<\/p>\n<p style=\"text-align: justify;\">milyon izleyiciye, 12 milyon okura hitap ediyor.<\/p>\n<p style=\"text-align: justify;\">*<\/p>\n<p style=\"text-align: justify;\">2006.<\/p>\n<p style=\"text-align: justify;\">Taaa 91 sene sonra, her \u015feyin ba\u015flad\u0131\u011f\u0131 yere&#8230; Aile servetinin k\u00f6keni olan m\u00fcbarek topraklara geldi, bast\u0131 paray\u0131, ad\u0131nda \u201cT\u00fcrkiye\u201d bulunan televizyonu \u00e7at\u0131r \u00e7at\u0131r sat\u0131n ald\u0131.<\/p>\n<p style=\"text-align: justify;\">*<\/p>\n<p style=\"text-align: justify;\">Sene 2012.<\/p>\n<p style=\"text-align: justify;\">D\u00fcn \u00f6\u011frendik ki, h\u00fck\u00fcmetimiz taraf\u0131ndan el konulan, bilahare, Ba\u015fbakan\u0131m\u0131z\u0131n damad\u0131n\u0131n<\/p>\n<p style=\"text-align: justify;\">siyo oldu\u011fu \u015firkete verilen, Sabah-atv\u2019ye talip olmu\u015f, 1 milyar dolar filan veririm demi\u015f.<\/p>\n<p style=\"text-align: justify;\">*<\/p>\n<p style=\"text-align: justify;\">Al\u0131r, almaz&#8230;<\/p>\n<p style=\"text-align: justify;\">Oras\u0131n\u0131 bilemem.<\/p>\n<p style=\"text-align: justify;\">Ama en az\u0131ndan, \u00c7anakkale\u2019nin \u201c\u015farapnelle\u201d ge\u00e7ilemeyece\u011fini d\u00fcnyada ilk anlayan baban\u0131n o\u011flu&#8230; \u00c7anakkale\u2019nin nas\u0131l ge\u00e7ilece\u011fini d\u00fcnyaya bir kez daha g\u00f6stermi\u015f oldu: \u201cPapelle!\u201d<\/p>\n<p style=\"text-align: justify;\"><a href=\"http:\/\/www.hurriyet.com.tr\/yazarlar\/19756098.asp\" target=\"_blank\">Kaynak : H\u00fcrriyet.com.tr<\/a><\/p>\n","protected":false},"excerpt":{"rendered":"<p id=\"caption-attachment-37365\" class=\"wp-caption-text\">Y\u0131lmaz \u00d6zdil<\/p>\n<p style=\"text-align: justify;\">Sene 1915. \u00c7anakkale.<\/p>\n<p style=\"text-align: justify;\">Tarih b\u00f6yle kap\u0131\u015fma g\u00f6rmemi\u015f, kan g\u00f6vdeyi g\u00f6t\u00fcr\u00fcyor, bo\u011faz\u2019\u0131n sular\u0131 k\u0131rm\u0131z\u0131, sa\u011fanak \u00e7elik ya\u011f\u0131yor, mermiler havada \u00e7arp\u0131\u015f\u0131yor, birbirine kayn\u0131yor. \u201cGe\u00e7erim\u201d diyen arkada\u015flar\u0131n kayb\u0131, 200 bini a\u015fm\u0131\u015f&#8230; \u201cGe\u00e7 de g\u00f6relim\u201d diyen dedelerimizin kayb\u0131, 250 binin \u00fcst\u00fcnde.<\/p>\n<p style=\"text-align: justify;\">*<\/p>\n<p style=\"text-align: justify;\">Bu tarifi imk\u00e2ns\u0131z k\u0131y\u0131ma ra\u011fmen, <\/p>\n","protected":false},"author":1,"featured_media":0,"comment_status":"open","ping_status":"open","sticky":false,"template":"","format":"standard","meta":{"footnotes":""},"categories":[16],"tags":[30],"class_list":["post-47472","post","type-post","status-publish","format-standard","hentry","category-kose-yazilari","tag-yilmaz-ozdil","odd"],"_links":{"self":[{"href":"http:\/\/www.korhanyilmaz.com\/index.php?rest_route=\/wp\/v2\/posts\/47472","targetHints":{"allow":["GET"]}}],"collection":[{"href":"http:\/\/www.korhanyilmaz.com\/index.php?rest_route=\/wp\/v2\/posts"}],"about":[{"href":"http:\/\/www.korhanyilmaz.com\/index.php?rest_route=\/wp\/v2\/types\/post"}],"author":[{"embeddable":true,"href":"http:\/\/www.korhanyilmaz.com\/index.php?rest_route=\/wp\/v2\/users\/1"}],"replies":[{"embeddable":true,"href":"http:\/\/www.korhanyilmaz.com\/index.php?rest_route=%2Fwp%2Fv2%2Fcomments&post=47472"}],"version-history":[{"count":0,"href":"http:\/\/www.korhanyilmaz.com\/index.php?rest_route=\/wp\/v2\/posts\/47472\/revisions"}],"wp:attachment":[{"href":"http:\/\/www.korhanyilmaz.com\/index.php?rest_route=%2Fwp%2Fv2%2Fmedia&parent=47472"}],"wp:term":[{"taxonomy":"category","embeddable":true,"href":"http:\/\/www.korhanyilmaz.com\/index.php?rest_route=%2Fwp%2Fv2%2Fcategories&post=47472"},{"taxonomy":"post_tag","embeddable":true,"href":"http:\/\/www.korhanyilmaz.com\/index.php?rest_route=%2Fwp%2Fv2%2Ftags&post=47472"}],"curies":[{"name":"wp","href":"https:\/\/api.w.org\/{rel}","templated":true}]}}