{"id":47466,"date":"2012-01-24T10:03:24","date_gmt":"2012-01-24T08:03:24","guid":{"rendered":"http:\/\/www.korhanyilmaz.com\/?p=47466"},"modified":"2012-01-24T11:16:08","modified_gmt":"2012-01-24T09:16:08","slug":"kendimle-gurur-duyuyorum","status":"publish","type":"post","link":"http:\/\/www.korhanyilmaz.com\/?p=47466","title":{"rendered":"&#8220;Kendimle gurur duyuyorum&#8221;"},"content":{"rendered":"<p style=\"text-align: center;\"><a href=\"http:\/\/www.korhanyilmaz.com\/wp-content\/uploads\/2012\/01\/9415.jpg\"  class=\"lightview\"><img loading=\"lazy\" decoding=\"async\" class=\"aligncenter  wp-image-47467\" src=\"http:\/\/www.korhanyilmaz.com\/wp-content\/uploads\/2012\/01\/9415.jpg\" alt=\"\" width=\"305\" height=\"227\" \/><\/a><\/p>\n<p style=\"text-align: justify;\">Fransa Senatosu&#8217;nun, Ermeni yasa teklifini haz\u0131rlayan iktidardaki Halk Hareketi i\u00e7in Birlik (UMP) partisinin milletvekili Valerie Boyer, &#8220;Kendimle gurur duyuyorum&#8221; dedi.<\/p>\n<p style=\"text-align: justify;\">Valerie Boyer, teklifin Senatoda kabul\u00fcnden sonra g\u00f6z ya\u015flar\u0131na hakim olamad\u0131.<\/p>\n<p style=\"text-align: justify;\">Boyer, Senatodaki oylamadan sonra bas\u0131na yapt\u0131\u011f\u0131 a\u00e7\u0131klamada, b\u00f6yle bir yasa teklifinin mimar\u0131 oldu\u011fu i\u00e7in kendisiyle gurur duydu\u011funu s\u00f6yledi.<!--more--><\/p>\n<p style=\"text-align: justify;\">Valerie Boyer, kendisi i\u00e7in \u00e7ok duygusal ve anlaml\u0131 bir g\u00fcn oldu\u011funu ve yasa teklifinin kabul edilmesinden b\u00fcy\u00fck memnuniyet duydu\u011funu ifade etti.<\/p>\n<p style=\"text-align: justify;\">T\u00fcrkiye&#8217;nin Paris B\u00fcy\u00fckel\u00e7isi Tahsin Burcuo\u011flu da, &#8220;Bu \u00e7ok yanl\u0131\u015f bir karar. Bunun sorumlusu biz de\u011filiz. Biz elimizden geleni yapt\u0131k&#8221; dedi.<\/p>\n<p style=\"text-align: justify;\">Burcuo\u011flu, &#8220;T\u00fcrkiye&#8217;ye isti\u015fareler i\u00e7in \u00e7a\u011fr\u0131lacak m\u0131s\u0131n\u0131z&#8221; sorusuna da &#8220;Bu da se\u00e7eneklerden biri&#8221; yan\u0131t\u0131n\u0131 verdi.<\/p>\n<p style=\"text-align: justify;\"><a href=\"http:\/\/www.cnnturk.com\/2012\/dunya\/01\/24\/kendimle.gurur.duyuyorum\/646111.0\/index.html\" target=\"_blank\">Kaynak: CNN T\u00dcRK<\/a><\/p>\n","protected":false},"excerpt":{"rendered":"<p style=\"text-align: center;\">\n<p style=\"text-align: justify;\">Fransa Senatosu&#8217;nun, Ermeni yasa teklifini haz\u0131rlayan iktidardaki Halk Hareketi i\u00e7in Birlik (UMP) partisinin milletvekili Valerie Boyer, &#8220;Kendimle gurur duyuyorum&#8221; dedi.<\/p>\n<p style=\"text-align: justify;\">Valerie Boyer, teklifin Senatoda kabul\u00fcnden sonra g\u00f6z ya\u015flar\u0131na hakim olamad\u0131.<\/p>\n<p style=\"text-align: justify;\">Boyer, Senatodaki oylamadan sonra bas\u0131na yapt\u0131\u011f\u0131 a\u00e7\u0131klamada, b\u00f6yle bir yasa teklifinin mimar\u0131 oldu\u011fu i\u00e7in kendisiyle gurur <\/p>\n","protected":false},"author":1,"featured_media":0,"comment_status":"open","ping_status":"open","sticky":false,"template":"","format":"standard","meta":{"footnotes":""},"categories":[3],"tags":[],"class_list":["post-47466","post","type-post","status-publish","format-standard","hentry","category-dunya","odd"],"_links":{"self":[{"href":"http:\/\/www.korhanyilmaz.com\/index.php?rest_route=\/wp\/v2\/posts\/47466","targetHints":{"allow":["GET"]}}],"collection":[{"href":"http:\/\/www.korhanyilmaz.com\/index.php?rest_route=\/wp\/v2\/posts"}],"about":[{"href":"http:\/\/www.korhanyilmaz.com\/index.php?rest_route=\/wp\/v2\/types\/post"}],"author":[{"embeddable":true,"href":"http:\/\/www.korhanyilmaz.com\/index.php?rest_route=\/wp\/v2\/users\/1"}],"replies":[{"embeddable":true,"href":"http:\/\/www.korhanyilmaz.com\/index.php?rest_route=%2Fwp%2Fv2%2Fcomments&post=47466"}],"version-history":[{"count":0,"href":"http:\/\/www.korhanyilmaz.com\/index.php?rest_route=\/wp\/v2\/posts\/47466\/revisions"}],"wp:attachment":[{"href":"http:\/\/www.korhanyilmaz.com\/index.php?rest_route=%2Fwp%2Fv2%2Fmedia&parent=47466"}],"wp:term":[{"taxonomy":"category","embeddable":true,"href":"http:\/\/www.korhanyilmaz.com\/index.php?rest_route=%2Fwp%2Fv2%2Fcategories&post=47466"},{"taxonomy":"post_tag","embeddable":true,"href":"http:\/\/www.korhanyilmaz.com\/index.php?rest_route=%2Fwp%2Fv2%2Ftags&post=47466"}],"curies":[{"name":"wp","href":"https:\/\/api.w.org\/{rel}","templated":true}]}}