{"id":47446,"date":"2012-01-23T23:36:19","date_gmt":"2012-01-23T21:36:19","guid":{"rendered":"http:\/\/www.korhanyilmaz.com\/?p=47446"},"modified":"2012-01-24T01:21:19","modified_gmt":"2012-01-23T23:21:19","slug":"soykirimi-inkar-yasa-tasarisi-fransa-senatosundan-gecti","status":"publish","type":"post","link":"http:\/\/www.korhanyilmaz.com\/?p=47446","title":{"rendered":"&#8216;Soyk\u0131r\u0131m\u0131 \u0130nkar&#8217; yasa tasar\u0131s\u0131 Fransa Senatosu&#8217;ndan ge\u00e7ti"},"content":{"rendered":"<p style=\"text-align: center;\"><a href=\"http:\/\/www.korhanyilmaz.com\/wp-content\/uploads\/2012\/01\/9409.jpg\"  class=\"lightview\"><img loading=\"lazy\" decoding=\"async\" class=\"aligncenter  wp-image-47447\" src=\"http:\/\/www.korhanyilmaz.com\/wp-content\/uploads\/2012\/01\/9409.jpg\" alt=\"\" width=\"384\" height=\"254\" \/><\/a><\/p>\n<p style=\"text-align: justify;\">Fransa Senatosu, &#8216;Ermeni iddialar\u0131n\u0131 inkar\u0131 su\u00e7 sayan&#8217; yasa tasar\u0131s\u0131n\u0131 \u00e7o\u011funlu\u011fun oyuyla kabul etti.<\/p>\n<p style=\"text-align: justify;\">PAR\u0130S &#8211; Fransa Senatosu genel kurulunda, 1915 olaylar\u0131yla ilgili Ermeni iddialar\u0131n\u0131n inkar\u0131n\u0131 su\u00e7 sayan yasa teklifinin g\u00f6r\u00fc\u015f\u00fclmesine TS\u0130 16:00&#8217;da ba\u015fland\u0131. Yakla\u015f\u0131k 7 saatlik tart\u0131\u015fma ve oylama maratonunun ard\u0131ndan senato 127 oya kar\u015f\u0131l\u0131k 86 oyla \u2018Ermeni soyk\u0131r\u0131m\u0131 iddialar\u0131n\u0131 reddedenlere hapis ve para cezas\u0131 verilmesini\u2019 \u00f6ng\u00f6ren yasa tasar\u0131s\u0131n\u0131 kabul etti.<!--more--><\/p>\n<p style=\"text-align: justify;\"><a href=\"http:\/\/www.korhanyilmaz.com\/wp-content\/uploads\/2012\/01\/9408.jpg\"  class=\"lightview\"><img loading=\"lazy\" decoding=\"async\" class=\"alignleft  wp-image-47448\" style=\"margin-left: 10px; margin-right: 10px;\" src=\"http:\/\/www.korhanyilmaz.com\/wp-content\/uploads\/2012\/01\/9408.jpg\" alt=\"\" width=\"280\" height=\"186\" \/><\/a>Oylamaya 237 senat\u00f6r oylar\u0131yla kat\u0131ld\u0131. Bunlardan 213\u2019\u00fc ge\u00e7erli say\u0131ld\u0131. Senatoya yakla\u015f\u0131k 60 senat\u00f6r geldi. Di\u011fer oylar ise grup ba\u015fkanlar\u0131 taraf\u0131ndan vekaleten kullan\u0131ld\u0131.<\/p>\n<p style=\"text-align: justify;\">Genel kuruldaki oturumda ilk konu\u015fmay\u0131 h\u00fck\u00fcmet ad\u0131na s\u00f6z alan parlamento ile ili\u015fkilerden sorumlu bakan Patrick Ollier yapt\u0131.<\/p>\n<p style=\"text-align: justify;\">Ollier genel kurulunda yapt\u0131\u011f\u0131 konu\u015fmada, senato g\u00fcndemine getirilen yasa teklifi lehinde konu\u015fma yaparak, s\u00f6z konusu teklifin Frans\u0131z yasalar\u0131na ve AB yasalar\u0131na uygun oldu\u011funu iddia etti.<\/p>\n<p style=\"text-align: justify;\">G\u00f6r\u00fc\u015fmeler s\u0131ras\u0131nda toplam 13 senat\u00f6r konu\u015fma yapmak i\u00e7in kay\u0131t yapt\u0131rd\u0131. Taraflar\u0131n konu\u015fmalar\u0131 yakla\u015f\u0131k 4 saat s\u00fcrd\u00fc. Senato, ilk \u00f6nce yasa teklifinin incelenmeye al\u0131nmamas\u0131n\u0131 \u00f6ng\u00f6ren de\u011fi\u015fiklik \u00f6nergesini oylad\u0131. Oylamada Anayasa Komisyonunun &#8216;yasa anayasaya ayk\u0131r\u0131d\u0131r, reddedilsin&#8217; teklifi kabul g\u00f6rmedi. Genel kuruldaki oylamada bu ilk \u00f6nergeye 86 senat\u00f6r \u201cevet\u201d, 167 senat\u00f6r \u201chay\u0131r\u201d dedi.<\/p>\n<p style=\"text-align: justify;\">Senato ikinci olarak Anayasa Komisyonu\u2019nun, kanunun Anayasan\u0131n 34. maddesine ayk\u0131r\u0131 oldu\u011fu iddias\u0131n\u0131 oylad\u0131. Bu oylama da \u00e7o\u011funluk taraf\u0131ndan reddedildi. Genel kuruldaki ikinci de\u011fi\u015fiklik \u00f6nergesi i\u00e7in 81 senat\u00f6r \u201cevet\u201d, 171 senat\u00f6r \u201chay\u0131r\u201d oyu verdi.<\/p>\n<p style=\"text-align: justify;\">Senato son olarak yasa teklifinin komisyona g\u00f6nderilmesini talep eden \u00f6nergeyi de reddetti. Genel kurulda senat\u00f6r Jacques Mezard taraf\u0131ndan sunulan \u00fc\u00e7\u00fcnc\u00fc \u00f6nerge i\u00e7in 196 senat\u00f6r \u201chay\u0131r\u201d, 42 senat\u00f6r \u201cevet\u201d oyu verdi.<\/p>\n<p style=\"text-align: justify;\">Teklifin yasala\u015fmas\u0131 i\u00e7in Cumhurba\u015fkan\u0131 Nicolas Sarkozy taraf\u0131ndan imzalan\u0131p, resmi gazetede yay\u0131mlanmas\u0131 gerekiyor.<\/p>\n<p style=\"text-align: justify;\">Meclis ve Senatoda 60 senat\u00f6r ve milletvekilinin yasa teklifine itiraz edip, anayasa mahkemesine gitmesi halinde, yasa teklifinin anayasa mahkemesi taraf\u0131ndan incelenmesi g\u00fcndeme gelebilecek.<\/p>\n<p style=\"text-align: justify;\"><strong>SENAT\u00d6R GOULET: ANAYASA MAHKEMES\u0130NE G\u0130DECE\u011e\u0130Z<\/strong><\/p>\n<p style=\"text-align: justify;\">Frans\u0131z Senat\u00f6r Nathalie Goulet de Senato Genel Kurulu&#8217;nda oylanacak yasa teklifinin b\u00fcy\u00fck bir ihtimalle kabul edilece\u011fini, ancak kendisi gibi teklife kar\u015f\u0131 \u00e7\u0131kan senat\u00f6r ve milletvekillerinin Anayasa Mahkemesi&#8217;ne gideceklerini s\u00f6yledi.<\/p>\n<p style=\"text-align: justify;\">Cumhuriyet\u00e7i Merkez Birlik Grubu Senat\u00f6r\u00fc Goulet, &#8220;Ben yasa teklifinin b\u00fcy\u00fck bir ihtimalle bug\u00fcn kabul edilece\u011fini d\u00fc\u015f\u00fcn\u00fcyorum. Ben ve grubum yasa teklifine kar\u015f\u0131y\u0131z. Tarihi konularda parlamentonun karar vermemesi gerekti\u011fini d\u00fc\u015f\u00fcn\u00fcyoruz. Bu bizim i\u015fimiz de\u011fil&#8221; dedi.<\/p>\n<p style=\"text-align: justify;\"><strong>\u2018TEKL\u0130F TEHL\u0130KEL\u0130 VE GEREKS\u0130Z\u2019<\/strong><\/p>\n<p style=\"text-align: justify;\">Frans\u0131z Senatosu&#8217;ndaki Avrupa Sosyal ve Demokrasi Birli\u011fi Grubu (RDSE), bug\u00fcn d\u00fczenledi\u011fi bas\u0131n toplant\u0131s\u0131nda, 1915 olaylar\u0131yla ilgili Ermeni iddialar\u0131n\u0131n inkar\u0131n\u0131 su\u00e7 sayan yasa teklifini \u201ctehlikeli ve gereksiz\u201d olarak niteledi.<\/p>\n<p style=\"text-align: justify;\">Yasa teklifinin, \u201cFrans\u0131z anayasas\u0131na ayk\u0131r\u0131 oldu\u011funu\u201d ifade eden Mezard, \u201cBu yasa teklifi, cumhuriyetimizi i\u00e7in k\u00f6t\u00fc bir g\u00f6r\u00fcnt\u00fc veriyor. Bu teklif bizim kurumlar\u0131m\u0131za ve anayasaya ayk\u0131r\u0131, ifade \u00f6zg\u00fcrl\u00fc\u011f\u00fcne ayk\u0131r\u0131. Parlamentolar tarih yazamaz.\u201ddedi.<\/p>\n<p style=\"text-align: justify;\">Yasa teklifinin se\u00e7im ama\u00e7l\u0131 haz\u0131rland\u0131\u011f\u0131n ifade eden Mezard, bunun aksini savunanlar ve di\u011fer bahaneleri ortaya koyanlar\u0131n \u201ciki y\u00fczl\u00fc\u201d davrand\u0131klar\u0131n\u0131 ifade etti.<\/p>\n<p style=\"text-align: justify;\">4 May\u0131s&#8217;ta senatonun buna benzer bir teklifi incelemeye almad\u0131\u011f\u0131n\u0131 kaydeden Mezard, \u201cAlt\u0131 ayda ne de\u011fi\u015fti ki? Bu se\u00e7im i\u00e7in haz\u0131rlanm\u0131\u015f, olduk\u00e7a gereksiz ve tehlikeli bi teklif\u201d dedi.<\/p>\n<p style=\"text-align: justify;\"><strong>SUEUR: TAR\u0130H\u00c7\u0130LER YASA TEKL\u0130F\u0130N\u0130 END\u0130\u015eEYLE \u0130ZL\u0130YOR<\/strong><\/p>\n<p style=\"text-align: justify;\">Kanunlar Komisyonu Ba\u015fkan\u0131 ve Raport\u00f6r Jean-Pierre Sueur, \u201cFrans\u0131z Anayasas\u0131n\u0131n 34 maddesine ayk\u0131r\u0131\u201d oldu\u011fu gerek\u00e7esiyle yasa teklifinin reddedilmesini istedi.<\/p>\n<p style=\"text-align: justify;\">Hi\u00e7 bir siyasi e\u011filim ad\u0131na konu\u015fmad\u0131\u011f\u0131n\u0131, sadece hukuk\u00e7u kimli\u011fini \u00f6n plana \u00e7\u0131kararak konu\u015ftu\u011funu ifade eden Sueur, ge\u00e7en y\u0131l toplanan Kanunlar Komisyonunun ve Senato genel kurulunun da, bu y\u00f6nde bir yasa teklifinin incelenmeye al\u0131nmas\u0131n\u0131 reddetti\u011fini hat\u0131rlatt\u0131.<\/p>\n<p style=\"text-align: justify;\">Sueur, Fransa&#8217;n\u0131n \u00fcnl\u00fc tarih\u00e7isi Pierre Nora&#8217;n\u0131n, parlamenterlerin tarih yazamayaca\u011f\u0131, anayasa hukuk\u00e7usu Robert Badinter&#8217;in ise \u201cparlamentolar\u0131n mahkeme olmad\u0131\u011f\u0131\u201d yolundaki a\u00e7\u0131klamalar\u0131na at\u0131fta bulundu.<\/p>\n<p style=\"text-align: justify;\">Kanunlar Komisyonu Ba\u015fkan\u0131, \u201cFrans\u0131z tarih\u00e7iler, bu yasa teklifiyle ilgili geli\u015fmeleri endi\u015feyle izliyorlar\u201d dedi.<\/p>\n<p style=\"text-align: justify;\"><strong>T\u00dcRK\u0130YE YAPTIRIMA G\u0130TM\u0130\u015eT\u0130<\/strong><\/p>\n<p style=\"text-align: justify;\">Frans\u0131z Parlamentosu&#8217;nun alt kanad\u0131 olan Ulusal Meclis&#8217;te kabul edilen tasar\u0131, 1915 olaylar\u0131yla ilgili Ermeni iddialar\u0131n\u0131 reddedenlere 1 y\u0131la kadar hapis, 45 bin Euro\u2019ya kadar da para cezas\u0131 verilmesini \u00f6ng\u00f6r\u00fcyor.<\/p>\n<p style=\"text-align: justify;\">Yasan\u0131n kabul\u00fcn\u00fcn ard\u0131ndan T\u00fcrkiye, Fransa\u2019yla askeri ve siyasi ili\u015fkilerini ask\u0131ya alm\u0131\u015f, s\u00fcrecin Senato\u2019da devam etmesi veya Cumhurba\u015fkan\u0131 Nicolas Sarkozy taraf\u0131ndan onaylanmas\u0131 durumunda ba\u015fka \u00f6nlemler al\u0131naca\u011f\u0131 da, yetkili T\u00fcrk makamlar\u0131nca ifade edilmi\u015fti.<\/p>\n<p style=\"text-align: justify;\">Yasa teklifinin Meclis&#8217;te kabul\u00fcn\u00fcn ard\u0131ndan isti\u015fareler i\u00e7in Ankara&#8217;ya \u00e7a\u011fr\u0131lan T\u00fcrkiye&#8217;nin Paris B\u00fcy\u00fckel\u00e7isi Tahsin Burcuo\u011flu ise ge\u00e7ti\u011fimiz haftalarda Fransa&#8217;ya d\u00f6nm\u00fc\u015ft\u00fc.<\/p>\n<p style=\"text-align: justify;\"><a href=\"http:\/\/www.radikal.com.tr\/Radikal.aspx?aType=RadikalDetayV3&amp;ArticleID=1076602&amp;CategoryID=81\" target=\"_blank\">Kaynak : Radikal.com.tr<\/a><\/p>\n","protected":false},"excerpt":{"rendered":"<p style=\"text-align: center;\">\n<p style=\"text-align: justify;\">Fransa Senatosu, &#8216;Ermeni iddialar\u0131n\u0131 inkar\u0131 su\u00e7 sayan&#8217; yasa tasar\u0131s\u0131n\u0131 \u00e7o\u011funlu\u011fun oyuyla kabul etti.<\/p>\n<p style=\"text-align: justify;\">PAR\u0130S &#8211; Fransa Senatosu genel kurulunda, 1915 olaylar\u0131yla ilgili Ermeni iddialar\u0131n\u0131n inkar\u0131n\u0131 su\u00e7 sayan yasa teklifinin g\u00f6r\u00fc\u015f\u00fclmesine TS\u0130 16:00&#8217;da ba\u015fland\u0131. Yakla\u015f\u0131k 7 saatlik tart\u0131\u015fma ve oylama maratonunun ard\u0131ndan senato 127 oya kar\u015f\u0131l\u0131k 86 oyla \u2018Ermeni <\/p>\n","protected":false},"author":1,"featured_media":0,"comment_status":"open","ping_status":"open","sticky":false,"template":"","format":"standard","meta":{"footnotes":""},"categories":[105],"tags":[],"class_list":["post-47446","post","type-post","status-publish","format-standard","hentry","category-gundem","odd"],"_links":{"self":[{"href":"http:\/\/www.korhanyilmaz.com\/index.php?rest_route=\/wp\/v2\/posts\/47446","targetHints":{"allow":["GET"]}}],"collection":[{"href":"http:\/\/www.korhanyilmaz.com\/index.php?rest_route=\/wp\/v2\/posts"}],"about":[{"href":"http:\/\/www.korhanyilmaz.com\/index.php?rest_route=\/wp\/v2\/types\/post"}],"author":[{"embeddable":true,"href":"http:\/\/www.korhanyilmaz.com\/index.php?rest_route=\/wp\/v2\/users\/1"}],"replies":[{"embeddable":true,"href":"http:\/\/www.korhanyilmaz.com\/index.php?rest_route=%2Fwp%2Fv2%2Fcomments&post=47446"}],"version-history":[{"count":0,"href":"http:\/\/www.korhanyilmaz.com\/index.php?rest_route=\/wp\/v2\/posts\/47446\/revisions"}],"wp:attachment":[{"href":"http:\/\/www.korhanyilmaz.com\/index.php?rest_route=%2Fwp%2Fv2%2Fmedia&parent=47446"}],"wp:term":[{"taxonomy":"category","embeddable":true,"href":"http:\/\/www.korhanyilmaz.com\/index.php?rest_route=%2Fwp%2Fv2%2Fcategories&post=47446"},{"taxonomy":"post_tag","embeddable":true,"href":"http:\/\/www.korhanyilmaz.com\/index.php?rest_route=%2Fwp%2Fv2%2Ftags&post=47446"}],"curies":[{"name":"wp","href":"https:\/\/api.w.org\/{rel}","templated":true}]}}