{"id":47417,"date":"2010-08-02T00:30:49","date_gmt":"2010-08-01T21:30:49","guid":{"rendered":"http:\/\/www.korhanyilmaz.com\/?p=47417"},"modified":"2012-01-23T23:45:19","modified_gmt":"2012-01-23T21:45:19","slug":"biz-tohum-ektik-meyvesini-baskasi-yiyecek","status":"publish","type":"post","link":"http:\/\/www.korhanyilmaz.com\/?p=47417","title":{"rendered":"\u2018Biz tohum ektik meyvesini ba\u015fkas\u0131 yiyecek\u2019"},"content":{"rendered":"<p style=\"text-align: center;\"><a href=\"http:\/\/www.korhanyilmaz.com\/wp-content\/uploads\/2012\/01\/9403.jpg\"  class=\"lightview\"><img loading=\"lazy\" decoding=\"async\" class=\"aligncenter  wp-image-47418\" src=\"http:\/\/www.korhanyilmaz.com\/wp-content\/uploads\/2012\/01\/9403.jpg\" alt=\"\" width=\"402\" height=\"255\" \/><\/a><\/p>\n<p style=\"text-align: justify;\">D\u00f6rt y\u0131l \u00f6nce kurdu\u011fu Ba\u015fbakanl\u0131k Yat\u0131r\u0131m Ajans\u0131 g\u00f6revinden ayr\u0131ld\u0131\u011f\u0131n\u0131 a\u00e7\u0131klayan Alpaslan Korkmaz, \u00e7ok \u00f6nemli tohumlar ektiklerini, meyvelerini ise yeni gelenlerin yiyece\u011fini s\u00f6yledi. Korkmaz, akademik kariyerine d\u00f6n\u00fcyor.<\/p>\n<p style=\"text-align: justify;\">Ba\u015fbakan Recep Tayyip Erdo\u011fan\u2019\u0131n bundan d\u00f6rt y\u0131l \u00f6nce T\u00fcrkiye\u2019ye daha fazla yabanc\u0131 yat\u0131r\u0131mc\u0131 \u00e7ekmek i\u00e7in \u0130svi\u00e7re\u2019den getirdi\u011fi \u201cs\u00fcper dan\u0131\u015fman\u201d Alpaslan Korkmaz, kendi kurdu\u011fu Yat\u0131r\u0131m Destek ve Tan\u0131t\u0131m Ajans\u0131 ba\u015fkanl\u0131\u011f\u0131 g\u00f6revinden 31 A\u011fustos itibariyle ayr\u0131laca\u011f\u0131n\u0131 a\u00e7\u0131klad\u0131.<!--more--><\/p>\n<p style=\"text-align: justify;\">Korkmaz, yapt\u0131\u011f\u0131 yaz\u0131l\u0131 a\u00e7\u0131klamada Ajans\u2019\u0131n ba\u015f\u0131na \u00fc\u00e7 y\u0131ll\u0131k bir s\u00fcre i\u00e7in geldi\u011fini, ge\u00e7en y\u0131l kriz nedeniyle g\u00f6rev s\u00fcresini bir y\u0131l uzatt\u0131\u011f\u0131n\u0131 ancak bayra\u011f\u0131 teslim etme vaktinin geldi\u011fini s\u00f6yledi.<\/p>\n<p style=\"text-align: justify;\">Milliyet\u2019in Ankara\u2019da Ba\u015fbakanl\u0131k\u2019taki ofisinde telefonla ula\u015ft\u0131\u011f\u0131 Korkmaz, \u201cBenden sonra kim gelirse gelsin, hi\u00e7 \u00f6nemli de\u011fil. Biz \u00e7ok \u00f6nemli tohumlar ektik, \u00e7ok g\u00fczel bir yap\u0131 kurduk diye d\u00fc\u015f\u00fcn\u00fcyorum. \u00c7ok kurumsal ve profesyonel bir kurum oldu. Bundan sonra bizim ekti\u011fimiz tohumlar\u0131n meyvelerini yiyecek bilahare ama asl\u0131nda \u00fclkemize yarayacak, memnunum\u201d diye konu\u015ftu.<\/p>\n<p style=\"text-align: justify;\"><strong>Adaylar\u0131 sordular<\/strong><\/p>\n<p style=\"text-align: justify;\">Korkmaz, g\u00f6revden ayr\u0131lma karar\u0131n\u0131n gerek\u00e7esini, \u201c\u00c7ok yo\u011fun tempoyla yap\u0131lan bir i\u015f. Yorulmad\u0131m a\u00e7\u0131k\u00e7as\u0131 ama d\u00f6rt y\u0131l \u00e7ok h\u0131zl\u0131 tempoyla \u00e7al\u0131\u015ft\u0131k. \u00c7ok memnunum. D\u00fcnyan\u0131n tan\u0131d\u0131\u011f\u0131, uluslararas\u0131 \u00e7apta hizmet verebilen bir birim kurduk. D\u00f6rt y\u0131l \u00f6nce Ba\u015fbakan\u2019a taahh\u00fct etti\u011fim g\u00f6revi yerine getirmi\u015f oldum&#8230; \u0130kincisi, benim e\u015fim ve \u00e7ocuklar\u0131m da \u0130svi\u00e7re\u2019de ya\u015f\u0131yor. Onlarla 3-4 haftada bir g\u00f6r\u00fc\u015febiliyorum. Birisi dokuz, birisi alt\u0131 ya\u015f\u0131nda. \u00d6zl\u00fcyorum a\u00e7\u0131k\u00e7as\u0131, onlar da beni \u00f6zl\u00fcyorlar. Ba\u015fbakan durumu \u00e7ok anlay\u0131\u015fla kar\u015f\u0131lad\u0131\u201d s\u00f6zleriyle anlatt\u0131.<\/p>\n<p style=\"text-align: justify;\">Yat\u0131r\u0131m Ajans\u0131\u2019n\u0131n ba\u015f\u0131na ge\u00e7ecek yeni isimle ilgili birka\u00e7 aday\u0131n kendisine de iletildi\u011fini ve g\u00f6r\u00fc\u015f\u00fcn\u00fcn soruldu\u011funu aktaran Korkmaz, \u201c\u00d6yle bir arkada\u015f olmal\u0131 ki i\u015f d\u00fcnyas\u0131na \u00e7ok hakim olmas\u0131 laz\u0131m, dil bilmesi laz\u0131m, iyi diyalog kuran bir arkada\u015f\u0131m\u0131z olacakt\u0131r. Tabii kamu g\u00f6revi oldu\u011fu i\u00e7in mevzuata hakim olmas\u0131 gerekiyor. B\u00fct\u00fcn bunlar\u0131 eminim Ba\u015fbakan\u0131m\u0131z tart\u0131yordur\u201d dedi. Korkmaz, halefinin 31 A\u011fustos\u2019a kadar atanmas\u0131n\u0131 bekledi\u011fini de ekledi.<\/p>\n<p style=\"text-align: justify;\"><strong>\u00dcniversiteye d\u00f6n\u00fcyor<\/strong><\/p>\n<p style=\"text-align: justify;\">Ba\u015fbakanl\u0131k Yat\u0131r\u0131m Ajans\u0131\u2019n\u0131 kurmadan \u00f6nce \u0130svi\u00e7re\u2019de ya\u015fayan ve Neuchatel \u00dcniversitesi\u2019nde ders veren Korkmaz, yeniden akademik kariyere d\u00f6nece\u011fi bilgisini de verdi. Korkmaz, Neuchatel \u00dcniversitesi\u2019nin yan\u0131 s\u0131ra T\u00fcrkiye\u2019de de bir iki \u00fcniversite ile g\u00f6r\u00fc\u015ft\u00fc\u011f\u00fcn\u00fc belirtirken \u201c\u00c7\u00fcnk\u00fc T\u00fcrkiye\u2019yle ba\u011f\u0131m\u0131 koparmak istemiyorum ama a\u011f\u0131rl\u0131\u011f\u0131 \u0130svi\u00e7re\u2019ye veriyorum\u201d dedi.<\/p>\n<p style=\"text-align: justify;\">Alpaslan Korkmaz yapt\u0131\u011f\u0131 yaz\u0131l\u0131 a\u00e7\u0131klamada, \u201cBa\u015fbakanl\u0131k Yat\u0131r\u0131m Ajans\u0131; bug\u00fcn sahip oldu\u011fu profesyonel, kurumsal ve vizyoner yap\u0131 paralelinde, \u00fclkemiz ad\u0131na \u00f6nemli \u00e7al\u0131\u015fmalara imza atmaya devam edecektir. G\u00f6revde kald\u0131\u011f\u0131m d\u00f6rt y\u0131la yak\u0131n bu s\u00fcre\u00e7 i\u00e7erisinde vatan\u0131ma hizmet etmi\u015f olmaktan \u00f6t\u00fcr\u00fc b\u00fcy\u00fck onur duydum. Say\u0131n Ba\u015fbakan\u0131m\u0131za bana bu f\u0131rsat\u0131 verdikleri ve esirgemedikleri desteklerinden dolay\u0131 bir kez daha te\u015fekk\u00fcr\u00fc bor\u00e7 bilirim\u201d dedi.<\/p>\n<p style=\"text-align: justify;\"><strong>\u0130svi\u00e7re\u2019den gelmi\u015fti<\/strong><\/p>\n<p style=\"text-align: justify;\">40 ya\u015f\u0131ndaki Korkmaz, \u0130svi\u00e7re\u2019de Neuchatel \u00dcniversitesi\u2019nde i\u015f y\u00f6netimi okuduktan sonra y\u00fcksek lisans ve do\u011frudan yabanc\u0131 yat\u0131r\u0131m ikna ve m\u00fczakere s\u00fcre\u00e7leri konusunda doktora \u00e7al\u0131\u015fmas\u0131 yapt\u0131. Uluslararas\u0131 m\u00fczakere, \u00f6zel sekt\u00f6r-devlet ili\u015fkisi, do\u011frudan yabanc\u0131 yat\u0131r\u0131m gibi konularda ders verdi. Korkmaz, T\u00fcrkiye\u2019ye gelmeden \u00f6nce \u0130svi\u00e7re-Neuchatel Yat\u0131r\u0131m Promosyon Ajans\u0131\u2019n\u0131n ba\u015fkanl\u0131\u011f\u0131n\u0131 ve Bat\u0131 \u0130svi\u00e7re Ekonomik Kalk\u0131nma Ajans\u0131\u2019n\u0131n da Ba\u015fkan Vekilli\u011fi g\u00f6revini y\u00fcr\u00fct\u00fcyordu.<\/p>\n<p style=\"text-align: justify;\"><a href=\"http:\/\/www.milliyet.com.tr\/-biz-tohum-ektik-meyvesini-baskasi-yiyecek-\/ekonomi\/haberdetay\/03.08.2010\/1271559\/default.htm\" target=\"_blank\">Kaynak : Melis \u015eenerdem &#8211; Milliyet.com.tr<\/a><\/p>\n","protected":false},"excerpt":{"rendered":"<p style=\"text-align: center;\">\n<p style=\"text-align: justify;\">D\u00f6rt y\u0131l \u00f6nce kurdu\u011fu Ba\u015fbakanl\u0131k Yat\u0131r\u0131m Ajans\u0131 g\u00f6revinden ayr\u0131ld\u0131\u011f\u0131n\u0131 a\u00e7\u0131klayan Alpaslan Korkmaz, \u00e7ok \u00f6nemli tohumlar ektiklerini, meyvelerini ise yeni gelenlerin yiyece\u011fini s\u00f6yledi. Korkmaz, akademik kariyerine d\u00f6n\u00fcyor.<\/p>\n<p style=\"text-align: justify;\">Ba\u015fbakan Recep Tayyip Erdo\u011fan\u2019\u0131n bundan d\u00f6rt y\u0131l \u00f6nce T\u00fcrkiye\u2019ye daha fazla yabanc\u0131 yat\u0131r\u0131mc\u0131 \u00e7ekmek i\u00e7in \u0130svi\u00e7re\u2019den getirdi\u011fi \u201cs\u00fcper dan\u0131\u015fman\u201d Alpaslan Korkmaz, kendi <\/p>\n","protected":false},"author":1,"featured_media":0,"comment_status":"open","ping_status":"open","sticky":false,"template":"","format":"standard","meta":{"footnotes":""},"categories":[105],"tags":[727],"class_list":["post-47417","post","type-post","status-publish","format-standard","hentry","category-gundem","tag-alparslan-korkmaz","odd"],"_links":{"self":[{"href":"http:\/\/www.korhanyilmaz.com\/index.php?rest_route=\/wp\/v2\/posts\/47417","targetHints":{"allow":["GET"]}}],"collection":[{"href":"http:\/\/www.korhanyilmaz.com\/index.php?rest_route=\/wp\/v2\/posts"}],"about":[{"href":"http:\/\/www.korhanyilmaz.com\/index.php?rest_route=\/wp\/v2\/types\/post"}],"author":[{"embeddable":true,"href":"http:\/\/www.korhanyilmaz.com\/index.php?rest_route=\/wp\/v2\/users\/1"}],"replies":[{"embeddable":true,"href":"http:\/\/www.korhanyilmaz.com\/index.php?rest_route=%2Fwp%2Fv2%2Fcomments&post=47417"}],"version-history":[{"count":0,"href":"http:\/\/www.korhanyilmaz.com\/index.php?rest_route=\/wp\/v2\/posts\/47417\/revisions"}],"wp:attachment":[{"href":"http:\/\/www.korhanyilmaz.com\/index.php?rest_route=%2Fwp%2Fv2%2Fmedia&parent=47417"}],"wp:term":[{"taxonomy":"category","embeddable":true,"href":"http:\/\/www.korhanyilmaz.com\/index.php?rest_route=%2Fwp%2Fv2%2Fcategories&post=47417"},{"taxonomy":"post_tag","embeddable":true,"href":"http:\/\/www.korhanyilmaz.com\/index.php?rest_route=%2Fwp%2Fv2%2Ftags&post=47417"}],"curies":[{"name":"wp","href":"https:\/\/api.w.org\/{rel}","templated":true}]}}