{"id":47412,"date":"2012-01-23T20:37:56","date_gmt":"2012-01-23T18:37:56","guid":{"rendered":"http:\/\/www.korhanyilmaz.com\/?p=47412"},"modified":"2012-01-23T22:06:54","modified_gmt":"2012-01-23T20:06:54","slug":"susurluk-kazasiyla-ilgili-sok-iddia","status":"publish","type":"post","link":"http:\/\/www.korhanyilmaz.com\/?p=47412","title":{"rendered":"Susurluk kazas\u0131yla ilgili \u015fok iddia"},"content":{"rendered":"<p style=\"text-align: center;\"><a href=\"http:\/\/www.korhanyilmaz.com\/wp-content\/uploads\/2012\/01\/9402.jpg\"  class=\"lightview\"><img loading=\"lazy\" decoding=\"async\" class=\"aligncenter  wp-image-47413\" src=\"http:\/\/www.korhanyilmaz.com\/wp-content\/uploads\/2012\/01\/9402.jpg\" alt=\"\" width=\"308\" height=\"235\" \/><\/a><\/p>\n<p style=\"text-align: justify;\">Birinci &#8220;Ergenekon&#8221; davas\u0131nda dinlenilen &#8220;Gizli tan\u0131k Poyraz&#8221;, Abdullah \u00c7atl\u0131 ile Gonca Us&#8217;un Susurluk&#8217;taki kaza s\u0131ras\u0131nda de\u011fil, boyunlar\u0131 k\u0131r\u0131larak \u00f6ld\u00fcr\u00fcld\u00fc\u011f\u00fcn\u00fc, bunu Veli K\u00fc\u00e7\u00fck&#8217;\u00fcn de bildi\u011fini iddia etti.<\/p>\n<p style=\"text-align: justify;\">\u0130stanbul 13. A\u011f\u0131r Ceza Mahkemesindeki duru\u015fmada dinlenilen &#8220;gizli tan\u0131k Poyraz&#8221;, savc\u0131 Mehmet Ali Pekg\u00fczel&#8217;in sorular\u0131n\u0131 yan\u0131tlad\u0131.\u00a0<!--more--><\/p>\n<p style=\"text-align: justify;\">Pekg\u00fczel&#8217;in &#8220;Abdullah \u00c7atl\u0131&#8217;y\u0131 tan\u0131yor musunuz?&#8221; sorusuna gizli tan\u0131k, &#8220;Allah rahmet eylesin, topra\u011f\u0131 bol olsun&#8221; diye yan\u0131t verdi. Savc\u0131 Pekg\u00fczel&#8217;in, tekrar tan\u0131y\u0131p tan\u0131mad\u0131\u011f\u0131n\u0131 sordu\u011fu gizli tan\u0131k, ayn\u0131 cevab\u0131 verdi.<\/p>\n<p style=\"text-align: justify;\">Pekg\u00fczel&#8217;in, &#8220;Sedat Peker de ayn\u0131 \u015feyi s\u00f6yl\u00fcyor&#8221; s\u00f6zleri \u00fczerine gizli tan\u0131k, &#8220;Sedat Peker onu tan\u0131maz. \u00c7atl\u0131&#8217;y\u0131 \u00e7ok iyi tan\u0131yan Drej Ali, Muhsin ba\u015fkand\u0131r. \u00c7atl\u0131&#8217;y\u0131 eskiler tan\u0131r. Peker&#8217;in ya\u015f\u0131 yetmez&#8221; dedi.<\/p>\n<p style=\"text-align: justify;\">Pekg\u00fczel&#8217;in Susurluk kazas\u0131yla ilgili bilgisi olup olmad\u0131\u011f\u0131n\u0131 sordu\u011fu gizli tan\u0131k, &#8220;Kaza haberini ilk alan Veli K\u00fc\u00e7\u00fck&#8217;t\u00fcr&#8221; diyerek, Abdullah \u00c7atl\u0131 ve Gonca Us&#8217;un kaza nedeniyle de\u011fil de 3-4 ki\u015fi taraf\u0131ndan boyunlar\u0131 k\u0131r\u0131larak \u00f6ld\u00fcr\u00fcld\u00fc\u011f\u00fcn\u00fc iddia etti.<\/p>\n<p style=\"text-align: justify;\">&#8220;Gizli tan\u0131k Poyraz&#8221;, kaza ge\u00e7iren arabay\u0131 arkadan takip eden Sedat Bucak&#8217;\u0131n korumas\u0131 &#8220;Abaza Yal\u00e7\u0131n&#8221;\u0131n eski \u00f6zel harekat\u00e7\u0131 oldu\u011funu ifade ederek, &#8220;Kaza yerine an\u0131nda gelen Abaza Yal\u00e7\u0131n&#8217;d\u0131r. Ben Abaza Yal\u00e7\u0131n ile sohbet ettim. Bana kazadan de\u011fil de boyunlar\u0131 k\u0131r\u0131larak \u00f6ld\u00fcr\u00fcld\u00fc\u011f\u00fcn\u00fc s\u00f6yledi. Kaza haberini ilk alan Veli K\u00fc\u00e7\u00fck, boyunlar\u0131n\u0131 k\u0131ran 3-4 ki\u015fi de biliyor. Bunlar\u0131 a\u00e7\u0131klas\u0131n. Benim \u00e7ok iyi bilgim var ama ispat\u0131m yok&#8221; \u015feklinde konu\u015ftu.<\/p>\n<p style=\"text-align: justify;\"><strong>&#8220;Babalar \u00fcst\u00fc baba&#8221;<\/strong><\/p>\n<p style=\"text-align: justify;\">Gizli tan\u0131k, Sedat Peker&#8217;in ya\u015f\u0131n\u0131n gen\u00e7, g\u00f6z\u00fc kara ve atak olmas\u0131n\u0131n Veli K\u00fc\u00e7\u00fck&#8217;\u00fcn dikkatini \u00e7ekti\u011fini belirterek, &#8220;Veli K\u00fc\u00e7\u00fck tam arad\u0131\u011f\u0131n\u0131 bulmu\u015ftu. Sedat Peker gibi birini buldu\u011fu i\u00e7in havalara u\u00e7uyordu. K\u00fc\u00e7\u00fck \u00f6nce, Hadi \u00d6zcan&#8217;a, ard\u0131ndan da K\u00fcr\u015fat Y\u0131lmaz&#8217;a babalar \u00fcst\u00fc baba olmay\u0131 teklif etti. Onlar kabul etmeyince de Sedat Peker&#8217;e teklif etti. Bundan sonra Sedat Peker&#8217;in etraf\u0131na Veli K\u00fc\u00e7\u00fck&#8217;\u00fcn itiraf\u00e7\u0131lar\u0131 yerle\u015ftirildi&#8221; diye konu\u015ftu.<\/p>\n<p style=\"text-align: justify;\">Peker&#8217;in arkas\u0131ndaki g\u00fcc\u00fcn Veli K\u00fc\u00e7\u00fck ve Korkut Eken oldu\u011funu s\u00f6yleyen gizli tan\u0131k, ikinci &#8220;Ergenekon&#8221; davas\u0131n\u0131n tutuksuz san\u0131\u011f\u0131 Adil Serdar Sa\u00e7an&#8217;\u0131n, Sedat Peker&#8217;i g\u00f6zalt\u0131na ald\u0131\u011f\u0131n\u0131 belirterek \u015f\u00f6yle devam etti:<\/p>\n<p style=\"text-align: justify;\">&#8220;\u00d6nceleri Adil Serdar Sa\u00e7an&#8217;\u0131n ad\u0131n\u0131 duyan fellik fellik ka\u00e7\u0131yordu. Peker&#8217;in g\u00f6zalt\u0131na al\u0131nmas\u0131 ve g\u00fczelce bir sorgulanmas\u0131 \u00fczerine Veli K\u00fc\u00e7\u00fck, Sa\u00e7an&#8217;a tehditler ya\u011fd\u0131rd\u0131. Araya Korkut Eken girdi. Daha sonra da Adil Serdar Sa\u00e7an korktu, K\u00fc\u00e7\u00fck&#8217;\u00fcn taraf\u0131nda ge\u00e7ti.&#8221;<\/p>\n<p style=\"text-align: justify;\">Gizli, tan\u0131k, ikinci &#8220;Ergenekon&#8221; davas\u0131n\u0131n tutuklu san\u0131\u011f\u0131 eski \u00d6zel Harekat Dairesi Ba\u015fkan Vekili \u0130brahim \u015eahin ile Veli K\u00fc\u00e7\u00fck&#8217;\u00fcn birebir ba\u011flant\u0131s\u0131 oldu\u011funu da iddia etti.<\/p>\n<p style=\"text-align: justify;\">Bu arada, mahkeme heyeti taraf\u0131ndan &#8220;ara verildi\u011fi s\u0131rada san\u0131klar\u0131n duru\u015fma salonundan \u00e7\u0131kabileceklerine&#8221; ili\u015fkin ara karar olmas\u0131na ra\u011fmen, baz\u0131 san\u0131klar\u0131n Mahkeme Heyeti Ba\u015fkan\u0131 Hasan H\u00fcseyin \u00d6zese&#8217;den izin alarak salondan ayr\u0131ld\u0131klar\u0131 g\u00f6r\u00fcld\u00fc.<\/p>\n<p style=\"text-align: justify;\">Tutuklu san\u0131klardan Veli K\u00fc\u00e7\u00fck de, gizli tan\u0131k kendisiyle ilgili iddialarda bulundu\u011fu s\u0131rada, &#8220;Dinlemek istemiyorum. Art\u0131k midem bulan\u0131yor&#8221; diyerek salondan ayr\u0131lmak istedi. Ba\u015fkan \u00d6zese&#8217;nin &#8220;Sizinle ilgili konu\u015fuyor&#8221; s\u00f6zleri \u00fczerine K\u00fc\u00e7\u00fck, avukat\u0131n\u0131n salonda oldu\u011funu belirterek, ayr\u0131ld\u0131.<\/p>\n<p style=\"text-align: justify;\">Duru\u015fma yar\u0131na ertelendi.<\/p>\n<p style=\"text-align: justify;\"><a href=\"http:\/\/www.gazeteport.com.tr\/haber\/75179\/susurluk_kazasiyla_ilgili_sok_iddia\" target=\"_blank\">Kaynak : GAZETEPORT<\/a><\/p>\n","protected":false},"excerpt":{"rendered":"<p style=\"text-align: center;\">\n<p style=\"text-align: justify;\">Birinci &#8220;Ergenekon&#8221; davas\u0131nda dinlenilen &#8220;Gizli tan\u0131k Poyraz&#8221;, Abdullah \u00c7atl\u0131 ile Gonca Us&#8217;un Susurluk&#8217;taki kaza s\u0131ras\u0131nda de\u011fil, boyunlar\u0131 k\u0131r\u0131larak \u00f6ld\u00fcr\u00fcld\u00fc\u011f\u00fcn\u00fc, bunu Veli K\u00fc\u00e7\u00fck&#8217;\u00fcn de bildi\u011fini iddia etti.<\/p>\n<p style=\"text-align: justify;\">\u0130stanbul 13. A\u011f\u0131r Ceza Mahkemesindeki duru\u015fmada dinlenilen &#8220;gizli tan\u0131k Poyraz&#8221;, savc\u0131 Mehmet Ali Pekg\u00fczel&#8217;in sorular\u0131n\u0131 yan\u0131tlad\u0131. <\/p>\n","protected":false},"author":1,"featured_media":0,"comment_status":"open","ping_status":"open","sticky":false,"template":"","format":"standard","meta":{"footnotes":""},"categories":[105],"tags":[],"class_list":["post-47412","post","type-post","status-publish","format-standard","hentry","category-gundem","odd"],"_links":{"self":[{"href":"http:\/\/www.korhanyilmaz.com\/index.php?rest_route=\/wp\/v2\/posts\/47412","targetHints":{"allow":["GET"]}}],"collection":[{"href":"http:\/\/www.korhanyilmaz.com\/index.php?rest_route=\/wp\/v2\/posts"}],"about":[{"href":"http:\/\/www.korhanyilmaz.com\/index.php?rest_route=\/wp\/v2\/types\/post"}],"author":[{"embeddable":true,"href":"http:\/\/www.korhanyilmaz.com\/index.php?rest_route=\/wp\/v2\/users\/1"}],"replies":[{"embeddable":true,"href":"http:\/\/www.korhanyilmaz.com\/index.php?rest_route=%2Fwp%2Fv2%2Fcomments&post=47412"}],"version-history":[{"count":0,"href":"http:\/\/www.korhanyilmaz.com\/index.php?rest_route=\/wp\/v2\/posts\/47412\/revisions"}],"wp:attachment":[{"href":"http:\/\/www.korhanyilmaz.com\/index.php?rest_route=%2Fwp%2Fv2%2Fmedia&parent=47412"}],"wp:term":[{"taxonomy":"category","embeddable":true,"href":"http:\/\/www.korhanyilmaz.com\/index.php?rest_route=%2Fwp%2Fv2%2Fcategories&post=47412"},{"taxonomy":"post_tag","embeddable":true,"href":"http:\/\/www.korhanyilmaz.com\/index.php?rest_route=%2Fwp%2Fv2%2Ftags&post=47412"}],"curies":[{"name":"wp","href":"https:\/\/api.w.org\/{rel}","templated":true}]}}