{"id":47397,"date":"2012-01-22T11:25:36","date_gmt":"2012-01-22T09:25:36","guid":{"rendered":"http:\/\/www.korhanyilmaz.com\/?p=47397"},"modified":"2012-01-23T21:15:30","modified_gmt":"2012-01-23T19:15:30","slug":"terorle-iliskim-olamaz","status":"publish","type":"post","link":"http:\/\/www.korhanyilmaz.com\/?p=47397","title":{"rendered":"&#8220;Ter\u00f6rle ili\u015fkim olamaz&#8221;"},"content":{"rendered":"<p style=\"text-align: center;\"><a href=\"http:\/\/www.korhanyilmaz.com\/wp-content\/uploads\/2012\/01\/9397.jpg\"  class=\"lightview\"><img loading=\"lazy\" decoding=\"async\" class=\"aligncenter  wp-image-47398\" src=\"http:\/\/www.korhanyilmaz.com\/wp-content\/uploads\/2012\/01\/9397.jpg\" alt=\"\" width=\"338\" height=\"190\" \/><\/a><\/p>\n<p style=\"text-align: justify;\">Ter\u00f6r \u00f6rg\u00fct\u00fcyle ili\u015fkisi oldu\u011fu y\u00f6n\u00fcnde \u00e7\u0131kan haberleri yalanlayan ba\u015far\u0131l\u0131 jokey, \u201cBu topraklar \u00f6nce Allah&#8217;\u0131n sonra Mustafa Kemal Atat\u00fcrk&#8217;\u00fcn sayesinde, atlar\u0131n s\u0131rt\u0131nda kazan\u0131lm\u0131\u015ft\u0131r\u201d diye konu\u015ftu.<\/p>\n<p style=\"text-align: justify;\">At yar\u0131\u015f\u0131 denildi\u011finde Halis Karata\u015f ile akla gelen iki isimden biridir Selim Kaya&#8230; Ancak son zamanlarda hakk\u0131nda ortaya at\u0131lan, \u201cTer\u00f6r \u00f6rg\u00fct\u00fcyle ili\u015fkisi var\u201d iddialar\u0131 ba\u015far\u0131l\u0131 jokeyi olduk\u00e7a \u00fczm\u00fc\u015f. Konuyla ilgili olarak FANAT\u0130K\u2019e konu\u015fan Selim Kaya bu iddialar\u0131 a\u00e7\u0131k y\u00fcreklilikle yalanlad\u0131.<!--more--><\/p>\n<p style=\"text-align: justify;\">\u0130\u015fte ba\u015far\u0131l\u0131 jokeyin konuyla ilgili a\u00e7\u0131klamalar\u0131:<\/p>\n<p style=\"text-align: justify;\">\u201cYeni d\u00f6nem TJK Ba\u015fkan\u0131 \u00d6mer Faruk Girgin y\u00f6netiminin bir y\u0131ld\u0131r benimle u\u011fra\u015ft\u0131\u011f\u0131n\u0131 s\u00f6yl\u00fcyorum. Bu haberlerin ana nedeni de budur. \u00d6mer Faruk Girgin\u2019in 2004\u2019teki ba\u015fkanl\u0131k d\u00f6neminde de karde\u015fim Mehmet Kaya ve ben g\u00fcn cezas\u0131 ald\u0131k. Ancak bu tarihe kadar, TJK kuruldu\u011fundan bu yana g\u00fcn cezas\u0131 alan ve buna ek olarak antrenman cezas\u0131 verilen ba\u015fka bir jokey yok. T\u00fcz\u00fckte olabilir ama bu uygulama bu tarihte ilk bize uyguland\u0131. Bu tarihe kadar ba\u015fka bir jokeye daha g\u00fcn cezas\u0131n\u0131n yan\u0131nda antrenman cezas\u0131 verildi\u011fini ispatlas\u0131nlar, 75 milyonun \u00f6n\u00fcnde lisans\u0131m\u0131 y\u0131rtaca\u011f\u0131m. Aksini iddia edenler, bunlar\u0131 kan\u0131tlayamazlarsa yerlerini b\u0131rakacaklar m\u0131? O d\u00f6nem, bu nedenle araban\u0131n bagaj\u0131nda i\u00e7eriye girerek, sabah saatlerinde \u00e7al\u0131\u015ft\u0131rmaya mecbur oldu\u011fum atlar\u0131 piste \u00e7\u0131kard\u0131m.\u201d<\/p>\n<p style=\"text-align: justify;\"><strong>\u2018\u0130ddialar\u0131n\u0131 ispatlas\u0131nlar\u2019<\/strong><\/p>\n<p style=\"text-align: justify;\">\u201cHer y\u0131l 1 milyon lira vergi \u00f6d\u00fcyorum, bu ailemle birlikte belki 5 milyon liraya var\u0131yordur. Benim i\u00e7in ter\u00f6r \u00f6rg\u00fct\u00fcyle ba\u011flant\u0131s\u0131 var diyorlar. Ben G\u00fcneydo\u011fu\u2019luyum ve bununla gurur duyuyorum. Ben T.C. kimli\u011fimle de, \u00fclkemin bayra\u011f\u0131n\u0131 dalgaland\u0131rd\u0131\u011f\u0131m zaman da gurur duyuyorum. Bir insan Do\u011fu\u2019lu oldu\u011fu zaman zan alt\u0131nda m\u0131 b\u0131rak\u0131lmal\u0131? Bir ger\u00e7ek var ki, bu topraklar \u00f6nce Allah\u2019\u0131n sonra Mustafa Kemal Atat\u00fcrk\u2019\u00fcn sayesinde, atlar\u0131n s\u0131rt\u0131nda kazan\u0131lm\u0131\u015ft\u0131r. Ben kanun ka\u00e7a\u011f\u0131 de\u011filim. Ter\u00f6r \u00f6rg\u00fct\u00fc ile ili\u015fkim oldu\u011funu s\u00f6yleyenler, ne Selim Kaya\u2019y\u0131 ne de ailesini zan alt\u0131nda b\u0131rakamazlar. Herkes belgelerle konu\u015fmal\u0131.\u201d<\/p>\n<p style=\"text-align: justify;\"><strong>&#8216;YAL\u00c7IN KARDE\u015e\u0130MD\u0130R&#8217;<\/strong><\/p>\n<p style=\"text-align: justify;\">Yal\u00e7\u0131n Aka\u011fa\u00e7\u2019\u0131n attan d\u00fc\u015ferek sakatlanmas\u0131n\u0131n, kendi hatas\u0131 gibi g\u00f6sterilmeye \u00e7al\u0131\u015f\u0131ld\u0131\u011f\u0131n\u0131 s\u00f6yleyen Selim Kaya, \u201cYal\u00e7\u0131n karde\u015fimdir. O kazaya en \u00e7ok \u00fcz\u00fclenlerden birisiyim\u201d dedi.<\/p>\n<p style=\"text-align: justify;\">Ge\u00e7ti\u011fimiz \u00e7ar\u015famba g\u00fcn\u00fc ayn\u0131 yar\u0131\u015fta ko\u015ftuklar\u0131 Yal\u00e7\u0131n Aka\u011fa\u00e7\u2019\u0131n attan d\u00fc\u015fmesi hakk\u0131nda da a\u00e7\u0131klamalarda bulunan Selim Kaya, bu durumun kendi hatas\u0131 gibi g\u00f6sterildi\u011fini, ancak yar\u0131\u015f i\u00e7erisinde kendisine de faul yap\u0131ld\u0131\u011f\u0131n\u0131 s\u00f6yledi. Kaya, \u201cKe\u015fke di\u011fer iddialar i\u00e7in de\u011fil de karde\u015fim kadar sevdi\u011fim Yal\u00e7\u0131n Aka\u011fa\u00e7 i\u00e7in bir araya gelseydik. O g\u00fcnk\u00fc yar\u0131\u015fa gelince&#8230; Bana da faul yap\u0131ld\u0131. Ama Yal\u00e7\u0131n\u2019\u0131n d\u00fc\u015fmesinde hata benimmi\u015f gibi g\u00f6sterilmeye \u00e7al\u0131\u015f\u0131l\u0131yor. Bunlar da Selim Kaya\u2019y\u0131 karalama kampanyas\u0131n\u0131n bir par\u00e7as\u0131. 1994 y\u0131l\u0131nda ben de attan d\u00fc\u015ft\u00fcm ve 3 g\u00fcn komada kald\u0131m. Kafatas\u0131mda \u00fc\u00e7 tane \u00e7atlak olu\u015ftu. Bir\u00e7ok arkada\u015f\u0131m attan d\u00fc\u015ferek hayat\u0131n\u0131 kaybetti.<\/p>\n<p style=\"text-align: center;\"><a href=\"http:\/\/www.korhanyilmaz.com\/wp-content\/uploads\/2012\/01\/9398.jpg\"  class=\"lightview\"><img loading=\"lazy\" decoding=\"async\" class=\"aligncenter  wp-image-47399\" src=\"http:\/\/www.korhanyilmaz.com\/wp-content\/uploads\/2012\/01\/9398.jpg\" alt=\"\" width=\"381\" height=\"214\" \/><\/a><\/p>\n<p style=\"text-align: justify;\"><strong>\u2018Peki dernek nerede?\u2019<\/strong><\/p>\n<p style=\"text-align: justify;\">\u015eu anda belden a\u015fa\u011f\u0131s\u0131 tutmayan Yal\u00e7\u0131n Aka\u011fa\u00e7\u2019\u0131n ailesi peri\u015fan bir halde ve bu arkada\u015f\u0131m\u0131z\u0131n 400 bin lira geriye d\u00f6n\u00fck vergi borcu var. \u015eimdi bu durumdaki Yal\u00e7\u0131n Aka\u011fa\u00e7, geriye d\u00f6n\u00fck borcunu nas\u0131l \u00f6deyecek? Bu karde\u015fimize kim sahip \u00e7\u0131kacak? Elbette biz elimizden geldi\u011fi kadar hep yan\u0131nda olaca\u011f\u0131z. Ama yine soruyorum, Jokey Derne\u011fi nerede? Bu tarz konularda bizlerin yan\u0131nda olmayacaksa dernek neden var?<\/p>\n<p style=\"text-align: justify;\"><strong>Bu rapor 9 y\u0131ll\u0131k<\/strong><\/p>\n<p style=\"text-align: justify;\">\u201cHer askere elveri\u015fli olmayan ki\u015fi, g\u00fcnl\u00fck hayat\u0131nda i\u015fini yapamayacak diye bir kaide mi var? Varsa bu g\u00fcne kadar yar\u0131\u015f ko\u015fmama neden izin verdiler? Benim i\u00e7in \u2018deli raporu var\u2019 diyorlar. \u0130nsanlar\u0131n psikolojik olarak zor d\u00f6nemleri olabiliyor. Kim b\u00f6yle bir d\u00f6nem ge\u00e7irmeyece\u011fine dair garanti verebilir? Ben bu konuyla ilgili rapor alal\u0131 9 y\u0131l oldu. Bu s\u00fcre\u00e7te Paris\u2019te, Dubai\u2019de d\u00fcnyan\u0131n en iyi jokeylerine, en iyi atlar\u0131na kar\u015f\u0131 yar\u0131\u015ft\u0131m. O zamanlarda bu rapor kimseyi rahats\u0131z etmedi.\u201d<\/p>\n<p style=\"text-align: justify;\"><strong>&#8216;Yar\u0131\u015flar\u0131m\u0131 etkiliyor&#8217;<\/strong><\/p>\n<p style=\"text-align: justify;\">\u201cBenim, hipodroma hangi kap\u0131dan girece\u011fime ba\u015fkalar\u0131 karar veriyor. Arabam i\u00e7eriye al\u0131nm\u0131yor ya da ben ata binmeye haz\u0131rlan\u0131rken cep telefonumdan arayarak, \u201cAraban\u0131 \u00e7ekmen gerekiyor\u201d diyorlar. Bir de bunlarla u\u011fra\u015f\u0131yorum ve yar\u0131\u015f \u00f6ncesi bu davran\u0131\u015flardan etkileniyorum. \u0130nsanlar benim ismimi g\u00f6rd\u00fcklerinde yar\u0131\u015f oynuyorlar. Ben bu moralle at biniyorum. Bunu yar\u0131\u015f severlere de haks\u0131zl\u0131k olarak g\u00f6r\u00fcyorum. \u00c7\u00fcnk\u00fc benim g\u00f6revimi en iyi \u015fekilde yerine getirmem gerekiyor.\u201d<\/p>\n<p style=\"text-align: justify;\"><strong>&#8216;Yine de gururluyum&#8217;<\/strong><\/p>\n<p style=\"text-align: justify;\">\u201cBen kariyerimi yapt\u0131m. Bu iddialar benim yar\u0131\u015f hayat\u0131m\u0131 bitirecekse de bitirsin. TJK y\u00f6netiminde asil \u00fcyelerden Nusret Balkaro\u011flu hari\u00e7 di\u011ferleri bana dava a\u00e7m\u0131\u015flar. Ne kadar zorlu bir s\u00fcre\u00e7ten de ge\u00e7sem, Nusret Bey\u2019in d\u0131\u015f\u0131nda Arek Bey, Umur Tamer Bey, Yasin Ekinci Bey, Beh\u00e7et Homurlu Bey, C\u00fcneyt Bey, Yavuz Bey, Selman Ta\u015fbek Bey ve ismi akl\u0131ma gelmeyen abi-karde\u015f ili\u015fkisi i\u00e7erisinde oldu\u011fum bir\u00e7ok de\u011ferli insanla tan\u0131\u015ft\u0131\u011f\u0131m i\u00e7in ise ger\u00e7ekten gurur duyuyorum.\u201d<\/p>\n<p style=\"text-align: justify;\"><strong>&#8216;Konu\u015fuyorum \u00e7\u00fcnk\u00fc&#8230;&#8217;<\/strong><\/p>\n<p style=\"text-align: justify;\">Selim Kaya ayr\u0131ca, T\u00fcrkiye\u2019de yakla\u015f\u0131k son 10 y\u0131ld\u0131r bir tak\u0131m i\u015flerin iyiye gitti\u011fini g\u00f6rd\u00fc\u011f\u00fcn\u00fc ve bu nedenle bu a\u00e7\u0131klamalar\u0131 yapt\u0131\u011f\u0131n\u0131 s\u00f6yledi. Kaya, Bakanl\u0131k yetkililerinin yar\u0131\u015f\u00e7\u0131l\u0131k camias\u0131nda ya\u015fanan aksakl\u0131klar\u0131 d\u00fczelteceklerine inanc\u0131n\u0131n tam oldu\u011funu belirtirken, \u201c\u015eu anda do\u011frular\u0131n s\u00f6ylenebildi\u011fi bir ortam var. E\u011fer b\u00f6yle bir ortam olmasayd\u0131, inan\u0131n ben de konu\u015famazd\u0131m. Umar\u0131m bu konular\u0131n d\u0131\u015f\u0131nda birlik beraberlik i\u00e7erisinde olaca\u011f\u0131m\u0131z g\u00fcnler de gelecektir\u201d dedi.<\/p>\n<p style=\"text-align: justify;\"><strong>&#8216;Jokey Derne\u011fi ara\u015ft\u0131r\u0131ls\u0131n&#8217;<\/strong><\/p>\n<p style=\"text-align: justify;\">Selim Kaya, \u015fu anda ba\u015fkanl\u0131\u011f\u0131n\u0131 j\u00fcbilesini yapan T\u00fcrk at\u00e7\u0131l\u0131\u011f\u0131n\u0131n en \u00f6nemli jokeylerinden biri olan S\u00fcleyman Akd\u0131\u2019n\u0131n yapt\u0131\u011f\u0131 Jokeyler Derne\u011fi\u2019nin de incelenmesi gerekti\u011fini \u00f6ne s\u00fcrd\u00fc. Kaya, \u201c2007 y\u0131l\u0131na kadar tutulan dernek dosyalar\u0131n\u0131n yerinde olmad\u0131\u011f\u0131 iddias\u0131 var. 2007 sonras\u0131 belgeler ise var. \u015eimdi ben bu durumun a\u00e7\u0131k\u00e7a ortaya \u00e7\u0131kmas\u0131n\u0131 istiyorsam su\u00e7 mu?\u201d dedi. \u00d6te yandan Akd\u0131, 2007 y\u0131l\u0131nda Jokeyler Derne\u011fi ba\u015fkan\u0131 de\u011fildi.<\/p>\n\n\t\t\t\t\t\t\t<style type='text\/css'>\n\t\t\t\t\t\t\t\t#gallery-1 {\n\t\t\t\t\t\t\t\t\tmargin: auto;\n\t\t\t\t\t\t\t\t}\n\t\t\t\t\t\t\t\t#gallery-1 .gallery-item {\n\t\t\t\t\t\t\t\t\tfloat: left;\n\t\t\t\t\t\t\t\t\tmargin-top: 10px;\n\t\t\t\t\t\t\t\t\ttext-align: center;\n\t\t\t\t\t\t\t\t\twidth: 33%;\t\t\t}\n\t\t\t\t\t\t\t\t#gallery-1 img {\n\t\t\t\t\t\t\t\t\tborder: 2px solid #cfcfcf;\n\t\t\t\t\t\t\t\t}\n\t\t\t\t\t\t\t\t#gallery-1 .gallery-caption {\n\t\t\t\t\t\t\t\t\tmargin-left: 0;\n\t\t\t\t\t\t\t\t}\n\t\t\t\t\t\t\t<\/style>\n\t\t\t\t\t\t\t<!-- z-Lightview gallery shortcode, see http:\/\/www.zaikos.com\/wp-plugins\/z-lightview\/ -->\n\t\t\t\t\t\t\t<div id='gallery-1' class='gallery galleryid-47397'><dl class='gallery-item'>\n\t\t\t\t\t<dt class='gallery-icon'>\n\t\t\t\t\t\t<a href='http:\/\/www.korhanyilmaz.com\/wp-content\/uploads\/2012\/01\/9397.jpg'>9397<\/a>\n\t\t\t\t\t<\/dt><\/dl><dl class='gallery-item'>\n\t\t\t\t\t<dt class='gallery-icon'>\n\t\t\t\t\t\t<a href='http:\/\/www.korhanyilmaz.com\/wp-content\/uploads\/2012\/01\/9398.jpg'>9398<\/a>\n\t\t\t\t\t<\/dt><\/dl><dl class='gallery-item'>\n\t\t\t\t\t<dt class='gallery-icon'>\n\t\t\t\t\t\t<a href='http:\/\/www.korhanyilmaz.com\/wp-content\/uploads\/2012\/01\/9399.jpg'>9399<\/a>\n\t\t\t\t\t<\/dt><\/dl><br style=\"clear: both\" \/><dl class='gallery-item'>\n\t\t\t\t\t<dt class='gallery-icon'>\n\t\t\t\t\t\t<a href='http:\/\/www.korhanyilmaz.com\/wp-content\/uploads\/2012\/01\/9400.jpg'>9400<\/a>\n\t\t\t\t\t<\/dt><\/dl>\n\t\t\t\t\t<br style='clear: both;' \/>\n\t\t\t\t<\/div>\n\n<p style=\"text-align: justify;\">\n<p>&nbsp;<\/p>\n<p style=\"text-align: center;\">\n<p><em style=\"color: #003300;\">R\u00f6portaj: \u0130lker Ya\u011fmur<\/em><\/p>\n<p><a href=\"http:\/\/www.fanatik.com.tr\/Terorle-iliskim-olamaz_3_Detail_271_250768.htm\" target=\"_blank\">Kaynak : Fanatik.com.tr<\/a><\/p>\n","protected":false},"excerpt":{"rendered":"<p style=\"text-align: center;\">\n<p style=\"text-align: justify;\">Ter\u00f6r \u00f6rg\u00fct\u00fcyle ili\u015fkisi oldu\u011fu y\u00f6n\u00fcnde \u00e7\u0131kan haberleri yalanlayan ba\u015far\u0131l\u0131 jokey, \u201cBu topraklar \u00f6nce Allah&#8217;\u0131n sonra Mustafa Kemal Atat\u00fcrk&#8217;\u00fcn sayesinde, atlar\u0131n s\u0131rt\u0131nda kazan\u0131lm\u0131\u015ft\u0131r\u201d diye konu\u015ftu.<\/p>\n<p style=\"text-align: justify;\">At yar\u0131\u015f\u0131 denildi\u011finde Halis Karata\u015f ile akla gelen iki isimden biridir Selim Kaya&#8230; Ancak son zamanlarda hakk\u0131nda ortaya at\u0131lan, \u201cTer\u00f6r \u00f6rg\u00fct\u00fcyle ili\u015fkisi var\u201d iddialar\u0131 <\/p>\n","protected":false},"author":1,"featured_media":0,"comment_status":"open","ping_status":"open","sticky":false,"template":"","format":"standard","meta":{"footnotes":""},"categories":[42],"tags":[726,725],"class_list":["post-47397","post","type-post","status-publish","format-standard","hentry","category-spor","tag-selim-kaya","tag-yalcin-akagac","odd"],"_links":{"self":[{"href":"http:\/\/www.korhanyilmaz.com\/index.php?rest_route=\/wp\/v2\/posts\/47397","targetHints":{"allow":["GET"]}}],"collection":[{"href":"http:\/\/www.korhanyilmaz.com\/index.php?rest_route=\/wp\/v2\/posts"}],"about":[{"href":"http:\/\/www.korhanyilmaz.com\/index.php?rest_route=\/wp\/v2\/types\/post"}],"author":[{"embeddable":true,"href":"http:\/\/www.korhanyilmaz.com\/index.php?rest_route=\/wp\/v2\/users\/1"}],"replies":[{"embeddable":true,"href":"http:\/\/www.korhanyilmaz.com\/index.php?rest_route=%2Fwp%2Fv2%2Fcomments&post=47397"}],"version-history":[{"count":0,"href":"http:\/\/www.korhanyilmaz.com\/index.php?rest_route=\/wp\/v2\/posts\/47397\/revisions"}],"wp:attachment":[{"href":"http:\/\/www.korhanyilmaz.com\/index.php?rest_route=%2Fwp%2Fv2%2Fmedia&parent=47397"}],"wp:term":[{"taxonomy":"category","embeddable":true,"href":"http:\/\/www.korhanyilmaz.com\/index.php?rest_route=%2Fwp%2Fv2%2Fcategories&post=47397"},{"taxonomy":"post_tag","embeddable":true,"href":"http:\/\/www.korhanyilmaz.com\/index.php?rest_route=%2Fwp%2Fv2%2Ftags&post=47397"}],"curies":[{"name":"wp","href":"https:\/\/api.w.org\/{rel}","templated":true}]}}