{"id":47378,"date":"2012-01-23T15:06:30","date_gmt":"2012-01-23T13:06:30","guid":{"rendered":"http:\/\/www.korhanyilmaz.com\/?p=47378"},"modified":"2012-01-23T15:16:14","modified_gmt":"2012-01-23T13:16:14","slug":"milletvekilinin-romanina-teror-sorusturmasi","status":"publish","type":"post","link":"http:\/\/www.korhanyilmaz.com\/?p=47378","title":{"rendered":"Milletvekilinin roman\u0131na ter\u00f6r soru\u015fturmas\u0131"},"content":{"rendered":"<p style=\"text-align: center;\"><a href=\"http:\/\/www.korhanyilmaz.com\/wp-content\/uploads\/2012\/01\/9393.jpg\"  class=\"lightview\"><img loading=\"lazy\" decoding=\"async\" class=\"aligncenter  wp-image-47379\" src=\"http:\/\/www.korhanyilmaz.com\/wp-content\/uploads\/2012\/01\/9393.jpg\" alt=\"\" width=\"162\" height=\"252\" \/><\/a><\/p>\n<p style=\"text-align: justify;\">BDP Mu\u015f Milletvekili Demir \u00c7elik, &#8220;\u00d6zg\u00fcrl\u00fc\u011f\u00fcnde Kald\u0131 G\u00f6zlerim&#8221; isimli roman\u0131na &#8220;ter\u00f6r \u00f6rg\u00fct\u00fc propagandas\u0131&#8221; gerek\u00e7esiyle Diyarbak\u0131r Savc\u0131l\u0131\u011f\u0131nca soru\u015fturma a\u00e7\u0131ld\u0131\u011f\u0131n\u0131 s\u00f6yledi.<\/p>\n<p style=\"text-align: justify;\">BDP\u2019li \u00c7elik Meclis\u2019te d\u00fczenledi\u011fi bas\u0131n toplant\u0131s\u0131nda Diyarbak\u0131r Cumhuriyet Ba\u015fsavc\u0131l\u0131\u011f\u0131nca yazd\u0131\u011f\u0131 kitapla ilgili a\u00e7\u0131lan soru\u015fturma hakk\u0131nda bilgi verdi. Tamamen ger\u00e7ek olaylara dayanan 940 sayfal\u0131k kitab\u0131n 20-30 sayfas\u0131 bile okunmadan \u201cter\u00f6r \u00f6rg\u00fct\u00fc propagandas\u0131\u201d yapt\u0131\u011f\u0131 gerek\u00e7esiyle soru\u015fturuldu\u011funu savunan \u00c7elik ayn\u0131 ba\u015fsavc\u0131lar\u0131n kitab\u0131n \u00e7\u0131kt\u0131\u011f\u0131 ARAM Yay\u0131nevini de basarak be\u015f ayr\u0131 kitap i\u00e7in de ayn\u0131 gerek\u00e7e ile soru\u015fturma ba\u015flatt\u0131\u011f\u0131n\u0131 s\u00f6yledi.\u00a0<!--more--><\/p>\n<p style=\"text-align: justify;\">\u00c7elik, \u201cKitab\u0131m i\u00e7in ve di\u011fer kitaplar i\u00e7in a\u00e7\u0131lan soru\u015fturmalar mesnetsiz, ak\u0131l d\u0131\u015f\u0131 ithamlarda bulunularak, \u00f6zg\u00fcr d\u00fc\u015f\u00fcnce ve ifade \u00f6zg\u00fcrl\u00fc\u011f\u00fc devlet eliyle \u201cter\u00f6rize\u201d etme, \u00f6zg\u00fcr bireye ve d\u00fc\u015f\u00fcnceye pranga vurmak istenmektedir. Kitab\u0131ma addedilen su\u00e7lamaya d\u00f6n\u00fck soru\u015fturma ba\u015flatan savc\u0131, bu su\u00e7lamay\u0131 delil ya da kitab\u0131n \u015fu sayfas\u0131nda \u015fu paragrafta, \u015fu c\u00fcmlesinde \u201cter\u00f6r \u00f6rg\u00fct\u00fc propagandas\u0131 yap\u0131lm\u0131\u015ft\u0131r\u201d gibi somut bir delil ortaya koymadan, ARAM Yay\u0131nevine 20 bin TL para cezas\u0131 kesmi\u015ftir\u201d dedi. \u00c7elik\u2019in verdi\u011fi bilgiye g\u00f6re hakk\u0131nda soru\u015fturma ba\u015flat\u0131lan di\u011fer kitaplar \u015funlar:<\/p>\n<p style=\"text-align: justify;\">\u201cFevzi Yetkin\u2019in D\u00f6rtlerin Gecesi, Rojbin Peri\u015fan\u2019\u0131n G\u00f6zya\u015f\u0131m\u0131n A\u011f\u0131d\u0131yd\u0131 Seni Beklemek, \u201cSinan \u015eahin\u2019in Kimin \u0130slam\u0131, \u0130rfan Welat\u2019\u0131n 5 Nolu Cezaevi ve Musa Anter\u2019in Vakayiname ve \u00dclke G\u00fcndem Yaz\u0131lar\u0131.\u201d<\/p>\n<p style=\"text-align: justify;\"><strong>7 bask\u0131 yapm\u0131\u015f kitaba da soru\u015fturma<\/strong><\/p>\n<p style=\"text-align: justify;\">Fevzi Yetkin\u2019in \u201cD\u00f6rtlerin Gecesi adl\u0131 kitab\u0131n\u0131n ayn\u0131 yay\u0131nevinden yedi defa bas\u0131lm\u0131\u015f ve hakk\u0131nda Diyarbak\u0131r Alt\u0131nc\u0131 A\u011f\u0131r Ceza Mahkemesinin yay\u0131nlanabilir karar\u0131 bulundu\u011funu anlatan \u00c7elik, Anter\u2019in kitab\u0131yla ilgili soru\u015fturmay\u0131 ise \u015f\u00f6yle de\u011ferlendirdi:<\/p>\n<p style=\"text-align: justify;\">\u201cK\u00fcrt ayd\u0131n ve yazar\u0131 Musa Anter\u2019in katledili\u015fini ve di\u011fer faili me\u00e7hul cinayetleri tam anlam\u0131yla ayd\u0131nlatmaktan aciz olan savc\u0131lar, g\u00fc\u00e7lerini katilleri ve ba\u011fl\u0131 olduklar\u0131 di\u011fer bile\u015fenleri bulmaya ve on y\u0131llard\u0131r s\u00fcre gelen faili me\u00e7hul cinayetleri ayd\u0131nlatmaya harcamalar\u0131 gerekirken, Anter\u2019in kitaplar\u0131na soru\u015fturma a\u00e7may\u0131 daha kolay bulmu\u015fa benziyorlar\u201d dedi. \u00c7elik, Varto depreminden bu yana ya\u015fanan geli\u015fmeleri anlatan roman\u0131nda ayd\u0131n yazarlar\u0131n de\u011ferlendirmeleri, \u00e7al\u0131\u015fmalar\u0131, PKK militanlar\u0131 ile askerlerin ger\u00e7ek olaylara dayanan kar\u015f\u0131la\u015fmalar\u0131 gibi konular\u0131n anlat\u0131ld\u0131\u011f\u0131n\u0131, romandaki ifadelerin de roman\u0131n kahramanlar\u0131n\u0131n anlat\u0131mlar\u0131 oldu\u011funu s\u00f6yledi.<\/p>\n<p style=\"text-align: justify;\"><a href=\"http:\/\/www.cnnturk.com\/2012\/guncel\/01\/23\/milletvekilinin.romanina.teror.sorusturmasi\/646027.0\/index.html\" target=\"_blank\">Kaynak : CNN T\u00dcRK<\/a><\/p>\n","protected":false},"excerpt":{"rendered":"<p style=\"text-align: center;\">\n<p style=\"text-align: justify;\">BDP Mu\u015f Milletvekili Demir \u00c7elik, &#8220;\u00d6zg\u00fcrl\u00fc\u011f\u00fcnde Kald\u0131 G\u00f6zlerim&#8221; isimli roman\u0131na &#8220;ter\u00f6r \u00f6rg\u00fct\u00fc propagandas\u0131&#8221; gerek\u00e7esiyle Diyarbak\u0131r Savc\u0131l\u0131\u011f\u0131nca soru\u015fturma a\u00e7\u0131ld\u0131\u011f\u0131n\u0131 s\u00f6yledi.<\/p>\n<p style=\"text-align: justify;\">BDP\u2019li \u00c7elik Meclis\u2019te d\u00fczenledi\u011fi bas\u0131n toplant\u0131s\u0131nda Diyarbak\u0131r Cumhuriyet Ba\u015fsavc\u0131l\u0131\u011f\u0131nca yazd\u0131\u011f\u0131 kitapla ilgili a\u00e7\u0131lan soru\u015fturma hakk\u0131nda bilgi verdi. Tamamen ger\u00e7ek olaylara dayanan 940 sayfal\u0131k kitab\u0131n 20-30 sayfas\u0131 bile okunmadan \u201cter\u00f6r <\/p>\n","protected":false},"author":1,"featured_media":0,"comment_status":"open","ping_status":"open","sticky":false,"template":"","format":"standard","meta":{"footnotes":""},"categories":[105],"tags":[],"class_list":["post-47378","post","type-post","status-publish","format-standard","hentry","category-gundem","odd"],"_links":{"self":[{"href":"http:\/\/www.korhanyilmaz.com\/index.php?rest_route=\/wp\/v2\/posts\/47378","targetHints":{"allow":["GET"]}}],"collection":[{"href":"http:\/\/www.korhanyilmaz.com\/index.php?rest_route=\/wp\/v2\/posts"}],"about":[{"href":"http:\/\/www.korhanyilmaz.com\/index.php?rest_route=\/wp\/v2\/types\/post"}],"author":[{"embeddable":true,"href":"http:\/\/www.korhanyilmaz.com\/index.php?rest_route=\/wp\/v2\/users\/1"}],"replies":[{"embeddable":true,"href":"http:\/\/www.korhanyilmaz.com\/index.php?rest_route=%2Fwp%2Fv2%2Fcomments&post=47378"}],"version-history":[{"count":0,"href":"http:\/\/www.korhanyilmaz.com\/index.php?rest_route=\/wp\/v2\/posts\/47378\/revisions"}],"wp:attachment":[{"href":"http:\/\/www.korhanyilmaz.com\/index.php?rest_route=%2Fwp%2Fv2%2Fmedia&parent=47378"}],"wp:term":[{"taxonomy":"category","embeddable":true,"href":"http:\/\/www.korhanyilmaz.com\/index.php?rest_route=%2Fwp%2Fv2%2Fcategories&post=47378"},{"taxonomy":"post_tag","embeddable":true,"href":"http:\/\/www.korhanyilmaz.com\/index.php?rest_route=%2Fwp%2Fv2%2Ftags&post=47378"}],"curies":[{"name":"wp","href":"https:\/\/api.w.org\/{rel}","templated":true}]}}