{"id":47374,"date":"2012-01-23T14:25:59","date_gmt":"2012-01-23T12:25:59","guid":{"rendered":"http:\/\/www.korhanyilmaz.com\/?p=47374"},"modified":"2012-01-23T15:08:09","modified_gmt":"2012-01-23T13:08:09","slug":"uyandi-ve-tamam-dedi","status":"publish","type":"post","link":"http:\/\/www.korhanyilmaz.com\/?p=47374","title":{"rendered":"Uyand\u0131 ve &#8216;tamam&#8217; dedi!"},"content":{"rendered":"<p style=\"text-align: center;\"><a href=\"http:\/\/www.korhanyilmaz.com\/wp-content\/uploads\/2012\/01\/9392.jpg\"  class=\"lightview\"><img loading=\"lazy\" decoding=\"async\" class=\"aligncenter  wp-image-47375\" src=\"http:\/\/www.korhanyilmaz.com\/wp-content\/uploads\/2012\/01\/9392.jpg\" alt=\"\" width=\"306\" height=\"232\" \/><\/a><\/p>\n<p style=\"text-align: justify;\">T\u00fcrkiye&#8217;de ilk kez y\u00fcz nakli yap\u0131lan 19 ya\u015f\u0131ndaki U\u011fur Acar, saat 13.00 s\u0131ralar\u0131nda uyand\u0131r\u0131l\u0131rken, ilk tepkisi, ellerini yumruk yap\u0131p sa\u011f ba\u015f parma\u011f\u0131n\u0131 kald\u0131rarak &#8216;Tamam&#8217; i\u015fareti yapmak oldu.<\/p>\n<p style=\"text-align: justify;\">Sabahtan ba\u015flayan uyand\u0131rma \u00e7al\u0131\u015fmalar\u0131nda \u00f6\u011fle saatlerinde tepkiler vermeye ba\u015flayan Acar, saat 13.00 s\u0131ralar\u0131nda tamamen uyand\u0131r\u0131ld\u0131.<!--more--><\/p>\n<p style=\"text-align: justify;\">Doktorlar\u0131n ameliyat\u0131n ba\u015far\u0131l\u0131 ge\u00e7ti\u011fini ve &#8220;G\u00fczel bir y\u00fcz\u00fcn oldu&#8221; s\u00f6zlerinin ard\u0131ndan Acar, ellerini yumruk yap\u0131p sa\u011f ba\u015f parma\u011f\u0131n\u0131 havaya kald\u0131r\u0131p &#8216;Tamam&#8217; i\u015fareti yapt\u0131. Tepki s\u0131ras\u0131nda odada bulunan operasyonunun mimari Prof. Dr. \u00d6mer \u00d6zkan, &#8220;Ba\u015f parma\u011f\u0131n\u0131 kald\u0131r\u0131p &#8216;Tamam&#8217; i\u015fareti yapt\u0131. Bu g\u00fczel bir ba\u015flang\u0131\u00e7&#8221; dedi.<\/p>\n<p style=\"text-align: justify;\">Uyand\u0131r\u0131lan Acar&#8217;a y\u00fcz\u00fcn\u00fcn daha sonra g\u00f6sterilece\u011fi belirtildi.<\/p>\n<p style=\"text-align: justify;\"><strong>&#8216;Ben sab\u0131rl\u0131 bir insan\u0131m&#8217;<\/strong><\/p>\n<p style=\"text-align: justify;\">\u00d6te yandan Akdeniz \u00dcniversitesi&#8217;nde T\u00fcrkiye&#8217;de ilk kez yap\u0131lan y\u00fcz nakli operasyonu, yakla\u015f\u0131k 1.5 y\u0131ld\u0131r y\u00fcz nakli bekleyen Zonguldakl\u0131 3 \u00e7ocuk annesi 49 ya\u015f\u0131ndaki Sezgin Ergen i\u00e7in de umut oldu.<\/p>\n<p style=\"text-align: justify;\">Ad\u0131 son olarak Bodrum&#8217;da ald\u0131\u011f\u0131 sahte alkol\u00fcn ard\u0131ndan beyin \u00f6l\u00fcm\u00fc ger\u00e7ekle\u015fen Victoria Nikolaeva&#8217;n\u0131n y\u00fcz\u00fcn\u00fcn nakledilmesinin g\u00fcndeme gelmesiyle duyulan Sezgin Ergen, o g\u00fcnden beri Zonguldak&#8217;ta i\u00e7ine kapan\u0131k bir halde ya\u015f\u0131yor. Maskesiz soka\u011fa \u00e7\u0131kamad\u0131\u011f\u0131 i\u00e7in g\u00fcnlerini genelde evinde ge\u00e7irdi\u011fini s\u00f6yleyen Ergen, &#8220;Antalya&#8217;da yap\u0131lan ilk y\u00fcz nakli operasyonunu televizyonlardan izliyorum. \u0130lk nakil k\u0131smeti benim de\u011filmi\u015f. Nakil yap\u0131lan karde\u015fimin \u00f6nceki ve operasyondan sonraki g\u00f6r\u00fcnt\u00fcs\u00fc beni \u00e7ok heyecanland\u0131rd\u0131. Umutlar\u0131m bir kez daha artt\u0131. Ben sab\u0131rl\u0131 bir insan\u0131m. Uygun don\u00f6r\u00fcn bulunaca\u011f\u0131 g\u00fcn\u00fc iple \u00e7ekiyorum. Y\u00fcz nakli yap\u0131lan ilk kad\u0131n olmak istiyorum&#8221; dedi.<\/p>\n<p style=\"text-align: justify;\">D\u00fcnyan\u0131n ilgisinin \u015fu an Antalya&#8217;da oldu\u011funu da s\u00f6yleyen Ergen, &#8220;Victoria olay\u0131ndan sonra sanki insanlara k\u00fcsm\u00fc\u015ft\u00fcm. Ancak umutlar\u0131m yeniden ye\u015ferdi. Uygun don\u00f6r bulunursa sonu\u00e7lar\u0131 ne olursa olsun, uyum sa\u011flamama ihtimali de dahil her sonuca raz\u0131y\u0131m. Kendimi psikolojik olarak haz\u0131r hissediyorum&#8221; diye konu\u015ftu.<\/p>\n<p style=\"text-align: justify;\">Sezgin Ergen, 19 y\u0131l \u00f6nce e\u015finden g\u00f6rd\u00fc\u011f\u00fc bask\u0131ya dayanamayarak av t\u00fcfe\u011fini \u00e7enesine dayay\u0131p teti\u011fe basarak \u00f6lmek istemi\u015fti. Olay\u0131n ard\u0131ndan y\u00fcz\u00fc par\u00e7alanan ve 60 ameliyat ge\u00e7iren 3 \u00e7ocuk annesi Ergen, e\u015fi taraf\u0131ndan terk edilmi\u015f ve \u00e7ocuklar\u0131yla da g\u00f6r\u00fc\u015femiyordu. Ergen, ge\u00e7en y\u0131l, sahte i\u00e7kiden hayat\u0131n\u0131 kaybeden Rus rehber 22 ya\u015f\u0131ndaki Victoria Nikoloeva&#8217;n\u0131n y\u00fcz\u00fcn\u00fc istemi\u015f, ancak Rus k\u0131z\u0131n annesi kesinlikle ba\u011f\u0131\u015fa onay vermemi\u015fti.<\/p>\n<p style=\"text-align: justify;\"><a href=\"http:\/\/www.cnnturk.com\/2012\/turkiye\/01\/23\/uyandi.ve.tamam.dedi\/646021.0\/index.html\" target=\"_blank\">Kaynak : CNN T\u00dcRK<\/a><\/p>\n","protected":false},"excerpt":{"rendered":"<p style=\"text-align: center;\">\n<p style=\"text-align: justify;\">T\u00fcrkiye&#8217;de ilk kez y\u00fcz nakli yap\u0131lan 19 ya\u015f\u0131ndaki U\u011fur Acar, saat 13.00 s\u0131ralar\u0131nda uyand\u0131r\u0131l\u0131rken, ilk tepkisi, ellerini yumruk yap\u0131p sa\u011f ba\u015f parma\u011f\u0131n\u0131 kald\u0131rarak &#8216;Tamam&#8217; i\u015fareti yapmak oldu.<\/p>\n<p style=\"text-align: justify;\">Sabahtan ba\u015flayan uyand\u0131rma \u00e7al\u0131\u015fmalar\u0131nda \u00f6\u011fle saatlerinde tepkiler vermeye ba\u015flayan Acar, saat 13.00 s\u0131ralar\u0131nda tamamen uyand\u0131r\u0131ld\u0131.<\/p>\n","protected":false},"author":1,"featured_media":0,"comment_status":"open","ping_status":"open","sticky":false,"template":"","format":"standard","meta":{"footnotes":""},"categories":[105],"tags":[],"class_list":["post-47374","post","type-post","status-publish","format-standard","hentry","category-gundem","odd"],"_links":{"self":[{"href":"http:\/\/www.korhanyilmaz.com\/index.php?rest_route=\/wp\/v2\/posts\/47374","targetHints":{"allow":["GET"]}}],"collection":[{"href":"http:\/\/www.korhanyilmaz.com\/index.php?rest_route=\/wp\/v2\/posts"}],"about":[{"href":"http:\/\/www.korhanyilmaz.com\/index.php?rest_route=\/wp\/v2\/types\/post"}],"author":[{"embeddable":true,"href":"http:\/\/www.korhanyilmaz.com\/index.php?rest_route=\/wp\/v2\/users\/1"}],"replies":[{"embeddable":true,"href":"http:\/\/www.korhanyilmaz.com\/index.php?rest_route=%2Fwp%2Fv2%2Fcomments&post=47374"}],"version-history":[{"count":0,"href":"http:\/\/www.korhanyilmaz.com\/index.php?rest_route=\/wp\/v2\/posts\/47374\/revisions"}],"wp:attachment":[{"href":"http:\/\/www.korhanyilmaz.com\/index.php?rest_route=%2Fwp%2Fv2%2Fmedia&parent=47374"}],"wp:term":[{"taxonomy":"category","embeddable":true,"href":"http:\/\/www.korhanyilmaz.com\/index.php?rest_route=%2Fwp%2Fv2%2Fcategories&post=47374"},{"taxonomy":"post_tag","embeddable":true,"href":"http:\/\/www.korhanyilmaz.com\/index.php?rest_route=%2Fwp%2Fv2%2Ftags&post=47374"}],"curies":[{"name":"wp","href":"https:\/\/api.w.org\/{rel}","templated":true}]}}