{"id":47370,"date":"2012-01-23T13:52:43","date_gmt":"2012-01-23T11:52:43","guid":{"rendered":"http:\/\/www.korhanyilmaz.com\/?p=47370"},"modified":"2012-01-23T15:04:25","modified_gmt":"2012-01-23T13:04:25","slug":"genelkurmay-baskani-necdet-ozel-hakkinda-suc-duyurusu","status":"publish","type":"post","link":"http:\/\/www.korhanyilmaz.com\/?p=47370","title":{"rendered":"Genelkurmay Ba\u015fkan\u0131 Necdet \u00d6zel hakk\u0131nda su\u00e7 duyurusu"},"content":{"rendered":"<p style=\"text-align: center;\"><a href=\"http:\/\/www.korhanyilmaz.com\/wp-content\/uploads\/2012\/01\/9391.jpg\"  class=\"lightview\"><img loading=\"lazy\" decoding=\"async\" class=\"aligncenter  wp-image-47371\" src=\"http:\/\/www.korhanyilmaz.com\/wp-content\/uploads\/2012\/01\/9391.jpg\" alt=\"\" width=\"234\" height=\"222\" \/><\/a><\/p>\n<p style=\"text-align: justify;\">Bask\u0131n Oran, Ahmet \u0130nsel ve Gen\u00e7ay G\u00fcrsoy&#8217;un aralar\u0131nda bulundu\u011fu 5 ki\u015fi, &#8220;siyasi ama\u00e7la deme\u00e7 vermek&#8221; ve &#8220;yarg\u0131 g\u00f6revini yapan\u0131 etkileme&#8221; iddias\u0131yla Genelkurmay Ba\u015fkan\u0131 Orgeneral Necdet \u00d6zel hakk\u0131nda, Yarg\u0131tay Cumhuriyet Ba\u015fsavc\u0131l\u0131\u011f\u0131na su\u00e7 duyurusunda bulundu.<\/p>\n<p style=\"text-align: justify;\">Dilek\u00e7ede ismi bulunan gazeteci-yazar Ayd\u0131n Engin, akademisyen-yazar Ahmet \u0130nsel, yazar Cengiz Algan ve Prof. Dr. Gen\u00e7ay G\u00fcrsoy ad\u0131na Yarg\u0131tay Cumhuriyet Ba\u015fsavc\u0131l\u0131\u011f\u0131n\u0131n eski binas\u0131 \u00f6n\u00fcnde a\u00e7\u0131klama yapan Prof. Dr. Bask\u0131n Oran, Genelkurmay Ba\u015fkan\u0131 Orgeneral \u00d6zel&#8217;in, 5 Ocak 2012 tarihli Milliyet gazetesinde yay\u0131mlanan r\u00f6portaj\u0131nda &#8220;bir siyaset adam\u0131 gibi, sadece devlet adamlar\u0131n\u0131n \u00fczerinde konu\u015fabilece\u011fi ve karar verebilece\u011fi konularda a\u00e7\u0131klamalarda bulundu\u011funu&#8221; ifade etti.\u00a0<!--more--><\/p>\n<p style=\"text-align: justify;\">&#8220;Bu, KCK&#8217;n\u0131n ne oldu\u011fundan, PKK ile m\u00fccadelenin nas\u0131l yap\u0131lmas\u0131 gerekti\u011finden tutunuz, askeri yarg\u0131n\u0131n anayasal oldu\u011fundan ge\u00e7erek, T\u00fcrk\u00e7e&#8217;den ba\u015fka dillerin e\u011fitimde ve kamuda kullan\u0131lmamas\u0131 gerekti\u011fine var\u0131ncaya kadar \u00e7e\u015fitli siyasi m\u00fclahazalard\u0131r. Bu deme\u00e7 say\u0131n Genelkurmay ba\u015fkan\u0131n\u0131n eski Genelkurmay ba\u015fkanlar\u0131n\u0131n izinden gitti\u011fini ve siyaset yapmaya, askeri siyasete sokmaya ve m\u00fcdahale ettirmeye kararl\u0131 oldu\u011funu g\u00f6stermektedir&#8221; diye konu\u015fan Oran, bu durum i\u00e7in Askeri Ceza Kanunu&#8217;nun &#8220;siyasi ama\u00e7la deme\u00e7 verme&#8221;ye ili\u015fkin 148. maddesi uyar\u0131nca 1 ay ila 5 y\u0131l hapis, T\u00fcrk Ceza Kanunu&#8217;nun &#8220;yarg\u0131 g\u00f6revi yapan\u0131 etkileme&#8221; su\u00e7unu d\u00fczenleyen 277. maddesine g\u00f6re de 2 ila 4 y\u0131l hapis cezas\u0131 \u00f6ng\u00f6r\u00fcld\u00fc\u011f\u00fcn\u00fc ifade etti.<\/p>\n<p style=\"text-align: justify;\">AK Parti H\u00fck\u00fcmeti&#8217;nin daha \u00f6nce askerlerin siyaset yapmas\u0131na sert tepki verdi\u011fini belirten Oran, h\u00fck\u00fcmetin bu konuda hi\u00e7bir tepki g\u00f6stermedi\u011fini s\u00f6yledi.<\/p>\n<p style=\"text-align: justify;\">Bask\u0131n Oran, &#8220;Toplumun b\u00fct\u00fcn kesimlerinin sivil vesayetten bahsetti\u011fi bir d\u00f6nemde, bu son derece \u00fcz\u00fcc\u00fcd\u00fcr. Bizim i\u00e7in insan haklar\u0131na azami sayg\u0131l\u0131 bir demokrasi esast\u0131r. Dolay\u0131s\u0131yla gerek Genelkurmay ba\u015fkan\u0131n\u0131n bu demeci, gerekse h\u00fck\u00fcmetin buna tepki g\u00f6stermemesi kabul edilemez hususlard\u0131r. Gerek atanm\u0131\u015flar, gerek se\u00e7ilmi\u015fler, insan haklar\u0131na azami sayg\u0131l\u0131 bir demokrasiyi art\u0131k i\u00e7selle\u015ftirmeli ve T\u00fcrkiye&#8217;nin \u00f6n\u00fcn\u00fc a\u00e7mal\u0131d\u0131r&#8221; dedi.<\/p>\n<p style=\"text-align: justify;\">A\u00e7\u0131klaman\u0131n ard\u0131ndan, Bask\u0131n Oran ve avukat\u0131, \u00d6zel hakk\u0131ndaki su\u00e7 duyurusu dilek\u00e7esini, Yarg\u0131tay Cumhuriyet Ba\u015fsavc\u0131l\u0131\u011f\u0131na sundu.<\/p>\n<p style=\"text-align: justify;\"><strong>Dilek\u00e7eden\u00a0<\/strong><\/p>\n<p style=\"text-align: justify;\">Orgeneral \u00d6zel&#8217;in, Milliyet gazetesinde &#8220;PKK&#8217;n\u0131n ad\u0131n\u0131 g\u00fcndemden silece\u011fiz&#8221; ba\u015fl\u0131\u011f\u0131yla yay\u0131mlanan r\u00f6portaj\u0131 incelendi\u011finde, bir kamu g\u00f6revlisi olarak Askeri Ceza Kanunu ve T\u00fcrk Ceza Kanunu taraf\u0131ndan yasaklanan eylemleri ger\u00e7ekle\u015ftirdi\u011fi savunulan dilek\u00e7ede, r\u00f6portajda yer alan konular hat\u0131rlat\u0131ld\u0131. Dilek\u00e7ede, \u015funlar kaydedildi:<\/p>\n<p style=\"text-align: justify;\">&#8220;Yak\u0131n\u0131lan ki\u015fi, T\u00fcrk Silahl\u0131 Kuvvetlerinin en y\u00fcksek askeri y\u00f6neticisidir. Elinde silah bulunduran bir kurumun en \u00fcst d\u00fczeyde amiri olan yak\u0131n\u0131lan\u0131n, askerin siyasete m\u00fcdahalesinin, bir anayasal rejim sorunu haline geldi\u011fi bir \u00fclkede, bu bi\u00e7imde a\u00e7\u0131klamalarda bulunmas\u0131, Askeri Ceza Kanunu&#8217;nun 148. maddesinde d\u00fczenlenen &#8216;siyasi konularda deme\u00e7 verme yasa\u011f\u0131n\u0131&#8217; ihlal etti\u011fi gibi, halen devam eden onlarca davada yarg\u0131lanmakta olan KCK yap\u0131lanmas\u0131na ili\u015fkin bilgi ve y\u00f6nlendirmeler nedeniyle T\u00fcrk Ceza Kanunu 277. maddede d\u00fczenlenen, yarg\u0131 g\u00f6revi yapanlara telkinde bulunma yasa\u011f\u0131n\u0131 da ihlal etmi\u015ftir. Anayasan\u0131n 148. maddesine g\u00f6re yak\u0131n\u0131lan hakk\u0131nda soru\u015fturma yetkisi savc\u0131l\u0131\u011f\u0131n\u0131za, yarg\u0131lama yetkisi ise Anayasa Mahkemesine verilmi\u015ftir. Buna g\u00f6re halen Genelkurmay ba\u015fkanl\u0131\u011f\u0131 g\u00f6revini y\u00fcr\u00fcten yak\u0131n\u0131lan Necdet \u00d6zel hakk\u0131nda su\u00e7 duyurusunda bulunur, s\u00f6z konusu g\u00f6revli hakk\u0131nda 5 Ocak 2012 tarihinde Milliyet gazetesinde yay\u0131mlanan demecine ili\u015fkin olarak Anayasan\u0131n 148. maddesinin 7. ve 8. f\u0131kralar\u0131ndaki yetkilendirme gere\u011fi soru\u015fturma a\u00e7\u0131lmas\u0131n\u0131 dileriz.&#8221;<\/p>\n<p style=\"text-align: justify;\"><a href=\"http:\/\/www.cnnturk.com\/2012\/turkiye\/01\/23\/genelkurmay.baskani.necdet.ozel.hakkinda.suc.duyurusu\/646002.0\/index.html\" target=\"_blank\">Kaynak : CNN T\u00dcRK<\/a><\/p>\n","protected":false},"excerpt":{"rendered":"<p style=\"text-align: center;\">\n<p style=\"text-align: justify;\">Bask\u0131n Oran, Ahmet \u0130nsel ve Gen\u00e7ay G\u00fcrsoy&#8217;un aralar\u0131nda bulundu\u011fu 5 ki\u015fi, &#8220;siyasi ama\u00e7la deme\u00e7 vermek&#8221; ve &#8220;yarg\u0131 g\u00f6revini yapan\u0131 etkileme&#8221; iddias\u0131yla Genelkurmay Ba\u015fkan\u0131 Orgeneral Necdet \u00d6zel hakk\u0131nda, Yarg\u0131tay Cumhuriyet Ba\u015fsavc\u0131l\u0131\u011f\u0131na su\u00e7 duyurusunda bulundu.<\/p>\n<p style=\"text-align: justify;\">Dilek\u00e7ede ismi bulunan gazeteci-yazar Ayd\u0131n Engin, akademisyen-yazar Ahmet \u0130nsel, yazar Cengiz Algan ve Prof. Dr. <\/p>\n","protected":false},"author":1,"featured_media":0,"comment_status":"open","ping_status":"open","sticky":false,"template":"","format":"standard","meta":{"footnotes":""},"categories":[105],"tags":[],"class_list":["post-47370","post","type-post","status-publish","format-standard","hentry","category-gundem","odd"],"_links":{"self":[{"href":"http:\/\/www.korhanyilmaz.com\/index.php?rest_route=\/wp\/v2\/posts\/47370","targetHints":{"allow":["GET"]}}],"collection":[{"href":"http:\/\/www.korhanyilmaz.com\/index.php?rest_route=\/wp\/v2\/posts"}],"about":[{"href":"http:\/\/www.korhanyilmaz.com\/index.php?rest_route=\/wp\/v2\/types\/post"}],"author":[{"embeddable":true,"href":"http:\/\/www.korhanyilmaz.com\/index.php?rest_route=\/wp\/v2\/users\/1"}],"replies":[{"embeddable":true,"href":"http:\/\/www.korhanyilmaz.com\/index.php?rest_route=%2Fwp%2Fv2%2Fcomments&post=47370"}],"version-history":[{"count":0,"href":"http:\/\/www.korhanyilmaz.com\/index.php?rest_route=\/wp\/v2\/posts\/47370\/revisions"}],"wp:attachment":[{"href":"http:\/\/www.korhanyilmaz.com\/index.php?rest_route=%2Fwp%2Fv2%2Fmedia&parent=47370"}],"wp:term":[{"taxonomy":"category","embeddable":true,"href":"http:\/\/www.korhanyilmaz.com\/index.php?rest_route=%2Fwp%2Fv2%2Fcategories&post=47370"},{"taxonomy":"post_tag","embeddable":true,"href":"http:\/\/www.korhanyilmaz.com\/index.php?rest_route=%2Fwp%2Fv2%2Ftags&post=47370"}],"curies":[{"name":"wp","href":"https:\/\/api.w.org\/{rel}","templated":true}]}}