{"id":47361,"date":"2012-01-23T13:21:16","date_gmt":"2012-01-23T11:21:16","guid":{"rendered":"http:\/\/www.korhanyilmaz.com\/?p=47361"},"modified":"2012-01-23T14:51:07","modified_gmt":"2012-01-23T12:51:07","slug":"esiniz-sehit-ama-oyle-sehit-degil","status":"publish","type":"post","link":"http:\/\/www.korhanyilmaz.com\/?p=47361","title":{"rendered":"E\u015finiz \u015fehit ama \u00f6yle \u015fehit de\u011fil"},"content":{"rendered":"<p style=\"text-align: justify;\">\n<p style=\"text-align: center;\"><a href=\"http:\/\/www.korhanyilmaz.com\/wp-content\/uploads\/2012\/01\/93891.jpg\"  class=\"lightview\"><img loading=\"lazy\" decoding=\"async\" class=\"aligncenter  wp-image-47363\" src=\"http:\/\/www.korhanyilmaz.com\/wp-content\/uploads\/2012\/01\/93891.jpg\" alt=\"\" width=\"315\" height=\"189\" \/><\/a><\/p>\n<p style=\"text-align: justify;\">\u00d6\u011fretmen Hacer \u00d6zt\u00fcrk, 1 Haziran 2011\u2019de \u0130ngilizce \u00f6\u011fretmeni olarak \u015eanl\u0131urfa\u2019n\u0131n Hilvan il\u00e7esine atand\u0131.<\/p>\n<p style=\"text-align: justify;\">O d\u00f6nem 5 ayl\u0131k hamile olan Hacer \u00d6zt\u00fcrk, \u0130zmir 2\u2019nci Ana Jet \u00dcs Komutanl\u0131\u011f\u0131\u2019nda g\u00f6rev yapan e\u015fi Kurmay Pilot Y\u00fczba\u015f\u0131 Hasan \u00d6zt\u00fcrk\u2019\u00fc b\u0131rak\u0131p g\u00f6reve ba\u015flad\u0131. Ancak 44 g\u00fcn sonra, 13 Temmuz 2011\u2019de Hasan \u00d6zt\u00fcrk\u2019\u00fcn u\u00e7a\u011f\u0131 G\u00fczelbah\u00e7e\u2019de d\u00fc\u015ft\u00fc.\u00a0<!--more--><\/p>\n<p style=\"text-align: justify;\">Hacer \u00d6zt\u00fcrk e\u015finin \u015fehit olmas\u0131n\u0131n ard\u0131ndan 3 ayl\u0131k bebe\u011fiyle Ayd\u0131n, Nazilli\u2019de ya\u015fayan ailesinin yan\u0131na yerle\u015fmeye karar verdi. Milli E\u011fitim Bakanl\u0131\u011f\u0131\u2019na ba\u015fvuran Hacer \u00d6zt\u00fcrk, \u015fehit e\u015flerine tan\u0131nan tayin hakk\u0131yla Nazilli\u2019ye atanmak istedi. Ancak bakanl\u0131k yetkilileri, \u201cE\u015finiz \u015fehit ama ter\u00f6r \u015fehidi de\u011fil. Tayin hakk\u0131n\u0131z yok\u201d cevab\u0131n\u0131 verdi. Ard\u0131ndan ba\u015fvurusunu yenileyen \u00d6zt\u00fcrk\u2019e bu kez de, \u201cE\u015finiz \u015fehit oldu\u011funda hen\u00fcz g\u00f6reve ba\u015flamad\u0131\u011f\u0131n\u0131z i\u00e7in tayin hakk\u0131n\u0131z yok\u201d denildi. \u00dccretsiz izne ayr\u0131lan \u00d6zt\u00fcrk, \u015eanl\u0131urfa \u0130dare Mahkemesi\u2019ne dava a\u00e7t\u0131. Dilek\u00e7esinde, Milli E\u011fitim Bakanl\u0131\u011f\u0131 \u00d6\u011fretmenleri Atama ve Yer De\u011fi\u015ftirme Y\u00f6netmeli\u011fi\u2019nin 39\u2019uncu maddesinde yer alan, \u201cE\u015fi \u015fehit ya da malul gazi olan \u00f6\u011fretmenler olay\u0131n meydana geldi\u011fi tarihten itibaren 6 ay i\u00e7inde yer de\u011fi\u015ftirme talebinde bulunabilirler\u201d h\u00fckm\u00fcne yer veren \u00d6zt\u00fcrk, hukuka ayk\u0131r\u0131 ve keyfi bir uygulamayla kar\u015f\u0131 kar\u015f\u0131ya kald\u0131\u011f\u0131n\u0131 belirterek y\u00fcr\u00fctmeyi durdurma karar\u0131 verilmesini talep etti.<\/p>\n<p style=\"text-align: justify;\">\u00d6zt\u00fcrk, isyan dolu dava dilek\u00e7esinde \u015fu g\u00f6r\u00fc\u015flere yer verdi: \u201cHamileli\u011fimin en kritik d\u00f6neminde b\u00f6ylesine ac\u0131 bir olayla y\u00fcz y\u00fcze kalmak, bebe\u011fimin de sa\u011fl\u0131\u011f\u0131n\u0131 tehlikeye atm\u0131\u015ft\u0131r. Ancak yukar\u0131da izah etti\u011fim \u015fekilde Milli E\u011fitim Bakanl\u0131\u011f\u0131\u2019n\u0131n tamamen mevzuattan do\u011fan haklar\u0131m\u0131 hi\u00e7e sayarak a\u00e7\u0131k\u00e7a hukuka ayk\u0131r\u0131 ve keyfi bir \u015fekilde beni yaln\u0131z ba\u015f\u0131ma, hi\u00e7bir yak\u0131n\u0131m\u0131n olmad\u0131\u011f\u0131, daha \u00f6nce hi\u00e7 gitmedi\u011fim bir yerde, bu durumdayken ve hayat\u0131m\u0131n b\u00f6ylesi zor, korunmaya muhta\u00e7, ilgiye alakaya ihtiya\u00e7 duydu\u011fum bir d\u00f6neminde \u00e7al\u0131\u015fmak zorunda b\u0131rakmas\u0131, hem bende hem yeni do\u011fan bebe\u011fimde telafisi g\u00fc\u00e7 ve imkans\u0131z bir tak\u0131m zararlara yol a\u00e7acakt\u0131r. \u00c7\u00fcnk\u00fc b\u00f6yle bir d\u00f6nemde hayat\u0131m\u0131 tek ba\u015f\u0131na idame ettirebilmem m\u00fcmk\u00fcn de\u011fildir. Milli E\u011fitim Bakanl\u0131\u011f\u0131\u2019n\u0131n ilgili t\u00fcm y\u00f6neticileri taraf\u0131ndan anlams\u0131z bir muameleye tabi tutulmaktay\u0131m. \u00d6z vatan\u0131m\u0131zda adeta d\u0131\u015flanmaktay\u0131z. Ya\u015fad\u0131\u011f\u0131m soruna acilen bir \u00e7\u00f6z\u00fcm bulunmas\u0131 gerekmektedir. Aksi takdirde \u015eanl\u0131urfa\u2019ya bu halde ve yeni do\u011fmu\u015f k\u0131z\u0131mla bir ba\u015f\u0131ma gitmem m\u00fcmk\u00fcn de\u011fildir.\u201d<\/p>\n<p style=\"text-align: justify;\"><a href=\"http:\/\/www.hurriyet.com.tr\/gundem\/19747754.asp\" target=\"_blank\">Kaynak : H\u00fcrriyet.com.tr<\/a><\/p>\n","protected":false},"excerpt":{"rendered":"<p style=\"text-align: justify;\">\n<p style=\"text-align: center;\">\n<p style=\"text-align: justify;\">\u00d6\u011fretmen Hacer \u00d6zt\u00fcrk, 1 Haziran 2011\u2019de \u0130ngilizce \u00f6\u011fretmeni olarak \u015eanl\u0131urfa\u2019n\u0131n Hilvan il\u00e7esine atand\u0131.<\/p>\n<p style=\"text-align: justify;\">O d\u00f6nem 5 ayl\u0131k hamile olan Hacer \u00d6zt\u00fcrk, \u0130zmir 2\u2019nci Ana Jet \u00dcs Komutanl\u0131\u011f\u0131\u2019nda g\u00f6rev yapan e\u015fi Kurmay Pilot Y\u00fczba\u015f\u0131 Hasan \u00d6zt\u00fcrk\u2019\u00fc b\u0131rak\u0131p g\u00f6reve ba\u015flad\u0131. Ancak 44 g\u00fcn sonra, 13 Temmuz 2011\u2019de <\/p>\n","protected":false},"author":1,"featured_media":0,"comment_status":"open","ping_status":"open","sticky":false,"template":"","format":"standard","meta":{"footnotes":""},"categories":[105],"tags":[],"class_list":["post-47361","post","type-post","status-publish","format-standard","hentry","category-gundem","odd"],"_links":{"self":[{"href":"http:\/\/www.korhanyilmaz.com\/index.php?rest_route=\/wp\/v2\/posts\/47361","targetHints":{"allow":["GET"]}}],"collection":[{"href":"http:\/\/www.korhanyilmaz.com\/index.php?rest_route=\/wp\/v2\/posts"}],"about":[{"href":"http:\/\/www.korhanyilmaz.com\/index.php?rest_route=\/wp\/v2\/types\/post"}],"author":[{"embeddable":true,"href":"http:\/\/www.korhanyilmaz.com\/index.php?rest_route=\/wp\/v2\/users\/1"}],"replies":[{"embeddable":true,"href":"http:\/\/www.korhanyilmaz.com\/index.php?rest_route=%2Fwp%2Fv2%2Fcomments&post=47361"}],"version-history":[{"count":0,"href":"http:\/\/www.korhanyilmaz.com\/index.php?rest_route=\/wp\/v2\/posts\/47361\/revisions"}],"wp:attachment":[{"href":"http:\/\/www.korhanyilmaz.com\/index.php?rest_route=%2Fwp%2Fv2%2Fmedia&parent=47361"}],"wp:term":[{"taxonomy":"category","embeddable":true,"href":"http:\/\/www.korhanyilmaz.com\/index.php?rest_route=%2Fwp%2Fv2%2Fcategories&post=47361"},{"taxonomy":"post_tag","embeddable":true,"href":"http:\/\/www.korhanyilmaz.com\/index.php?rest_route=%2Fwp%2Fv2%2Ftags&post=47361"}],"curies":[{"name":"wp","href":"https:\/\/api.w.org\/{rel}","templated":true}]}}