{"id":47356,"date":"2012-01-23T11:57:46","date_gmt":"2012-01-23T09:57:46","guid":{"rendered":"http:\/\/www.korhanyilmaz.com\/?p=47356"},"modified":"2012-01-23T13:02:19","modified_gmt":"2012-01-23T11:02:19","slug":"durusmaya-katilanlari-dagitan-soru","status":"publish","type":"post","link":"http:\/\/www.korhanyilmaz.com\/?p=47356","title":{"rendered":"Duru\u015fmaya kat\u0131lanlar\u0131 da\u011f\u0131tan soru"},"content":{"rendered":"<p style=\"text-align: center;\"><a href=\"http:\/\/www.korhanyilmaz.com\/wp-content\/uploads\/2012\/01\/9388.jpg\"  class=\"lightview\"><img loading=\"lazy\" decoding=\"async\" class=\"aligncenter  wp-image-47357\" src=\"http:\/\/www.korhanyilmaz.com\/wp-content\/uploads\/2012\/01\/9388.jpg\" alt=\"\" width=\"398\" height=\"222\" \/><\/a><\/p>\n<p style=\"text-align: justify;\">Oda tv davas\u0131 devam ediyor. Duru\u015fman\u0131n ba\u015flang\u0131c\u0131nda salona al\u0131nan Nedim \u015eener, \u00f6yle bir soru sordu ki izleyenler bo\u011faz\u0131na yumruk yemi\u015f gibi oldu. \u015eener, e\u015fine d\u00f6nerek &#8216;K\u0131z\u0131m\u0131z Vecide&#8217;nin karnesi nas\u0131l?&#8217; diye sordu, salondakilerin g\u00f6zleri doldu.\u00a0<!--more--><\/p>\n<p style=\"text-align: justify;\">\u0130stanbul Adalet Saray\u0131&#8217;ndaki \u00f6zel yetkili \u0130stanbul 16. A\u011f\u0131r Ceza Mahkemesinde g\u00f6r\u00fclen duru\u015fmaya, tutuklu san\u0131klar Prof. Dr. Yal\u00e7\u0131n K\u00fc\u00e7\u00fck, eski Emniyet M\u00fcd\u00fcr\u00fc Hanefi Avc\u0131, gazeteciler Nedim \u015eener, Ahmet \u015e\u0131k, Soner Yal\u00e7\u0131n, \u015e\u00fckr\u00fc Do\u011fan Yurdakul, Bar\u0131\u015f Terko\u011flu, Bar\u0131\u015f Pehlivan, Muhammet Sait \u00c7ak\u0131r, Co\u015fkun Musluk, M\u00fcyesser U\u011fur ile tutuksuz san\u0131klar \u0130klim Ayfer Kaleli ve Ahmet M\u00fcmtaz \u0130dil kat\u0131ld\u0131. Davan\u0131n tutuklu san\u0131klar\u0131ndan Ka\u015fif Kozino\u011flu ise cezaevinde rahats\u0131zlanarak 12 Kas\u0131m 2011 tarihinde hayat\u0131n\u0131 kaybetmi\u015fti. Mahkeme Ba\u015fkan\u0131 Mehmet Ekinci, bir \u00f6nceki celse verilen ara karar do\u011frultusunda Kozino\u011flu dosyas\u0131n\u0131n davadan ayr\u0131ld\u0131\u011f\u0131n\u0131 ve emanete al\u0131nan e\u015fyalar\u0131n\u0131n da ailesine verildi\u011fini a\u00e7\u0131klad\u0131.<\/p>\n<p style=\"text-align: justify;\"><strong>NAZLI ILICAK \u015e\u0130KAYET\u0130NDEN VAZGE\u00c7T\u0130\u00a0<\/strong><\/p>\n<p style=\"text-align: justify;\">Ba\u015fkan Ekinci, davan\u0131n tek m\u00fc\u015ftekisi olan gazeteci yazar Nazl\u0131 Il\u0131cak&#8217;\u0131n celse aras\u0131nda mahkemeye gelerek ifade verdi\u011fini ve \u015fikayetinden vazge\u00e7ti\u011fini s\u00f6yledi\u011fini belirtti.<\/p>\n<p style=\"text-align: justify;\">Duru\u015fmaya, savc\u0131 Ufuk Ermertcan&#8217;\u0131n sa\u011fl\u0131k sorunlar\u0131 nedeniyle izin almas\u0131 dolay\u0131s\u0131yla \u00f6zel yetkili \u0130stanbul Cumhuriyet Savc\u0131s\u0131 Mehmet Berk kat\u0131ld\u0131.<\/p>\n<p style=\"text-align: justify;\">San\u0131k Hanefi Avc\u0131&#8217;n\u0131n savunmas\u0131yla devam eden duru\u015fmay\u0131, CHP Denizli Milletvekili \u0130lhan Cihaner, CHP \u0130stanbul Milletvekili Oktay Ek\u015fi ve gazeteci yazar Ru\u015fen \u00c7ak\u0131r ile baz\u0131 yabanc\u0131 bas\u0131n mensuplar\u0131 da izliyor.<\/p>\n<p style=\"text-align: justify;\"><strong>\u015eENER&#8217;DEN E\u015e\u0130NE: KIZIMIZIN KARNES\u0130 NASIL?\u00a0<\/strong><\/p>\n<p style=\"text-align: justify;\">Duru\u015fmada Nedim \u015eener&#8217;in e\u015fine d\u00f6nerek sordu\u011fu &#8216;K\u0131z\u0131m\u0131z Vecide&#8217;nin karnesi nas\u0131l?&#8217; sorusu salondakilere duygusal anlar ya\u015fatt\u0131.<\/p>\n<p style=\"text-align: justify;\">Duru\u015fmada s\u00f6z almak isteyen Nedim \u015eener, &#8220;Savunmam eksik kalm\u0131\u015f. Bir \u00f6nceki duru\u015fmada k\u0131sa kesmek zorunda kalm\u0131\u015ft\u0131m. Devam etmek isterim&#8221; dedi.<\/p>\n<p style=\"text-align: justify;\">Bir \u00f6nceki duru\u015fmada tutukluluk karar\u0131 san\u0131klar adliye saray\u0131n\u0131n nezarethanesinde bekletilirken avukatlara a\u00e7\u0131klanm\u0131\u015ft\u0131. Yal\u00e7\u0131n K\u00fc\u00e7\u00fck bu duruma itiraz etti. K\u00fc\u00e7\u00fck, &#8220;Karar\u0131n y\u00fcz\u00fcm\u00fcze okunmamas\u0131 hukuka ayk\u0131r\u0131d\u0131r. 50-60 y\u0131ld\u0131r yarg\u0131lan\u0131r\u0131m. Karar\u0131n y\u00fcz\u00fcm\u00fcze okunmas\u0131 laz\u0131m&#8221; diye konu\u015ftu.<\/p>\n<p style=\"text-align: justify;\">Yal\u00e7\u0131n K\u00fc\u00e7\u00fck savunmas\u0131nda &#8221;Ben Yal\u00e7\u0131n K\u00fc\u00e7\u00fck&#8217;\u00fcm. Beni 100 y\u0131l mahkum edin bir \u015fey demiyorum. Bana lay\u0131k olan bir duru\u015fma istiyorum&#8221; ifadelerini kulland\u0131.<\/p>\n<p style=\"text-align: justify;\"><a href=\"http:\/\/www.hurriyet.com.tr\/gundem\/19749522.asp\" target=\"_blank\">Kaynak : H\u00fcrriyet.com.tr<\/a><\/p>\n","protected":false},"excerpt":{"rendered":"<p style=\"text-align: center;\">\n<p style=\"text-align: justify;\">Oda tv davas\u0131 devam ediyor. Duru\u015fman\u0131n ba\u015flang\u0131c\u0131nda salona al\u0131nan Nedim \u015eener, \u00f6yle bir soru sordu ki izleyenler bo\u011faz\u0131na yumruk yemi\u015f gibi oldu. \u015eener, e\u015fine d\u00f6nerek &#8216;K\u0131z\u0131m\u0131z Vecide&#8217;nin karnesi nas\u0131l?&#8217; diye sordu, salondakilerin g\u00f6zleri doldu. <\/p>\n","protected":false},"author":1,"featured_media":0,"comment_status":"open","ping_status":"open","sticky":false,"template":"","format":"standard","meta":{"footnotes":""},"categories":[105],"tags":[498,723],"class_list":["post-47356","post","type-post","status-publish","format-standard","hentry","category-gundem","tag-nedim-sener","tag-oda-tv-davasi","odd"],"_links":{"self":[{"href":"http:\/\/www.korhanyilmaz.com\/index.php?rest_route=\/wp\/v2\/posts\/47356","targetHints":{"allow":["GET"]}}],"collection":[{"href":"http:\/\/www.korhanyilmaz.com\/index.php?rest_route=\/wp\/v2\/posts"}],"about":[{"href":"http:\/\/www.korhanyilmaz.com\/index.php?rest_route=\/wp\/v2\/types\/post"}],"author":[{"embeddable":true,"href":"http:\/\/www.korhanyilmaz.com\/index.php?rest_route=\/wp\/v2\/users\/1"}],"replies":[{"embeddable":true,"href":"http:\/\/www.korhanyilmaz.com\/index.php?rest_route=%2Fwp%2Fv2%2Fcomments&post=47356"}],"version-history":[{"count":0,"href":"http:\/\/www.korhanyilmaz.com\/index.php?rest_route=\/wp\/v2\/posts\/47356\/revisions"}],"wp:attachment":[{"href":"http:\/\/www.korhanyilmaz.com\/index.php?rest_route=%2Fwp%2Fv2%2Fmedia&parent=47356"}],"wp:term":[{"taxonomy":"category","embeddable":true,"href":"http:\/\/www.korhanyilmaz.com\/index.php?rest_route=%2Fwp%2Fv2%2Fcategories&post=47356"},{"taxonomy":"post_tag","embeddable":true,"href":"http:\/\/www.korhanyilmaz.com\/index.php?rest_route=%2Fwp%2Fv2%2Ftags&post=47356"}],"curies":[{"name":"wp","href":"https:\/\/api.w.org\/{rel}","templated":true}]}}