{"id":4735,"date":"2009-03-09T14:59:35","date_gmt":"2009-03-09T12:59:35","guid":{"rendered":"http:\/\/www.korhanyilmaz.com\/?p=4735"},"modified":"2009-03-09T14:59:35","modified_gmt":"2009-03-09T12:59:35","slug":"kemal-kilicdaroglu%e2%80%99na-afis-ve-%e2%80%98kitap%e2%80%99-tuzagi","status":"publish","type":"post","link":"http:\/\/www.korhanyilmaz.com\/?p=4735","title":{"rendered":"Kemal K\u0131l\u0131\u00e7daro\u011flu\u2019na afi\u015f ve \u2018kitap\u2019 tuza\u011f\u0131"},"content":{"rendered":"<p style=\"text-align: center;\"><a href=\"http:\/\/www.korhanyilmaz.com\/wp-content\/uploads\/2009\/03\/100320090430421865835.jpg\"  class=\"lightview\"><img loading=\"lazy\" decoding=\"async\" class=\"aligncenter size-full wp-image-4736\" title=\"Kemal K\u0131l\u0131\u00e7daro\u011flu\u2019na afi\u015f ve \u2018kitap\u2019 tuza\u011f\u0131 \" src=\"http:\/\/www.korhanyilmaz.com\/wp-content\/uploads\/2009\/03\/100320090430421865835.jpg\" alt=\"Kemal K\u0131l\u0131\u00e7daro\u011flu\u2019na afi\u015f ve \u2018kitap\u2019 tuza\u011f\u0131 \" width=\"376\" height=\"240\" \/><\/a><\/p>\n<p style=\"text-align: justify;\">\u0130stanbul ve Ankara&#8217;da \u00e7e\u015fitli noktalarda billboardlara as\u0131lan ve CHP&#8217;nin \u0130stanbul aday\u0131 Kemal K\u0131l\u0131\u00e7daro\u011flu&#8217;nu su\u00e7layan &#8220;Dosyac\u0131 Kemal&#8217;in Dosyas\u0131&#8221; adl\u0131 kitap tart\u0131\u015fma yaratt\u0131. Kitapta K\u0131l\u0131\u00e7daro\u011flu&#8217;nun ter\u00f6r \u00f6rg\u00fct\u00fc \u00fcyelerini i\u015fe ald\u0131\u011f\u0131 ve yak\u0131nlar\u0131na ihalelerde rant sa\u011flay\u0131p, b\u00f6l\u00fcc\u00fcl\u00fck yapt\u0131\u011f\u0131 ve Bat\u0131 \u00c7al\u0131\u015fma Grubu taraf\u0131ndan fi\u015flendi\u011fi iddialar\u0131 yer al\u0131yor. Yazar\u0131n\u0131n m\u00fcstear isim kullanmas\u0131 kitab\u0131n bir kar\u015f\u0131 propaganda arac\u0131 olarak kullanmak i\u00e7in haz\u0131rland\u0131\u011f\u0131 izlenimi uyand\u0131rd\u0131.<!--more--><\/p>\n<p style=\"text-align: justify;\"><a href=\"http:\/\/foto.gazetevatan.com\/newpics\/news\/090320091457102283831_3.jpg\"><img loading=\"lazy\" decoding=\"async\" style=\"margin-left: 10px; margin-right: 10px;\" src=\"http:\/\/foto.gazetevatan.com\/newpics\/news\/090320091457102283831_3.jpg\" alt=\"\" width=\"400\" height=\"206\" align=\"right\" \/><\/a> <strong>M\u00fcstear isimle yaz\u0131ld\u0131<\/strong><\/p>\n<p style=\"text-align: justify;\">Daha \u00f6nce \u00e7e\u015fitli gazete ve internet sitelerinde g\u00fcndeme gelen iddialar\u0131n derlenmesinden ibaret olan kitab\u0131n yazar\u0131 g\u00f6z\u00fcken Arif B\u00fclent&#8217;in kim oldu\u011fu belirlenemedi. Ayn\u0131 isimle birincikuvvet.com adl\u0131 sitede de yaz\u0131lar kaleme al\u0131n\u0131yor. Hayali yazar\u0131n k\u00f6\u015fe yazarl\u0131\u011f\u0131 yapt\u0131\u011f\u0131 birincikuvvet.com adl\u0131 site 9 ay \u00f6nce kuruldu. Sitenin Ankara temsilcisi Mesut Karaa\u011fa\u00e7, yazar\u0131n gazetecilik yapt\u0131\u011f\u0131n\u0131 ve daha \u00f6nce bir gazetede \u00e7al\u0131\u015ft\u0131\u011f\u0131n\u0131 s\u00f6yledi ama ger\u00e7ek kimli\u011fini a\u00e7\u0131klamad\u0131.<\/p>\n<p style=\"text-align: justify;\"><strong>425 bin TL \u00f6dendi?<\/strong><\/p>\n<p style=\"text-align: justify;\">Takma isim kullanmay\u0131 yazar\u0131n istedi\u011fini belirten kitab\u0131 yay\u0131nlayan Anekdot Kitapevi&#8217;nin sahibi Ali K\u00f6stekli &#8216;Yazar bize bir ay \u00f6nce geldi. K\u0131l\u0131\u00e7daro\u011flu hakk\u0131nda daha \u00f6nce yay\u0131nlanan bilgilerin derlenmesiyle olu\u015fan kitab\u0131 yay\u0131nlamaya karar verdik&#8221; dedi.<\/p>\n<p style=\"text-align: justify;\">Kitab\u0131n tan\u0131t\u0131m\u0131 i\u00e7in kullan\u0131lan billboard ilanlar\u0131 da soru i\u015faretine neden oldu. \u0130lanlar\u0131n maliyeti dudak u\u00e7uklatan cinsten. Yay\u0131nevi sahibi K\u00f6stekli \u0130stanbul ve Ankara&#8217;da toplam 500 billboarda ilan verdiklerini s\u00f6yledi. 10 bin adet bas\u0131lan ve 12 TL&#8217;den sat\u0131lan kitap i\u00e7in astronomik bir reklam giderinin harcand\u0131\u011f\u0131 ortaya \u00e7\u0131kt\u0131. Billboardlarda 1 panoda 1 hafta boyunca ilan yay\u0131nlayabilmek i\u00e7in 850 TL \u00f6denmesi gerekiyor. Bu durumda 500 pano i\u00e7in harcanan para 425 bin TL&#8217;yi buluyor. Yay\u0131nevi 10 bin adet bas\u0131lan kitab\u0131n tamam\u0131n\u0131 satsa bile 120 bin TL sat\u0131\u015f geliri elde ediyor. &#8220;120 bin TLciro i\u00e7in neden 425 bin TL billboard \u00fccreti verdiniz?&#8221; diye sordu\u011fumuzda K\u00f6stekli &#8220;Yorum yok. Kendime g\u00f6re bir hesab\u0131m var. Bu konuda bilgi vermeyece\u011fim&#8221; dedi.<\/p>\n<p style=\"text-align: justify;\"><a href=\"http:\/\/foto.gazetevatan.com\/newpics\/news\/090320091500177618919_3.jpg\"><img loading=\"lazy\" decoding=\"async\" style=\"margin-left: 10px; margin-right: 10px;\" src=\"http:\/\/foto.gazetevatan.com\/newpics\/news\/090320091500177618919_3.jpg\" alt=\"\" width=\"400\" height=\"108\" align=\"right\" \/><\/a> <strong>&#8216;Yazar doland\u0131r\u0131c\u0131&#8217;<\/strong><\/p>\n<p style=\"text-align: justify;\">Kitapla ilgili gazetecilerin sorular\u0131n\u0131 yan\u0131tlayan K\u0131l\u0131\u00e7daro\u011flu ise \u015funlar\u0131 s\u00f6yledi: &#8220;Kim o adam? Onun doland\u0131r\u0131c\u0131l\u0131ktan hapis yatt\u0131\u011f\u0131n\u0131 biliyor musunuz? Ben de s\u00f6yl\u00fcyorum, doland\u0131r\u0131c\u0131l\u0131ktan hapis yatt\u0131. Bir \u015fey daha s\u00f6yleyeyim, bu iddia bundan \u00f6nce de geldi. Ba\u015fbakanl\u0131\u011fa resmen ba\u015fvurup bilgi istedim. Cevap gelmedi. O zaman sorunun muhatab\u0131 Say\u0131n Ba\u015fbakand\u0131r.<\/p>\n<p style=\"text-align: justify;\"><span style=\"color: #888888;\">Kaynak : T\u00fclay \u015eubatl\u0131 \/ Vatan Gazetesi<\/span><\/p>\n","protected":false},"excerpt":{"rendered":"<p style=\"text-align: center;\">\n<p style=\"text-align: justify;\">\u0130stanbul ve Ankara&#8217;da \u00e7e\u015fitli noktalarda billboardlara as\u0131lan ve CHP&#8217;nin \u0130stanbul aday\u0131 Kemal K\u0131l\u0131\u00e7daro\u011flu&#8217;nu su\u00e7layan &#8220;Dosyac\u0131 Kemal&#8217;in Dosyas\u0131&#8221; adl\u0131 kitap tart\u0131\u015fma yaratt\u0131. Kitapta K\u0131l\u0131\u00e7daro\u011flu&#8217;nun ter\u00f6r \u00f6rg\u00fct\u00fc \u00fcyelerini i\u015fe ald\u0131\u011f\u0131 ve yak\u0131nlar\u0131na ihalelerde rant sa\u011flay\u0131p, b\u00f6l\u00fcc\u00fcl\u00fck yapt\u0131\u011f\u0131 ve Bat\u0131 \u00c7al\u0131\u015fma Grubu taraf\u0131ndan fi\u015flendi\u011fi iddialar\u0131 yer al\u0131yor. Yazar\u0131n\u0131n m\u00fcstear isim kullanmas\u0131 kitab\u0131n bir <\/p>\n","protected":false},"author":1,"featured_media":0,"comment_status":"open","ping_status":"closed","sticky":false,"template":"","format":"standard","meta":{"footnotes":""},"categories":[105],"tags":[],"class_list":["post-4735","post","type-post","status-publish","format-standard","hentry","category-gundem","odd"],"_links":{"self":[{"href":"http:\/\/www.korhanyilmaz.com\/index.php?rest_route=\/wp\/v2\/posts\/4735","targetHints":{"allow":["GET"]}}],"collection":[{"href":"http:\/\/www.korhanyilmaz.com\/index.php?rest_route=\/wp\/v2\/posts"}],"about":[{"href":"http:\/\/www.korhanyilmaz.com\/index.php?rest_route=\/wp\/v2\/types\/post"}],"author":[{"embeddable":true,"href":"http:\/\/www.korhanyilmaz.com\/index.php?rest_route=\/wp\/v2\/users\/1"}],"replies":[{"embeddable":true,"href":"http:\/\/www.korhanyilmaz.com\/index.php?rest_route=%2Fwp%2Fv2%2Fcomments&post=4735"}],"version-history":[{"count":0,"href":"http:\/\/www.korhanyilmaz.com\/index.php?rest_route=\/wp\/v2\/posts\/4735\/revisions"}],"wp:attachment":[{"href":"http:\/\/www.korhanyilmaz.com\/index.php?rest_route=%2Fwp%2Fv2%2Fmedia&parent=4735"}],"wp:term":[{"taxonomy":"category","embeddable":true,"href":"http:\/\/www.korhanyilmaz.com\/index.php?rest_route=%2Fwp%2Fv2%2Fcategories&post=4735"},{"taxonomy":"post_tag","embeddable":true,"href":"http:\/\/www.korhanyilmaz.com\/index.php?rest_route=%2Fwp%2Fv2%2Ftags&post=4735"}],"curies":[{"name":"wp","href":"https:\/\/api.w.org\/{rel}","templated":true}]}}