{"id":47340,"date":"2012-01-23T09:15:59","date_gmt":"2012-01-23T07:15:59","guid":{"rendered":"http:\/\/www.korhanyilmaz.com\/?p=47340"},"modified":"2012-01-23T12:30:11","modified_gmt":"2012-01-23T10:30:11","slug":"chp-geregini-yapar","status":"publish","type":"post","link":"http:\/\/www.korhanyilmaz.com\/?p=47340","title":{"rendered":"CHP gere\u011fini yapar"},"content":{"rendered":"<p style=\"text-align: center;\"><a href=\"http:\/\/www.korhanyilmaz.com\/wp-content\/uploads\/2012\/01\/9383.jpg\"  class=\"lightview\"><img loading=\"lazy\" decoding=\"async\" class=\"aligncenter  wp-image-47341\" src=\"http:\/\/www.korhanyilmaz.com\/wp-content\/uploads\/2012\/01\/9383.jpg\" alt=\"\" width=\"396\" height=\"180\" \/><\/a><\/p>\n<p style=\"text-align: justify;\">CHP Genel Ba\u015fkan\u0131 Kemal K\u0131l\u0131\u00e7daro\u011flu, Cumhurba\u015fkan\u0131 Abdullah G\u00fcl\u2019\u00fcn g\u00f6rev s\u00fcresini belirleyen yasayla ilgili, \u201cHerhalde CHP Anayasa Mahkemesi\u2019ne gidecektir\u201d s\u00f6zlerine \u201cSay\u0131n G\u00fcl\u2019\u00fcn g\u00f6revi yasay\u0131 veto etmek. Gere\u011fini yapmazsa elbette CHP gere\u011fini yapar. Bizim g\u00f6revimiz zaten\u201d dedi.\u00a0<!--more--><\/p>\n<p style=\"text-align: justify;\">H\u00fcrriyet gazetesine konu\u015fan K\u0131l\u0131\u00e7daro\u011flu, \u201cSay\u0131n G\u00fcl daha \u00f6n\u00fcne gelmeden yasay\u0131 veto etmeyece\u011fi y\u00f6n\u00fcnde g\u00f6r\u00fc\u015f a\u00e7\u0131klad\u0131. Cumhurba\u015fkan\u0131 anayasay\u0131 uygulamakla y\u00fck\u00fcml\u00fc. Anayasaya a\u00e7\u0131k\u00e7a ayk\u0131r\u0131 bir d\u00fczenlemeyi Say\u0131n Cumhurba\u015fkan\u0131\u2019n\u0131n onaylamas\u0131 do\u011fru de\u011fil\u201d dedi.<\/p>\n<p style=\"text-align: justify;\">K\u0131l\u0131\u00e7daro\u011flu \u00f6zetle \u015f\u00f6yle konu\u015ftu: \u201cSay\u0131n G\u00fcl, tart\u0131\u015fmalarda sessiz kald\u0131. Ancak \u015fimdi durum farkl\u0131. Yasa kendisiyle ilgili g\u00f6r\u00fcnse de Cumhurba\u015fkan\u0131 olarak bu durumun \u00f6tesinde bir g\u00f6revi var. \u00d6n\u00fcne gelen yasaya hukuka, anayasaya uygunluk \u00fczerinden bakmal\u0131. Cumhurba\u015fkan\u0131 olarak g\u00f6revini yapmal\u0131, \u00f6n\u00fcne gelen yasay\u0131 hukuka uygunlu\u011fu \u00fczerinden de\u011ferlendirmeli. Bunu yapmaz, yasay\u0131 onaylarsa biz gere\u011fini yapar\u0131z. Ancak Say\u0131n G\u00fcl i\u00e7in de\u011fil, anayasan\u0131n \u00fcst\u00fcnl\u00fc\u011f\u00fcne inand\u0131\u011f\u0131m\u0131z i\u00e7in. Demokrasinin gere\u011fi olarak Anayasa Mahkemesi\u2019ne ba\u015fvuraca\u011f\u0131z. Bu bizim g\u00f6revimiz.\u201d<\/p>\n<p style=\"text-align: justify;\">K\u0131l\u0131\u00e7daro\u011flu, ola\u011fan\u00fcst\u00fc t\u00fcz\u00fck kurultay\u0131 tart\u0131\u015fmalar\u0131yla ilgili olarak ise \u201c\u0130mzalar genel merkeze teslim edildi. \u0130mzalar do\u011frultusunda kurultay toplanacak. Tarih konusunda arkada\u015flara bir \u00e7al\u0131\u015fma yapt\u0131r\u0131yorum. Muhtemel ki \u015eubat sonunda (25- 26 \u015eubat) ya da Mart ba\u015f\u0131nda (3- 4 Mart) kurultay toplanm\u0131\u015f olur\u201d ifadelerini kulland\u0131.<\/p>\n<p style=\"text-align: justify;\"><a href=\"http:\/\/www.gazeteport.com.tr\/haber\/75048\/chp_geregini_yapar\" target=\"_blank\">Kaynak : GAZETEPORT<\/a><\/p>\n","protected":false},"excerpt":{"rendered":"<p style=\"text-align: center;\">\n<p style=\"text-align: justify;\">CHP Genel Ba\u015fkan\u0131 Kemal K\u0131l\u0131\u00e7daro\u011flu, Cumhurba\u015fkan\u0131 Abdullah G\u00fcl\u2019\u00fcn g\u00f6rev s\u00fcresini belirleyen yasayla ilgili, \u201cHerhalde CHP Anayasa Mahkemesi\u2019ne gidecektir\u201d s\u00f6zlerine \u201cSay\u0131n G\u00fcl\u2019\u00fcn g\u00f6revi yasay\u0131 veto etmek. Gere\u011fini yapmazsa elbette CHP gere\u011fini yapar. Bizim g\u00f6revimiz zaten\u201d dedi. <\/p>\n","protected":false},"author":1,"featured_media":0,"comment_status":"open","ping_status":"open","sticky":false,"template":"","format":"standard","meta":{"footnotes":""},"categories":[105],"tags":[],"class_list":["post-47340","post","type-post","status-publish","format-standard","hentry","category-gundem","odd"],"_links":{"self":[{"href":"http:\/\/www.korhanyilmaz.com\/index.php?rest_route=\/wp\/v2\/posts\/47340","targetHints":{"allow":["GET"]}}],"collection":[{"href":"http:\/\/www.korhanyilmaz.com\/index.php?rest_route=\/wp\/v2\/posts"}],"about":[{"href":"http:\/\/www.korhanyilmaz.com\/index.php?rest_route=\/wp\/v2\/types\/post"}],"author":[{"embeddable":true,"href":"http:\/\/www.korhanyilmaz.com\/index.php?rest_route=\/wp\/v2\/users\/1"}],"replies":[{"embeddable":true,"href":"http:\/\/www.korhanyilmaz.com\/index.php?rest_route=%2Fwp%2Fv2%2Fcomments&post=47340"}],"version-history":[{"count":0,"href":"http:\/\/www.korhanyilmaz.com\/index.php?rest_route=\/wp\/v2\/posts\/47340\/revisions"}],"wp:attachment":[{"href":"http:\/\/www.korhanyilmaz.com\/index.php?rest_route=%2Fwp%2Fv2%2Fmedia&parent=47340"}],"wp:term":[{"taxonomy":"category","embeddable":true,"href":"http:\/\/www.korhanyilmaz.com\/index.php?rest_route=%2Fwp%2Fv2%2Fcategories&post=47340"},{"taxonomy":"post_tag","embeddable":true,"href":"http:\/\/www.korhanyilmaz.com\/index.php?rest_route=%2Fwp%2Fv2%2Ftags&post=47340"}],"curies":[{"name":"wp","href":"https:\/\/api.w.org\/{rel}","templated":true}]}}