{"id":47336,"date":"2012-01-23T09:45:01","date_gmt":"2012-01-23T07:45:01","guid":{"rendered":"http:\/\/www.korhanyilmaz.com\/?p=47336"},"modified":"2012-01-23T11:47:28","modified_gmt":"2012-01-23T09:47:28","slug":"jitemin-karargahindan-ceset-fiskiriyor","status":"publish","type":"post","link":"http:\/\/www.korhanyilmaz.com\/?p=47336","title":{"rendered":"Jitem&#8217;in karargah\u0131ndan ceset f\u0131\u015fk\u0131r\u0131yor"},"content":{"rendered":"<p style=\"text-align: center;\"><a href=\"http:\/\/www.korhanyilmaz.com\/wp-content\/uploads\/2012\/01\/9382.jpg\"  class=\"lightview\"><img loading=\"lazy\" decoding=\"async\" class=\"aligncenter  wp-image-47337\" src=\"http:\/\/www.korhanyilmaz.com\/wp-content\/uploads\/2012\/01\/9382.jpg\" alt=\"\" width=\"364\" height=\"204\" \/><\/a><\/p>\n<p style=\"text-align: justify;\">Diyarbak\u0131r&#8217;da yap\u0131lan kaz\u0131larda yerden adete kafatas\u0131 f\u0131\u015fk\u0131r\u0131yor. 10 g\u00fcn \u00f6nce b\u00f6lgede 6 kafatas\u0131 bulunmu\u015ftu. Devam eden kaz\u0131larda, kafatas\u0131 say\u0131s\u0131 19&#8221;e y\u00fckseldi.<\/p>\n<p style=\"text-align: justify;\">G\u00fcneydo\u011fu, 1990&#8217;l\u0131 y\u0131llarda en karanl\u0131k d\u00f6nemini ya\u015fad\u0131. Ola\u011fan\u00fcst\u00fc hal b\u00f6lgesinde &#8216;ter\u00f6rle etkin m\u00fccadele&#8217; ad\u0131 alt\u0131nda y\u00fcr\u00fct\u00fclen faaliyetlerin boyutlar\u0131 ise y\u0131llar sonra ortaya \u00e7\u0131k\u0131yor.\u00a0<!--more--><\/p>\n<p style=\"text-align: justify;\">Zaman Gazetesi&#8217;nde yer alan habere g\u00f6re bu konuda en dikkat \u00e7ekici geli\u015fme Diyarbak\u0131r \u0130\u00e7kale&#8217;de meydana geldi. J\u0130TEM&#8217;in eski kararg\u00e2h\u0131n\u0131n bulundu\u011fu alanda K\u00fclt\u00fcr Bakanl\u0131\u011f\u0131&#8217;n\u0131n yapt\u0131\u011f\u0131 restorasyon \u00e7al\u0131\u015fmas\u0131 deh\u015fet verici geli\u015fmeleri beraberinde getirdi. \u00c7al\u0131\u015fmalarda insan kafataslar\u0131 bulunmas\u0131 \u00fczerine soru\u015fturma ba\u015flat\u0131l\u0131rken, \u00f6zel yetkili savc\u0131l\u0131k kaz\u0131lar\u0131 daha geni\u015f bir alana yayd\u0131. Kafatas\u0131 say\u0131s\u0131 ise neredeyse her g\u00fcn artt\u0131.<\/p>\n<p style=\"text-align: justify;\">D\u00fcn itibar\u0131yla say\u0131n\u0131n 19 oldu\u011fu bildirildi. Kaz\u0131 b\u00f6lgesinde incelemelerde bulunan G\u0131da, Tar\u0131m ve Hayvanc\u0131l\u0131k Bakan\u0131 Mehdi Eker, &#8220;Benim izlenimim, din\u00ee bir g\u00f6m\u00fclme tarz\u0131 pek g\u00f6r\u00fcnm\u00fcyor. B\u00f6yle rastgele at\u0131lm\u0131\u015f gibi.&#8221; dedi. Diyarbak\u0131r&#8217;daki kaz\u0131lar, faili me\u00e7hul cinayetleri yeniden g\u00fcndeme getirirken ge\u00e7en hafta \u015e\u0131rnak&#8217;ta benzer kaz\u0131lar yap\u0131ld\u0131. G\u00fc\u00e7l\u00fckonak&#8217;a ba\u011fl\u0131 \u00d6zba\u015fo\u011flu ile Ya\u011f\u0131zoymak k\u00f6yleri aras\u0131ndaki askeri alanda bulunan 3 ceset, 1993&#8217;te ya\u015fanan vah\u015feti g\u00f6zler \u00f6n\u00fcne serdi. G\u00f6zalt\u0131na al\u0131nd\u0131ktan sonra \u00fczerlerine bomba at\u0131l\u0131p \u00e7ukura g\u00f6m\u00fclen 3 k\u00f6yl\u00fcy\u00fc yak\u0131nlar\u0131 elbiselerinden te\u015fhis etti.<\/p>\n<p style=\"text-align: justify;\">G\u0131da, Tar\u0131m ve Hayvanc\u0131l\u0131k Bakan\u0131 Mehdi Eker, Diyarbak\u0131r Valisi Mustafa Toprak ve AK Parti Diyarbak\u0131r Milletvekili Mine L\u00f6k Beyaz ve Galip Ensario\u011flu ile birlikte, restorasyon \u00e7al\u0131\u015fmalar\u0131 devam eden \u0130\u00e7kale&#8217;de incelemelerde bulundu. B\u00f6lgede \u00e7al\u0131\u015fmalar\u0131 inceleyip bilgi alan Bakan Eker, daha sonra ge\u00e7ti\u011fimiz g\u00fcnlerde faili me\u00e7hul kaz\u0131lar\u0131n yap\u0131ld\u0131\u011f\u0131 J\u0130TEM binas\u0131n\u0131 ve yan\u0131ndaki kaz\u0131 b\u00f6lgesini inceledi. Kaz\u0131 alan\u0131na bas\u0131n mensuplar\u0131 al\u0131nmad\u0131. Bakan Eker, incelemelerden sonra bas\u0131n mensuplar\u0131na de\u011ferlendirmelerde bulundu.<\/p>\n<p style=\"text-align: justify;\">Eski cezaevi binas\u0131 ile eski kilise aras\u0131ndan surlara giden yolda kaz\u0131 yap\u0131ld\u0131\u011f\u0131n\u0131 hat\u0131rlatan Eker, &#8220;Burada insanlara ait gerek kafataslar\u0131 gerekse di\u011fer kemikler bulundu. \u015eu ana kadar 19 tane kafatas\u0131 kemi\u011fi ve di\u011fer kemikler bulundu. Kademe kademe a\u015fa\u011f\u0131ya do\u011fru iniyor. Kemiklerin hangi d\u00f6neme ait oldu\u011fu, yak\u0131n bir tarih mi yoksa eski bir tarihe mi ait oldu\u011fu analizler sonucu ortaya \u00e7\u0131kacak. Ama g\u00f6r\u00fcnen bir durum, dar alanda \u00fcst \u00fcste y\u0131\u011f\u0131lma \u015feklinde oldu\u011fu. \u00c7ok geni\u015f bir alan de\u011fil. Bu alan i\u00e7inde 70-80 santimetre kaz\u0131lm\u0131\u015f, orada kemikler bulunmu\u015f. Biraz da daha derine inildik\u00e7e daha fazla bulunmu\u015f, her kademede biraz daha fazla kemik bulunmu\u015f. Sadece kemikler. Bunlara ait herhangi bir metal ya da bir bez par\u00e7as\u0131 bulunmu\u015f de\u011fil. \u015eu anda koruma alt\u0131nda. Soru\u015fturma tamamland\u0131\u011f\u0131nda her \u015fey netle\u015fecek. Benim izlenimim, din\u00ee bir g\u00f6m\u00fclme tarz\u0131 pek g\u00f6r\u00fcnm\u00fcyor. B\u00f6yle rastgele at\u0131lm\u0131\u015f gibi. Ald\u0131\u011f\u0131m\u0131z bilgi de bu do\u011frultuda. Kemikler bulundu\u011funda kemiklerin ve kafataslar\u0131n\u0131n duru\u015fu yan yana. Toplu mezar olup olmad\u0131\u011f\u0131n\u0131 \u015fu an s\u00f6ylemek do\u011fru de\u011fil, m\u00fcmk\u00fcn de de\u011fil. \u00c7al\u0131\u015fmalar\u0131 bekleyece\u011fiz.&#8221; \u015feklinde konu\u015ftu.<\/p>\n<p style=\"text-align: justify;\">Diyarbak\u0131r&#8217;daki eski J\u0130TEM kararg\u00e2h\u0131nda bulunan kafatas\u0131 say\u0131s\u0131 19&#8217;a y\u00fckseldi. 10 g\u00fcn \u00f6nce b\u00f6lgede 6 kafatas\u0131 \u00e7\u0131kmas\u0131 \u00fczerine olaya el koyan savc\u0131l\u0131k kaz\u0131 alan\u0131n\u0131 geni\u015fletmi\u015fti. Bulunan kemiklere neredeyse her g\u00fcn yenileri eklendi. \u015e\u0131rnak&#8217;taki kaz\u0131larda da 3 ceset bulunmas\u0131 dikkatleri faili me\u00e7hul cinayetlere \u00e7evirdi.<\/p>\n<p style=\"text-align: justify;\"><a href=\"http:\/\/gundem.milliyet.com.tr\/jitem-in-karargahindan-ceset-fiskiriyor\/gundem\/gundemdetay\/23.01.2012\/1492524\/default.htm\" target=\"_blank\">Kaynak : Milliyet.com.tr<\/a><\/p>\n","protected":false},"excerpt":{"rendered":"<p style=\"text-align: center;\">\n<p style=\"text-align: justify;\">Diyarbak\u0131r&#8217;da yap\u0131lan kaz\u0131larda yerden adete kafatas\u0131 f\u0131\u015fk\u0131r\u0131yor. 10 g\u00fcn \u00f6nce b\u00f6lgede 6 kafatas\u0131 bulunmu\u015ftu. Devam eden kaz\u0131larda, kafatas\u0131 say\u0131s\u0131 19&#8221;e y\u00fckseldi.<\/p>\n<p style=\"text-align: justify;\">G\u00fcneydo\u011fu, 1990&#8217;l\u0131 y\u0131llarda en karanl\u0131k d\u00f6nemini ya\u015fad\u0131. Ola\u011fan\u00fcst\u00fc hal b\u00f6lgesinde &#8216;ter\u00f6rle etkin m\u00fccadele&#8217; ad\u0131 alt\u0131nda y\u00fcr\u00fct\u00fclen faaliyetlerin boyutlar\u0131 ise y\u0131llar sonra ortaya \u00e7\u0131k\u0131yor. <\/p>\n","protected":false},"author":1,"featured_media":0,"comment_status":"open","ping_status":"open","sticky":false,"template":"","format":"standard","meta":{"footnotes":""},"categories":[105],"tags":[],"class_list":["post-47336","post","type-post","status-publish","format-standard","hentry","category-gundem","odd"],"_links":{"self":[{"href":"http:\/\/www.korhanyilmaz.com\/index.php?rest_route=\/wp\/v2\/posts\/47336","targetHints":{"allow":["GET"]}}],"collection":[{"href":"http:\/\/www.korhanyilmaz.com\/index.php?rest_route=\/wp\/v2\/posts"}],"about":[{"href":"http:\/\/www.korhanyilmaz.com\/index.php?rest_route=\/wp\/v2\/types\/post"}],"author":[{"embeddable":true,"href":"http:\/\/www.korhanyilmaz.com\/index.php?rest_route=\/wp\/v2\/users\/1"}],"replies":[{"embeddable":true,"href":"http:\/\/www.korhanyilmaz.com\/index.php?rest_route=%2Fwp%2Fv2%2Fcomments&post=47336"}],"version-history":[{"count":0,"href":"http:\/\/www.korhanyilmaz.com\/index.php?rest_route=\/wp\/v2\/posts\/47336\/revisions"}],"wp:attachment":[{"href":"http:\/\/www.korhanyilmaz.com\/index.php?rest_route=%2Fwp%2Fv2%2Fmedia&parent=47336"}],"wp:term":[{"taxonomy":"category","embeddable":true,"href":"http:\/\/www.korhanyilmaz.com\/index.php?rest_route=%2Fwp%2Fv2%2Fcategories&post=47336"},{"taxonomy":"post_tag","embeddable":true,"href":"http:\/\/www.korhanyilmaz.com\/index.php?rest_route=%2Fwp%2Fv2%2Ftags&post=47336"}],"curies":[{"name":"wp","href":"https:\/\/api.w.org\/{rel}","templated":true}]}}