{"id":47323,"date":"2012-01-22T15:23:41","date_gmt":"2012-01-22T13:23:41","guid":{"rendered":"http:\/\/www.korhanyilmaz.com\/?p=47323"},"modified":"2012-01-23T02:38:03","modified_gmt":"2012-01-23T00:38:03","slug":"vucudu-sag-bacagini-reddetti","status":"publish","type":"post","link":"http:\/\/www.korhanyilmaz.com\/?p=47323","title":{"rendered":"V\u00fccudu sa\u011f baca\u011f\u0131n\u0131 reddetti"},"content":{"rendered":"<p style=\"text-align: center;\"><a href=\"http:\/\/www.korhanyilmaz.com\/wp-content\/uploads\/2012\/01\/9379.jpg\"  class=\"lightview\"><img loading=\"lazy\" decoding=\"async\" class=\"aligncenter  wp-image-47324\" src=\"http:\/\/www.korhanyilmaz.com\/wp-content\/uploads\/2012\/01\/9379.jpg\" alt=\"\" width=\"279\" height=\"214\" \/><\/a><\/p>\n<p style=\"text-align: justify;\">Akdeniz \u00dcniversitesi&#8217;nde ayn\u0131 anda iki kol ve sa\u011f baca\u011f\u0131n nakledildi\u011fi Atilla Kavd\u0131r&#8217;\u0131n v\u00fccudu, baca\u011f\u0131 reddetti.<\/p>\n<p style=\"text-align: justify;\">Akdeniz \u00dcniversitesi Plastik ve Rekonstr\u00fcktif Cerrahi Anabilim Dal\u0131 \u00d6\u011fretim \u00dcyesi Prof. Dr. \u00d6mer \u00d6zkan, hastane \u00f6n\u00fcnde d\u00fczenledi\u011fi bas\u0131n toplant\u0131s\u0131nda, nakillerin ard\u0131ndan her iki hastan\u0131n da sa\u011fl\u0131k durumlar\u0131n\u0131n iyi oldu\u011funu bildirdi.\u00a0<!--more--><\/p>\n<p style=\"text-align: justify;\">Kol ve bacak nakli yap\u0131lan Atilla Kavd\u0131r&#8217;da dola\u015f\u0131m sorunu ya\u015fand\u0131\u011f\u0131n\u0131 anlatan Prof. Dr. \u00d6zkan, &#8220;Bu dokuyla veya damarlar\u0131yla ilgili olabilir. Kollarda \u015fu anda bir sorunumuz yok. Hastaya daha fazla \u00fcmit vermemek i\u00e7in baca\u011f\u0131n\u0131 almak zorunda kald\u0131k. Di\u011fer konularda bir sorun yok. Hayat\u0131 riske atmamak laz\u0131m. Onu feda ettik ama di\u011fer dokular duruyor&#8221; dedi.<\/p>\n<p style=\"text-align: justify;\">Y\u00fcz nakli yap\u0131lan U\u011fur Acar&#8217;da ise \u015fu anda sorun ya\u015fanmad\u0131\u011f\u0131n\u0131 vurgulayan \u00d6mer \u00d6zkan, &#8220;Y\u00fcz nakli hastam\u0131z\u0131n \u015fu ana kadar en ufak problemi olmad\u0131&#8221; diye konu\u015ftu.<\/p>\n<p style=\"text-align: justify;\">Prof. Dr. \u00d6zkan, her iki hastan\u0131n da \u015fu anda uyutuldu\u011funu, cerrahi a\u00e7\u0131dan sorun olup olmad\u0131\u011f\u0131n\u0131n ise 10 g\u00fcn i\u00e7inde g\u00f6r\u00fclece\u011fini vurgulad\u0131. Hastalar\u0131n rutin olarak kontrollerinin s\u00fcrd\u00fc\u011f\u00fcn\u00fc belirten \u00d6zkan, \u015f\u00f6yle konu\u015ftu:<\/p>\n<p style=\"text-align: justify;\">&#8220;Zor ameliyatlar. Her yerde yap\u0131lmamas\u0131n\u0131n nedeni de bu. Kolda da y\u00fczde de problemler olabilir. \u00d6zellikle kol hastas\u0131nda \u00e7ok korkumuz yok. Eskisine d\u00f6nmemiz kolay. Ama y\u00fcz nakli konusunda e\u011fer \u00f6nemli bir problem ya\u015farsak, hakikatten \u00f6nemli olur. Enfeksiyon problemi olabilir, y\u00fcz naklinde herhangi bir problem olursa da v\u00fccudunun farkl\u0131 b\u00f6lgelerinden doku nakletme gibi bir durumumuz olabilir.&#8221;<\/p>\n<p style=\"text-align: justify;\"><a href=\"http:\/\/www.cnnturk.com\/2012\/turkiye\/01\/22\/vucudu.sag.bacagini.reddetti\/645875.0\/index.html\" target=\"_blank\">Kaynak : CNN T\u00dcRK<\/a><\/p>\n","protected":false},"excerpt":{"rendered":"<p style=\"text-align: center;\">\n<p style=\"text-align: justify;\">Akdeniz \u00dcniversitesi&#8217;nde ayn\u0131 anda iki kol ve sa\u011f baca\u011f\u0131n nakledildi\u011fi Atilla Kavd\u0131r&#8217;\u0131n v\u00fccudu, baca\u011f\u0131 reddetti.<\/p>\n<p style=\"text-align: justify;\">Akdeniz \u00dcniversitesi Plastik ve Rekonstr\u00fcktif Cerrahi Anabilim Dal\u0131 \u00d6\u011fretim \u00dcyesi Prof. Dr. \u00d6mer \u00d6zkan, hastane \u00f6n\u00fcnde d\u00fczenledi\u011fi bas\u0131n toplant\u0131s\u0131nda, nakillerin ard\u0131ndan her iki hastan\u0131n da sa\u011fl\u0131k durumlar\u0131n\u0131n iyi oldu\u011funu bildirdi. <\/p>\n","protected":false},"author":1,"featured_media":0,"comment_status":"open","ping_status":"open","sticky":false,"template":"","format":"standard","meta":{"footnotes":""},"categories":[105],"tags":[],"class_list":["post-47323","post","type-post","status-publish","format-standard","hentry","category-gundem","odd"],"_links":{"self":[{"href":"http:\/\/www.korhanyilmaz.com\/index.php?rest_route=\/wp\/v2\/posts\/47323","targetHints":{"allow":["GET"]}}],"collection":[{"href":"http:\/\/www.korhanyilmaz.com\/index.php?rest_route=\/wp\/v2\/posts"}],"about":[{"href":"http:\/\/www.korhanyilmaz.com\/index.php?rest_route=\/wp\/v2\/types\/post"}],"author":[{"embeddable":true,"href":"http:\/\/www.korhanyilmaz.com\/index.php?rest_route=\/wp\/v2\/users\/1"}],"replies":[{"embeddable":true,"href":"http:\/\/www.korhanyilmaz.com\/index.php?rest_route=%2Fwp%2Fv2%2Fcomments&post=47323"}],"version-history":[{"count":0,"href":"http:\/\/www.korhanyilmaz.com\/index.php?rest_route=\/wp\/v2\/posts\/47323\/revisions"}],"wp:attachment":[{"href":"http:\/\/www.korhanyilmaz.com\/index.php?rest_route=%2Fwp%2Fv2%2Fmedia&parent=47323"}],"wp:term":[{"taxonomy":"category","embeddable":true,"href":"http:\/\/www.korhanyilmaz.com\/index.php?rest_route=%2Fwp%2Fv2%2Fcategories&post=47323"},{"taxonomy":"post_tag","embeddable":true,"href":"http:\/\/www.korhanyilmaz.com\/index.php?rest_route=%2Fwp%2Fv2%2Ftags&post=47323"}],"curies":[{"name":"wp","href":"https:\/\/api.w.org\/{rel}","templated":true}]}}