{"id":47318,"date":"2012-01-23T00:03:13","date_gmt":"2012-01-22T22:03:13","guid":{"rendered":"http:\/\/www.korhanyilmaz.com\/?p=47318"},"modified":"2012-01-23T02:32:41","modified_gmt":"2012-01-23T00:32:41","slug":"ermeni-soykiriminda-kritik-gun","status":"publish","type":"post","link":"http:\/\/www.korhanyilmaz.com\/?p=47318","title":{"rendered":"Ermeni &#8220;soyk\u0131r\u0131m&#8221;\u0131nda kritik g\u00fcn"},"content":{"rendered":"<p style=\"text-align: center;\"><a href=\"http:\/\/www.korhanyilmaz.com\/wp-content\/uploads\/2012\/01\/9378.jpg\"  class=\"lightview\"><img loading=\"lazy\" decoding=\"async\" class=\"aligncenter  wp-image-47319\" src=\"http:\/\/www.korhanyilmaz.com\/wp-content\/uploads\/2012\/01\/9378.jpg\" alt=\"\" width=\"307\" height=\"240\" \/><\/a><\/p>\n<p style=\"text-align: justify;\">Fransa 1915 olaylar\u0131yla ilgili inkar tasar\u0131s\u0131nda ikinci perdeye haz\u0131rlan\u0131yor. Olaylar\u0131n soyk\u0131r\u0131m olarak tan\u0131mlanmas\u0131n\u0131 reddedenlerin cezaland\u0131r\u0131lmas\u0131n\u0131 \u00f6ng\u00f6ren yasa tasar\u0131s\u0131 bug\u00fcn Frans\u0131z senatosuna gelecek. Fransa&#8217;daki T\u00fcrk dernekleri de, senato \u00f6n\u00fcnde protesto g\u00f6sterisi d\u00fczenlemeye haz\u0131rlan\u0131yor.<\/p>\n<p style=\"text-align: justify;\">Senato Genel Kurulu, yasan\u0131n i\u00e7eri\u011fine dair g\u00f6r\u00fc\u015fmeye ba\u015flamadan \u00f6nce, Kanunlar Komisyonu&#8217;nun &#8220;teklif g\u00fcndeme al\u0131nmas\u0131n&#8221; dedi\u011fi de\u011fi\u015fiklik \u00f6nergesini g\u00f6r\u00fc\u015fecek.\u00a0<!--more--><\/p>\n<p style=\"text-align: justify;\">E\u011fer de\u011fi\u015fiklik \u00f6nergesi kabul edilirse, yasa g\u00f6r\u00fc\u015f\u00fclmeden g\u00fcndemden d\u00fc\u015fecek.<\/p>\n<p style=\"text-align: justify;\">Cumhurba\u015fkan\u0131 Sarkozy ve Sosyalist lider Fran\u00e7ois Hollande, \u00fc\u00e7 ay sonra yap\u0131lacak cumhurba\u015fkanl\u0131\u011f\u0131 se\u00e7imleri arifesinde yasa teklifinin kabul edilmesini istiyor.<\/p>\n<p style=\"text-align: justify;\">Ancak senatoda Sarkozy&#8217;nin partisi \u00e7o\u011funlu\u011fa sahip de\u011fil, Hollande&#8217;\u0131n Sosyalist Partisi de b\u00f6l\u00fcnm\u00fc\u015f durumda.<\/p>\n<p style=\"text-align: justify;\">Tasar\u0131, 1915 Ermeni iddialar\u0131n\u0131n inkar\u0131na 45 bin euro ile 1 y\u0131l hapis cezas\u0131n\u0131 \u00f6ng\u00f6r\u00fcyor.<\/p>\n<p style=\"text-align: justify;\">Tasar\u0131, 22 Aral\u0131k&#8217;ta Frans\u0131z Ulusal Meclisi&#8217;nde az say\u0131da milletvekilinin kat\u0131ld\u0131\u011f\u0131 oturumda, 36 milletvekilinin &#8220;evet&#8221; oyuyla kabul edilmi\u015fti.<\/p>\n<p style=\"text-align: justify;\"><strong>Davuto\u011flu, Fransa&#8217;y\u0131 uyard\u0131\u00a0<\/strong><\/p>\n<p style=\"text-align: justify;\">Bu arada D\u0131\u015fi\u015fleri Bakan\u0131 Ahmet Davuto\u011flu, 1915 olaylar\u0131yla ilgili Ermeni iddialar\u0131n\u0131n reddedilmesini su\u00e7 sayan yasa teklifinin Senatoda kabul edilmemesi konusunda Fransa&#8217;y\u0131 bir kez daha uyard\u0131.<\/p>\n<p style=\"text-align: justify;\">Davuto\u011flu, Fransa&#8217;n\u0131n tavr\u0131n\u0131 de\u011fi\u015ftirmemesi halinde bu \u00fclkeye y\u00f6nelik yapt\u0131r\u0131mlar\u0131n s\u00fcrekli olaca\u011f\u0131 uyar\u0131s\u0131nda bulundu.<\/p>\n<p style=\"text-align: justify;\">&#8220;France 24&#8221; televizyon haber kanal\u0131na konu\u015fan Davuto\u011flu, &#8220;Biz bu yapt\u0131r\u0131mlar\u0131 a\u00e7\u0131klamak zorunda kalmamay\u0131 umut ediyoruz. Ancak T\u00fcrkiye&#8217;nin sessiz kalaca\u011f\u0131n\u0131 d\u00fc\u015f\u00fcnmeyin. Yeni yapt\u0131r\u0131mlar olacak ve bu kez yapt\u0131r\u0131mlar Fransa tavr\u0131n\u0131 de\u011fi\u015ftirene kadar s\u00fcrekli olacak&#8221; dedi.<\/p>\n<p style=\"text-align: justify;\">Senato g\u00fcndemine gelen yasa teklifinin insan haklar\u0131na ayk\u0131r\u0131 oldu\u011funu belirten Davuto\u011flu &#8220;Frans\u0131z ayd\u0131nlar ve senat\u00f6rler i\u00e7in ortak de\u011ferlerimizden birisi olan ifade \u00f6zg\u00fcrl\u00fc\u011f\u00fcn\u00fc savunman\u0131n zaman\u0131 geldi&#8221; diye konu\u015ftu.<\/p>\n<p style=\"text-align: justify;\"><a href=\"http:\/\/www.cnnturk.com\/2012\/dunya\/01\/23\/ermeni.soykiriminda.kritik.gun\/645889.0\/index.html\" target=\"_blank\">Kaynak : CNN T\u00dcRK<\/a><\/p>\n","protected":false},"excerpt":{"rendered":"<p style=\"text-align: center;\">\n<p style=\"text-align: justify;\">Fransa 1915 olaylar\u0131yla ilgili inkar tasar\u0131s\u0131nda ikinci perdeye haz\u0131rlan\u0131yor. Olaylar\u0131n soyk\u0131r\u0131m olarak tan\u0131mlanmas\u0131n\u0131 reddedenlerin cezaland\u0131r\u0131lmas\u0131n\u0131 \u00f6ng\u00f6ren yasa tasar\u0131s\u0131 bug\u00fcn Frans\u0131z senatosuna gelecek. Fransa&#8217;daki T\u00fcrk dernekleri de, senato \u00f6n\u00fcnde protesto g\u00f6sterisi d\u00fczenlemeye haz\u0131rlan\u0131yor.<\/p>\n<p style=\"text-align: justify;\">Senato Genel Kurulu, yasan\u0131n i\u00e7eri\u011fine dair g\u00f6r\u00fc\u015fmeye ba\u015flamadan \u00f6nce, Kanunlar Komisyonu&#8217;nun &#8220;teklif g\u00fcndeme al\u0131nmas\u0131n&#8221; dedi\u011fi de\u011fi\u015fiklik <\/p>\n","protected":false},"author":1,"featured_media":0,"comment_status":"open","ping_status":"open","sticky":false,"template":"","format":"standard","meta":{"footnotes":""},"categories":[105],"tags":[],"class_list":["post-47318","post","type-post","status-publish","format-standard","hentry","category-gundem","odd"],"_links":{"self":[{"href":"http:\/\/www.korhanyilmaz.com\/index.php?rest_route=\/wp\/v2\/posts\/47318","targetHints":{"allow":["GET"]}}],"collection":[{"href":"http:\/\/www.korhanyilmaz.com\/index.php?rest_route=\/wp\/v2\/posts"}],"about":[{"href":"http:\/\/www.korhanyilmaz.com\/index.php?rest_route=\/wp\/v2\/types\/post"}],"author":[{"embeddable":true,"href":"http:\/\/www.korhanyilmaz.com\/index.php?rest_route=\/wp\/v2\/users\/1"}],"replies":[{"embeddable":true,"href":"http:\/\/www.korhanyilmaz.com\/index.php?rest_route=%2Fwp%2Fv2%2Fcomments&post=47318"}],"version-history":[{"count":0,"href":"http:\/\/www.korhanyilmaz.com\/index.php?rest_route=\/wp\/v2\/posts\/47318\/revisions"}],"wp:attachment":[{"href":"http:\/\/www.korhanyilmaz.com\/index.php?rest_route=%2Fwp%2Fv2%2Fmedia&parent=47318"}],"wp:term":[{"taxonomy":"category","embeddable":true,"href":"http:\/\/www.korhanyilmaz.com\/index.php?rest_route=%2Fwp%2Fv2%2Fcategories&post=47318"},{"taxonomy":"post_tag","embeddable":true,"href":"http:\/\/www.korhanyilmaz.com\/index.php?rest_route=%2Fwp%2Fv2%2Ftags&post=47318"}],"curies":[{"name":"wp","href":"https:\/\/api.w.org\/{rel}","templated":true}]}}