{"id":47315,"date":"2012-01-22T19:27:15","date_gmt":"2012-01-22T17:27:15","guid":{"rendered":"http:\/\/www.korhanyilmaz.com\/?p=47315"},"modified":"2012-01-23T02:28:20","modified_gmt":"2012-01-23T00:28:20","slug":"kivircik-ali-turkulerle-anildi","status":"publish","type":"post","link":"http:\/\/www.korhanyilmaz.com\/?p=47315","title":{"rendered":"K\u0131v\u0131rc\u0131k Ali t\u00fcrk\u00fclerle an\u0131ld\u0131"},"content":{"rendered":"<p style=\"text-align: center;\"><a href=\"http:\/\/www.korhanyilmaz.com\/wp-content\/uploads\/2012\/01\/9377.jpg\"  class=\"lightview\"><img loading=\"lazy\" decoding=\"async\" class=\"aligncenter  wp-image-47316\" src=\"http:\/\/www.korhanyilmaz.com\/wp-content\/uploads\/2012\/01\/9377.jpg\" alt=\"\" width=\"280\" height=\"200\" \/><\/a><\/p>\n<p style=\"text-align: justify;\">Ge\u00e7irdi\u011fi trafik kazas\u0131 sonucu hayat\u0131n\u0131 kaybeden T\u00fcrk Halk M\u00fczi\u011fi sanat\u00e7\u0131s\u0131 &#8220;K\u0131v\u0131rc\u0131k Ali&#8221; lakapl\u0131 Ali \u00d6z\u00fctemiz, \u00f6l\u00fcm\u00fcn\u00fcn 1. y\u0131l\u0131nda t\u00fcrk\u00fclerle an\u0131ld\u0131.<\/p>\n<p style=\"text-align: justify;\">\u015ei\u015fli Belediyesince L\u00fctf\u00fc K\u0131rdar Uluslararas\u0131 Kongre ve Sergi Saray\u0131nda d\u00fczenlenen etkinli\u011fe, \u015ei\u015fli Belediye Ba\u015fkan\u0131 Mustafa Sar\u0131g\u00fcl, K\u0131v\u0131rc\u0131k Ali&#8217;nin annesi G\u00fclbahar \u00d6z\u00fctemiz, k\u0131z\u0131 Ecemsu ve o\u011flu Eren \u00d6z\u00fctemiz, a\u011fabeyi Sad\u0131k \u00d6z\u00fctemiz, CHP eski milletvekili Mehmet Sevigen, Hac\u0131 Bekta\u015f Veli Anadolu K\u00fclt\u00fcr Vakf\u0131 Genel Ba\u015fkan\u0131 Ercan Ge\u00e7mez, K\u0131v\u0131rc\u0131k Ali&#8217;nin sevenleri ile \u00e7ok say\u0131da sanat\u00e7\u0131 dostu kat\u0131ld\u0131.\u00a0<!--more--><\/p>\n<p style=\"text-align: justify;\">K\u0131v\u0131rc\u0131k Ali&#8217;nin hayat\u0131ndan karelerin yer ald\u0131\u011f\u0131 barkovizyon g\u00f6sterisi ile ba\u015flayan t\u00f6rende, K\u0131v\u0131rc\u0131k Ali&#8217;nin annesi, k\u0131z\u0131 ve dostlar\u0131 ile salonu dolduranlar g\u00f6zya\u015flar\u0131na hakim olamad\u0131.<\/p>\n<p style=\"text-align: justify;\">K\u0131v\u0131rc\u0131k Ali&#8217;nin son alb\u00fcm\u00fc &#8220;Veda&#8221;n\u0131n kapak posterinin konuldu\u011fu sahnede konu\u015fan \u0130ber M\u00fczik&#8217;ten Mustafa Ka\u00e7maz, K\u0131v\u0131rc\u0131k Ali&#8217;nin T\u00fcrkiye&#8217;nin her yerinde sevilen bir insan oldu\u011funu belirterek &#8220;Ali&#8217;nin aram\u0131zdan ayr\u0131l\u0131\u015f\u0131n\u0131n 1. y\u0131l d\u00f6n\u00fcm\u00fc. Ali, her ne kadar aram\u0131zdan ayr\u0131lsa da o bizim i\u00e7imizde. Ali, \u015fu an bizim her yerimizde. Onu hissediyorum. Ali, d\u00fcr\u00fcst, \u00e7al\u0131\u015fkan, emek\u00e7i, bir o kadar da \u015fakac\u0131, espriliydi. O bir insand\u0131, b\u00fcy\u00fckle b\u00fcy\u00fck, k\u00fc\u00e7\u00fckle k\u00fc\u00e7\u00fck olan bir insand\u0131&#8221; dedi.<\/p>\n<p style=\"text-align: justify;\">Sanat\u00e7\u0131lar\u0131n sahne ald\u0131\u011f\u0131 etkinlikte K\u0131v\u0131rc\u0131k Ali&#8217;nin mezar\u0131n\u0131n an\u0131t mezara d\u00f6n\u00fc\u015ft\u00fcr\u00fclmesi i\u00e7in \u015ei\u015fli Belediyesince d\u00fczenlenen yar\u0131\u015fmada dereceye girenlere de \u00f6d\u00fclleri verildi.<\/p>\n<p style=\"text-align: justify;\">Yar\u0131\u015fmada birinci Nevzat Atalay, ikinci \u00dcmit \u00d6zt\u00fcrk, \u00fc\u00e7\u00fcnc\u00fc Song\u00fcl Terlek ve Sevilay \u00d6k\u00e7e olurken, Juri \u00d6zel \u00d6d\u00fcl\u00fc de Enver \u00d6zkan&#8217;a lay\u0131k g\u00f6r\u00fcld\u00fc.<\/p>\n<p style=\"text-align: justify;\"><strong>&#8220;K\u0131v\u0131rc\u0131k Ali d\u00fcnya insanlar\u0131n\u0131n bar\u0131\u015f\u0131 i\u00e7in \u00e7abalard\u0131&#8221;\u00a0<\/strong><\/p>\n<p style=\"text-align: justify;\">Nevzat Atalay \u00f6d\u00fcl\u00fcn\u00fc \u015ei\u015fli Belediye Ba\u015fkan\u0131 Mustafa Sar\u0131g\u00fcl&#8217;\u00fcn elinden ald\u0131. Sar\u0131g\u00fcl, burada yapt\u0131\u011f\u0131 konu\u015fmada, &#8220;Aliler \u00f6lmez, yi\u011fitler \u00f6lmez, yi\u011fitler ya\u015far. \u0130stedik ki an\u0131t mezarda K\u0131v\u0131rc\u0131k Ali ilelebet saz\u0131yla, s\u00f6z\u00fcyle her zaman ya\u015fas\u0131n&#8221; dedi.<\/p>\n<p style=\"text-align: justify;\">K\u0131v\u0131rc\u0131k Ali&#8217;yi hi\u00e7 bir zaman unutmayacaklar\u0131n\u0131 hat\u0131rlatan Sar\u0131g\u00fcl, &#8220;K\u0131v\u0131rc\u0131k Ali&#8217;nin arzu etti\u011fi \u00e7a\u011fda\u015f ve laik, demokratik T\u00fcrkiye Cumhuriyeti&#8217;ni mutlaka ya\u015fataca\u011f\u0131z. K\u0131v\u0131rc\u0131k Ali, din, dil, \u0131rk, k\u00fclt\u00fcr ve mezhep fark\u0131n\u0131 g\u00f6zetmezdi. K\u0131v\u0131rc\u0131k Ali, d\u00fcnya insanlar\u0131n\u0131n bar\u0131\u015f\u0131 i\u00e7in \u00e7aba g\u00f6sterirdi&#8221; diye konu\u015ftu.<\/p>\n<p style=\"text-align: justify;\">K\u0131v\u0131rc\u0131k Ali&#8217;nin kaza sonras\u0131 arabas\u0131ndan \u00e7\u0131kan ba\u011flamas\u0131 ve mikrofonu ile sahneye \u00e7\u0131kan o\u011flu Eren \u00d6z\u00fctemiz de, &#8220;1 y\u0131l bir \u00f6m\u00fcr gibi, \u00e7ok zor ge\u00e7ti. Ben babam\u0131, Ali \u00d6z\u00fctemiz&#8217;i kaybettim. Babas\u0131zl\u0131\u011f\u0131n ne zor oldu\u011funu bilen babam, bunu bize hi\u00e7 hissettirmedi. Bahts\u0131zl\u0131\u011f\u0131 daha do\u011fdu\u011funda ba\u015flam\u0131\u015ft\u0131. 22 y\u0131lda da b\u00f6yle bir evlat yeti\u015ftirdi. Ben de bu saatten sonra K\u0131v\u0131rc\u0131k Ali&#8217;nin hayranlar\u0131n\u0131, sevenlerini, dostlar\u0131n\u0131 arkama alarak \u00f6mr\u00fcm\u00fcn geri kalan\u0131n\u0131 K\u0131v\u0131rc\u0131k Ali&#8217;ye yak\u0131\u015f\u0131r \u015fekilde s\u00fcrd\u00fcrece\u011fim&#8221; diye konu\u015ftu.<\/p>\n<p style=\"text-align: justify;\">\u00d6z\u00fctemiz, kaza ile ilgili olarak da, &#8220;Babam\u0131 trafik kazas\u0131nda, hi\u00e7 olmad\u0131k bir zamanda kaybettik. \u0130lgisizlik kazaya yol a\u00e7t\u0131&#8221; dedi.<\/p>\n<p style=\"text-align: justify;\">T\u00f6rende aralar\u0131nda Edip Akbayram, Erdal Erzincan, Onur Ak\u0131n, Aynur G\u00fcne\u015f, Eren \u00d6z\u00fctemiz, G\u00fclcihan Ko\u00e7, G\u00fcler Duman, G\u00fclten, Latif Do\u011fan, Mustafa \u00d6zarslan, Nil\u00fcfer Sar\u0131ta\u015f, Nurettin Ren\u00e7ber, Onur Ak\u0131n, \u00d6zcan T\u00fcre, Sevcan Orhan, Mehmet G\u00fcm\u00fc\u015f, Ayd\u0131n \u00d6zt\u00fcrk&#8217;\u00fcn bulundu\u011fu T\u00fcrk halk m\u00fczi\u011fi sanat\u00e7\u0131lar\u0131 K\u0131v\u0131rc\u0131k Ali&#8217;nin sevilen t\u00fcrk\u00fclerini seslendirdi.<\/p>\n<p style=\"text-align: justify;\">\u00d6te yandan, K\u0131v\u0131rc\u0131k Ali i\u00e7in yap\u0131lan an\u0131t mezar\u0131n 1 May\u0131s 2012&#8217;de a\u00e7\u0131laca\u011f\u0131 \u00f6\u011frenildi.<\/p>\n<p style=\"text-align: justify;\"><a href=\"http:\/\/www.cnnturk.com\/2012\/guncel\/01\/22\/kivircik.ali.turkulerle.anildi\/645890.0\/index.html\" target=\"_blank\">Kaynak : CNN T\u00dcRK<\/a><\/p>\n","protected":false},"excerpt":{"rendered":"<p style=\"text-align: center;\">\n<p style=\"text-align: justify;\">Ge\u00e7irdi\u011fi trafik kazas\u0131 sonucu hayat\u0131n\u0131 kaybeden T\u00fcrk Halk M\u00fczi\u011fi sanat\u00e7\u0131s\u0131 &#8220;K\u0131v\u0131rc\u0131k Ali&#8221; lakapl\u0131 Ali \u00d6z\u00fctemiz, \u00f6l\u00fcm\u00fcn\u00fcn 1. y\u0131l\u0131nda t\u00fcrk\u00fclerle an\u0131ld\u0131.<\/p>\n<p style=\"text-align: justify;\">\u015ei\u015fli Belediyesince L\u00fctf\u00fc K\u0131rdar Uluslararas\u0131 Kongre ve Sergi Saray\u0131nda d\u00fczenlenen etkinli\u011fe, \u015ei\u015fli Belediye Ba\u015fkan\u0131 Mustafa Sar\u0131g\u00fcl, K\u0131v\u0131rc\u0131k Ali&#8217;nin annesi G\u00fclbahar \u00d6z\u00fctemiz, k\u0131z\u0131 Ecemsu ve o\u011flu Eren \u00d6z\u00fctemiz, a\u011fabeyi <\/p>\n","protected":false},"author":1,"featured_media":0,"comment_status":"open","ping_status":"open","sticky":false,"template":"","format":"standard","meta":{"footnotes":""},"categories":[105],"tags":[711,712,714,713],"class_list":["post-47315","post","type-post","status-publish","format-standard","hentry","category-gundem","tag-ali-ozutemiz","tag-kivircik-ali","tag-lutfu-kirdar-uluslararasi-kongre-ve-sergi-sarayi","tag-mustafa-sarigul","odd"],"_links":{"self":[{"href":"http:\/\/www.korhanyilmaz.com\/index.php?rest_route=\/wp\/v2\/posts\/47315","targetHints":{"allow":["GET"]}}],"collection":[{"href":"http:\/\/www.korhanyilmaz.com\/index.php?rest_route=\/wp\/v2\/posts"}],"about":[{"href":"http:\/\/www.korhanyilmaz.com\/index.php?rest_route=\/wp\/v2\/types\/post"}],"author":[{"embeddable":true,"href":"http:\/\/www.korhanyilmaz.com\/index.php?rest_route=\/wp\/v2\/users\/1"}],"replies":[{"embeddable":true,"href":"http:\/\/www.korhanyilmaz.com\/index.php?rest_route=%2Fwp%2Fv2%2Fcomments&post=47315"}],"version-history":[{"count":0,"href":"http:\/\/www.korhanyilmaz.com\/index.php?rest_route=\/wp\/v2\/posts\/47315\/revisions"}],"wp:attachment":[{"href":"http:\/\/www.korhanyilmaz.com\/index.php?rest_route=%2Fwp%2Fv2%2Fmedia&parent=47315"}],"wp:term":[{"taxonomy":"category","embeddable":true,"href":"http:\/\/www.korhanyilmaz.com\/index.php?rest_route=%2Fwp%2Fv2%2Fcategories&post=47315"},{"taxonomy":"post_tag","embeddable":true,"href":"http:\/\/www.korhanyilmaz.com\/index.php?rest_route=%2Fwp%2Fv2%2Ftags&post=47315"}],"curies":[{"name":"wp","href":"https:\/\/api.w.org\/{rel}","templated":true}]}}