{"id":47311,"date":"2012-01-22T22:28:48","date_gmt":"2012-01-22T20:28:48","guid":{"rendered":"http:\/\/www.korhanyilmaz.com\/?p=47311"},"modified":"2012-01-23T02:23:08","modified_gmt":"2012-01-23T00:23:08","slug":"medya-mahallesine-odul","status":"publish","type":"post","link":"http:\/\/www.korhanyilmaz.com\/?p=47311","title":{"rendered":"&#8220;Medya Mahallesi&#8221;ne \u00f6d\u00fcl"},"content":{"rendered":"<p style=\"text-align: justify;\"><a href=\"http:\/\/www.korhanyilmaz.com\/wp-content\/uploads\/2012\/01\/9376.jpg\"  class=\"lightview\"><img loading=\"lazy\" decoding=\"async\" class=\"aligncenter size-full wp-image-47312\" title=\"\" src=\"http:\/\/www.korhanyilmaz.com\/wp-content\/uploads\/2012\/01\/9376.jpg\" alt=\"\" width=\"292\" height=\"224\" \/><\/a><\/p>\n<p style=\"text-align: justify;\">\u00c7GD Genel Y\u00f6netim Kurulu, 2011&#8217;in ba\u015far\u0131l\u0131 gazetecilerini belirledi. CNN T\u00dcRK&#8217;te Ay\u015fenur Aslan&#8217;\u0131n yapt\u0131\u011f\u0131 &#8220;Medya Mahallesi&#8221; program\u0131, Mahmut Tali \u00d6ng\u00f6ren televizyon program \u00f6d\u00fcl\u00fcne lay\u0131k g\u00f6r\u00fcld\u00fc.<\/p>\n<p style=\"text-align: justify;\">(DHA) &#8212; \u00c7GD, haber \u00f6d\u00fcl\u00fcne Radikal Gazetesi&#8217;nden &#8216;Saraydan Taht Ka\u00e7\u0131rma&#8217; haberiyle \u00d6mer Erbil lay\u0131k g\u00f6r\u00fcld\u00fc.\u00a0<!--more--><\/p>\n<p style=\"text-align: justify;\">&#8216;Mahmut Tali \u00d6ng\u00f6ren Televizyon Program \u00d6d\u00fcl\u00fc&#8217; CNN T\u00fcrk&#8217;te &#8216;Medya Mahallesi&#8217; program\u0131na, &#8216;Cem Emir-Sabahattin Y\u0131lmaz Unutulmayacaklar Haber \u00d6d\u00fcl\u00fc&#8221;ne &#8216;Silvan Sald\u0131r\u0131s\u0131&#8217; haberleriyle DHA Tunceli muhabiri Ferit Demir ile Diyarbak\u0131r muhabiri Ferit Aslan&#8217;a, \u0130nceleme Ara\u015ft\u0131rma \u00d6d\u00fcl\u00fc Cumhuriyet Gazetesi&#8217;nden &#8216;\u00dc\u00e7 Kad\u0131n Bir Yatakta&#8217; haberiyle Sevil Ar\u0131nan Tokta\u015f&#8217;a verildi.<\/p>\n<p style=\"text-align: justify;\">&#8216;U\u011fur Mumcu Ara\u015ft\u0131rmac\u0131 Gazetecilik \u00d6d\u00fcl\u00fc&#8217; Ak\u015fam Gazetesi&#8217;nden &#8216;B\u00f6cek Emniyette: Polis Polisi Dinledi&#8217; haberiyle Soner Ar\u0131kano\u011flu&#8217;na, &#8216;Mustafa Ekmek\u00e7i Haber \u00d6d\u00fcl\u00fc&#8217; Sabah Gazetesi&#8217;nden &#8216;A\u0130HM&#8217;den Soru: Jitem Ne Oldu?&#8217; haberiyle \u00d6zg\u00fcr Cebe&#8217;ye, &#8216;Rafet Gen\u00e7 Haber \u00d6d\u00fcl\u00fc&#8217; Milliyet Gazetesi&#8217;nden &#8216;Polise Gaz Dayanm\u0131yor&#8217; haberiyle Tolga \u015eardan&#8217;a, &#8216;Behzat Miser Haber \u00d6d\u00fcl\u00fc&#8217; Hakkari&#8217;den &#8216;O\u011flu \u0130\u00e7in Diz \u00c7\u00f6kt\u00fc&#8217; haberiyle Do\u011fan Haber Haber Ajans\u0131 muhabiri Beh\u00e7et Dalmaz ile H\u00fcrriyet Daily News&#8217;den &#8216;Rahiplerin Sessizli\u011fi&#8217; haberiyle Vercihan Ziflio\u011flu&#8217;na verildi.<\/p>\n<p style=\"text-align: justify;\">R\u00f6portaj dal\u0131nda ise &#8216;Bilmediklerimiz Bildi\u011fin Gibi De\u011fil&#8217; r\u00f6portaj\u0131 ile Birg\u00fcn Gazetesinden Esra Ko\u00e7ak, TV Haberi dal\u0131nda &#8216;2. Van Depreminde Van Kad\u0131n Do\u011fum ve \u00c7ocuk Hastanesinde ya\u015fananlar\u0131n hikayesi&#8217; haberiyle Show Haber&#8217;den Ali Burak Ersemiz ile Deniz Pirin\u00e7ciler, Televizyon Program dal\u0131nda &#8216;Madenci&#8217; \u00e7al\u0131\u015fmas\u0131yla Kanal B&#8217;den Zeynepg\u00fcl \u00dcsten, \u0130nternet Haber Sitesi dal\u0131nda Hopa haberleri ile sendika.org \u00f6d\u00fcle de\u011fer g\u00f6r\u00fcld\u00fc.<\/p>\n<p style=\"text-align: justify;\">\u00c7GD Dayan\u0131\u015fma \u00d6d\u00fcl\u00fc&#8217;n\u00fcn sahibi ise Devrimci 78&#8217;ler Federasyonu oldu.<\/p>\n<p style=\"text-align: justify;\"><a href=\"http:\/\/www.cnnturk.com\/2012\/guncel\/01\/22\/medya.mahallesine.odul\/645894.0\/index.html\" target=\"_blank\">Kaynak : CNN T\u00dcRK<\/a><\/p>\n","protected":false},"excerpt":{"rendered":"<p style=\"text-align: justify;\">\n<p style=\"text-align: justify;\">\u00c7GD Genel Y\u00f6netim Kurulu, 2011&#8217;in ba\u015far\u0131l\u0131 gazetecilerini belirledi. CNN T\u00dcRK&#8217;te Ay\u015fenur Aslan&#8217;\u0131n yapt\u0131\u011f\u0131 &#8220;Medya Mahallesi&#8221; program\u0131, Mahmut Tali \u00d6ng\u00f6ren televizyon program \u00f6d\u00fcl\u00fcne lay\u0131k g\u00f6r\u00fcld\u00fc.<\/p>\n<p style=\"text-align: justify;\">(DHA) &#8212; \u00c7GD, haber \u00f6d\u00fcl\u00fcne Radikal Gazetesi&#8217;nden &#8216;Saraydan Taht Ka\u00e7\u0131rma&#8217; haberiyle \u00d6mer Erbil lay\u0131k g\u00f6r\u00fcld\u00fc. <\/p>\n","protected":false},"author":1,"featured_media":0,"comment_status":"open","ping_status":"open","sticky":false,"template":"","format":"standard","meta":{"footnotes":""},"categories":[105],"tags":[],"class_list":["post-47311","post","type-post","status-publish","format-standard","hentry","category-gundem","odd"],"_links":{"self":[{"href":"http:\/\/www.korhanyilmaz.com\/index.php?rest_route=\/wp\/v2\/posts\/47311","targetHints":{"allow":["GET"]}}],"collection":[{"href":"http:\/\/www.korhanyilmaz.com\/index.php?rest_route=\/wp\/v2\/posts"}],"about":[{"href":"http:\/\/www.korhanyilmaz.com\/index.php?rest_route=\/wp\/v2\/types\/post"}],"author":[{"embeddable":true,"href":"http:\/\/www.korhanyilmaz.com\/index.php?rest_route=\/wp\/v2\/users\/1"}],"replies":[{"embeddable":true,"href":"http:\/\/www.korhanyilmaz.com\/index.php?rest_route=%2Fwp%2Fv2%2Fcomments&post=47311"}],"version-history":[{"count":0,"href":"http:\/\/www.korhanyilmaz.com\/index.php?rest_route=\/wp\/v2\/posts\/47311\/revisions"}],"wp:attachment":[{"href":"http:\/\/www.korhanyilmaz.com\/index.php?rest_route=%2Fwp%2Fv2%2Fmedia&parent=47311"}],"wp:term":[{"taxonomy":"category","embeddable":true,"href":"http:\/\/www.korhanyilmaz.com\/index.php?rest_route=%2Fwp%2Fv2%2Fcategories&post=47311"},{"taxonomy":"post_tag","embeddable":true,"href":"http:\/\/www.korhanyilmaz.com\/index.php?rest_route=%2Fwp%2Fv2%2Ftags&post=47311"}],"curies":[{"name":"wp","href":"https:\/\/api.w.org\/{rel}","templated":true}]}}