{"id":4729,"date":"2009-03-09T10:04:12","date_gmt":"2009-03-09T08:04:12","guid":{"rendered":"http:\/\/www.korhanyilmaz.com\/?p=4729"},"modified":"2026-01-20T09:04:33","modified_gmt":"2026-01-20T06:04:33","slug":"28-subatin-cumhurbaskani-28-subati-anlatiyor-2","status":"publish","type":"post","link":"http:\/\/www.korhanyilmaz.com\/?p=4729","title":{"rendered":"Erbakan&#8217;a &#8220;Sen git muavinin gelsin&#8221; mi diyecektim"},"content":{"rendered":"<p style=\"text-align: center;\"><img loading=\"lazy\" decoding=\"async\" class=\"aligncenter size-full wp-image-4955\" title=\"Erbakan'a 'Sen git muavinin gelsin' mi diyecektim \" src=\"http:\/\/www.korhanyilmaz.com\/wp-content\/uploads\/2009\/03\/120320090338565798849_3.jpg\" alt=\"120320090338565798849_3\" width=\"305\" height=\"92\" \/><\/p>\n<p><span style=\"color: #888888;\">28 \u015eUBAT&#8217;IN CUMHURBA\u015eKANI 28 \u015eUBAT&#8217;I ANLATIYOR : <a href=\"http:\/\/www.korhanyilmaz.com\/?p=4753\" target=\"_self\">1<\/a> &#8211; <a href=\"http:\/\/www.korhanyilmaz.com\/?p=4729\" target=\"_self\">2<\/a> &#8211;<a href=\"http:\/\/www.korhanyilmaz.com\/?p=4791\"> 3<\/a> &#8211;<a href=\"http:\/\/www.korhanyilmaz.com\/?p=4946\" target=\"_self\"> 4 <\/a>&#8211; <a href=\"http:\/\/www.korhanyilmaz.com\/?p=5291\">5<\/a> &#8211; <a href=\"http:\/\/www.korhanyilmaz.com\/?p=5297\">6<\/a><\/span><\/p>\n<p style=\"text-align: justify;\"><strong>Erbakan&#8217;a &#8216;Sen git muavinin gelsin&#8217; mi diyecektim <\/strong><\/p>\n<p style=\"text-align: justify;\">Demirel: T\u00fcrkiye&#8217;nin, o andaki menfaati Necmettin Bey&#8217;in, Tansu Han\u0131m&#8217;a h\u00fck\u00fcmet devretmesi de\u011fildi. Erbakan, &#8216;Gerginlik oldu&#8217; diyor, &#8216;Sen git muavinin gelsin, gerginlik s\u00fcrs\u00fcn m\u00fc&#8217; diyecektim?<\/p>\n<p style=\"text-align: justify;\">Ba\u015fbakan gerginlik var diye istifa etti\u011finde, niye orta\u011f\u0131na g\u00f6rev vermeyi tercih etmediniz, koalisyon h\u00fck\u00fcmeti devam edebilirdi&#8230;<\/p>\n<p style=\"text-align: justify;\">Niye orta\u011f\u0131na g\u00f6rev verece\u011fim?!<\/p>\n<p style=\"text-align: justify;\"><strong>Yani hedef, askeri rahats\u0131z eden h\u00fck\u00fcmetin de\u011fi\u015fmesi miydi?<\/strong><\/p>\n<p style=\"text-align: justify;\">Hay\u0131r. Niye orta\u011f\u0131n\u0131 g\u00f6revlendirece\u011fim. Ben kimi g\u00f6revlendirece\u011fim biliyor musun? Bir h\u00fck\u00fcmet g\u00f6revlendirdi\u011fim zaman o h\u00fck\u00fcmetin g\u00fcvenoyu almas\u0131 laz\u0131m. Bak\u0131n, cumhurba\u015fkanlar\u0131n\u0131n h\u00fck\u00fcmetteki k\u0131stas\u0131 odur. Birisine h\u00fck\u00fcmet kurma g\u00f6revi verirsiniz, gelir der ki &#8220;Efendim kuramad\u0131m.&#8221; Yahut &#8220;Kuruyorum&#8221; der. &#8220;Neyle kuruyorsun?&#8221; diye sorars\u0131n\u0131z. G\u00fcvenoyu alamayaca\u011f\u0131n\u0131 bildi\u011finiz kimseye vermezsiniz.<!--more--><\/p>\n<p style=\"text-align: justify;\"><strong>Ama arkas\u0131nda bir parti grubu olmad\u0131\u011f\u0131 halde Yal\u0131m Erez&#8217;e verdiniz \u00f6rne\u011fin&#8230; <\/strong><\/p>\n<p style=\"text-align: justify;\">H\u00fck\u00fcmet kurma g\u00f6revi verdim, h\u00fck\u00fcmet vermedim ki. H\u00fck\u00fcmet kurup gelseydi &#8220;Nas\u0131l g\u00fcvenoyu alacaks\u0131n\u0131z?&#8221; derdim.<\/p>\n<p style=\"text-align: justify;\"><strong>Tansu \u00c7iller&#8217;e h\u00fck\u00fcmeti kurma g\u00f6revi niye vermediniz?<\/strong><\/p>\n<p style=\"text-align: justify;\">G\u00fcvenoyu alamazd\u0131. \u00d6yle bir ortamda g\u00fcvenoyu alamazd\u0131.<\/p>\n<p style=\"text-align: justify;\">Siz siyaset\u00e7i S\u00fcleyman Demirel olarak gitseydiniz, h\u00fck\u00fcmeti kurdum derdiniz.. G\u00fcvenoyu al\u0131rs\u0131n\u0131z, almazs\u0131n\u0131z, sizin o t\u00fcr polemikleriniz de hat\u0131rlan\u0131r 70&#8217;li y\u0131llarda, Adalet Partisi Genel Ba\u015fkan\u0131&#8217;yken. Siz k\u0131yameti kopar\u0131rd\u0131n\u0131z o zaman&#8230;<\/p>\n<p style=\"text-align: justify;\">Ba\u015fkas\u0131 da koparsayd\u0131. Bak\u0131n \u015fu da yanl\u0131\u015ft\u0131r. Cumhurba\u015fkan\u0131 ba\u015fbakan\u0131 atar. Ba\u015fbakan\u0131 ben atayaca\u011f\u0131m, Necmettin Bey de\u011fil ya da Tansu Han\u0131m de\u011fil. Yani ben b\u0131rak\u0131yorum, filancaya veriyorum bunu, bu olmaz. Yani, o filancay\u0131 ben tayin edece\u011fim. &#8220;Biz ikimiz aram\u0131zda anla\u015ft\u0131k.&#8221; O zaman bu bir menfaat i\u015fi olur. O g\u00fcn T\u00fcrkiye&#8217;nin, o andaki menfaati Necmettin Bey&#8217;in, Tansu Han\u0131m&#8217;a h\u00fck\u00fcmet devretmesi de\u011fildi. S\u00f6yledim ya, Erbakan diyor ki &#8220;Gerginlik oldu.&#8221; &#8220;O zaman sen git muavinin gelsin, gerginli\u011fe de devam edelim&#8221; mi diyecektim? Benim yapt\u0131\u011f\u0131m do\u011fruydu, netice de onu g\u00f6stermi\u015ftir.<\/p>\n<p style=\"text-align: justify;\"><strong>Sonra kapatma davas\u0131 a\u00e7\u0131l\u0131yor&#8230;<\/strong><\/p>\n<p style=\"text-align: justify;\">\u015eimdi bir olay daha. T\u00fcrkiye Cumhuriyeti&#8217;nin Ba\u015fsavc\u0131s\u0131 Refah Partisi hakk\u0131nda dava a\u00e7\u0131yor: Bu partinin faaliyetleri Anayasa&#8217;ya ayk\u0131r\u0131d\u0131r&#8230; E\u011fer siz, siyasi partileri Anayasa \u00e7izgisinde tutamazsan\u0131z bu \u00fclkede demokrasi ya\u015famaz. Ne zaman yap\u0131yor bunu? H\u00fck\u00fcmet devam ederken. May\u0131s&#8217;ta. Ve bu parti kapat\u0131l\u0131yor.<\/p>\n<p style=\"text-align: justify;\">\u015eimdi efendim, 28 \u015eubat darbe miydi, de\u011fil miydi? Bundan daha hakl\u0131 gerek\u00e7e olur mu? Yani bu \u00fclkede Ba\u015fsavc\u0131n\u0131n yapt\u0131\u011f\u0131 i\u015f yanl\u0131\u015f, Milli G\u00fcvenlik Kurulu&#8217;nun yapt\u0131\u011f\u0131 i\u015f yanl\u0131\u015f, Genelkurmay Ba\u015fkan\u0131&#8217;n\u0131n yapt\u0131\u011f\u0131 i\u015f yanl\u0131\u015f, Cumhurba\u015fkan\u0131&#8217;n\u0131n yapt\u0131\u011f\u0131 i\u015f yanl\u0131\u015f, Anayasa Mahkemesi&#8217;nin yapt\u0131\u011f i\u015f yanl\u0131\u015f&#8230; Eee, kiminki do\u011fru? B\u00f6yle devlet idaresi mi olur? Bu do\u011frudan do\u011fruya devleti yok farz etmektir. Bug\u00fcn bir tak\u0131m insanlar aradan 10 sene ge\u00e7tikten sonra&#8230; O g\u00fcn neredeydi onlar? Bir tak\u0131m insanlar devletin inkar\u0131yla me\u015fguld\u00fc. Yani T\u00fcrkiye&#8217;de her \u015fey mi yanl\u0131\u015f birader? Bu do\u011fru, bu yap\u0131lan do\u011fru. \u0130\u015fte Anayasa&#8217;s\u0131 T\u00fcrkiye&#8217;nin, i\u015fte olup bitenler. B\u00fct\u00fcn bu olup bitenler de halk\u0131n g\u00f6z\u00fc \u00f6n\u00fcnde olmam\u0131\u015f m\u0131?<\/p>\n<p style=\"text-align: justify;\"><strong>Mesut Y\u0131lmaz-Tansu \u00c7iller koalisyonu ile kurulan ANAYOL h\u00fck\u00fcmeti bozulmaya gitti\u011finde &#8220;Refah Partisi ile h\u00fck\u00fcmet kurulursa T\u00fcrkiye&#8217;de kaos \u00e7\u0131kar, kriz \u00e7\u0131kar&#8221; diye bir kayg\u0131n\u0131z olmu\u015f muydu? <\/strong><\/p>\n<p style=\"text-align: justify;\">\u015e\u00f6yle bir s\u0131k\u0131nt\u0131 var orta yerde. Hukuken kabul edilmi\u015f siyasi parti var fakat bu yad\u0131rgan\u0131yor. Bu partinin daha \u00f6nceki nesebindeki partiler dini siyasete alet etmekten kapat\u0131lm\u0131\u015f. Milli Nizam Partisi kapat\u0131lm\u0131\u015f. Milli Selamet Partisi kapat\u0131lm\u0131\u015f. Arkas\u0131ndan Refah Partisi&#8217;ne geliyor s\u0131ra. Bunlar kapat\u0131ld\u0131\u011f\u0131na g\u00f6re, bu partileri kuran ayn\u0131 ki\u015filer. Evet, Refah o g\u00fcnk\u00fc \u015fartlar i\u00e7inde legal bir partidir. Sanki legalli\u011finde noksanl\u0131k varm\u0131\u015f gibi muamele g\u00f6r\u00fcyor. Bunu yad\u0131rgar\u0131m. Legalse, ba\u015fka legal partiler hangi haklara sahipse bu parti de o haklara sahiptir. E\u011fer bu legal parti &#8216;ge\u00e7mi\u015finden dolay\u0131&#8217; illegalite kazan\u0131yorsa, bu yanl\u0131\u015ft\u0131r. Fakat &#8216;faaliyetlerinden dolay\u0131&#8217; illegalite kazan\u0131yorsa o zaman kanunlar icab\u0131n\u0131 yapmal\u0131d\u0131r. Nitekim Refah Partisi&#8217;ni Anayasa Mahkemesi daha sonra kapatm\u0131\u015ft\u0131r.<\/p>\n<p style=\"text-align: justify;\"><strong>O partinin genel ba\u015fkan\u0131 olan Erbakan&#8217;a h\u00fck\u00fcmeti kurma g\u00f6revini de siz verdiniz ama&#8230;<\/strong><\/p>\n<p style=\"text-align: justify;\">Bir parti var, legal ve bunu siz h\u00fck\u00fcmet kurmada dikkate alm\u0131yorsunuz. Olmaz. Ben cumhurba\u015fkan\u0131 olarak, &#8220;Siz h\u00fck\u00fcmet kuramazs\u0131n\u0131z&#8221; demek durumunda de\u011filim. Ama toplum, &#8220;Bunlara h\u00fck\u00fcmet verilmez&#8221; diye beni zorluyor. Toplum zorluyor, birisi gelip beni zorlam\u0131yor. Ben de toplumun nabz\u0131n\u0131 tutuyorum. Bak\u0131n, toplumun nabz\u0131n\u0131 tutmad\u0131k\u00e7a siyaset yapmak m\u00fcmk\u00fcn de\u011fil. Ama siyaset yapanlar\u0131n daima bir eksiklikleri vard\u0131r zaten. Siyasetin g\u00fczelli\u011fi ordad\u0131r. \u015eimdi h\u00fck\u00fcmet kurmu\u015fsunuz, olmam\u0131\u015f. Yeniden bir h\u00fck\u00fcmet kurmu\u015fsunuz, k\u0131sa \u00f6m\u00fcrl\u00fc olmu\u015f. S\u0131ra gelmi\u015f buna. E\u011fer, Erbakan bana gelip, &#8216;Biz h\u00fck\u00fcmet kuraca\u011f\u0131z&#8217; derse, ben buna &#8216;Mazinde sab\u0131ka var, h\u00fck\u00fcmet kuramazs\u0131n&#8217; diyemem, demedim de. &#8216;Al, kurabilirsen kur&#8217; dedim. &#8216;Neyle kuracaks\u0131n?&#8217; diyorum, &#8216;Do\u011fru Yol Partisi ile kuraca\u011f\u0131m&#8217; diyor. \u0130ki partinin yekunu da kurmaya yetiyor, buyur kur.<\/p>\n<p style=\"text-align: justify;\"><strong>Kayg\u0131 duyuyorsan\u0131z, DYP sizin kurdu\u011funuz bir parti, orada siyaset yapanlar da sizin arkada\u015flar\u0131n\u0131z. Onlar\u0131 etkilemeyi, bir uyar\u0131da bulunmay\u0131 d\u00fc\u015f\u00fcnmediniz mi?<\/strong><\/p>\n<p style=\"text-align: justify;\">Ben Cumhurba\u015fkan\u0131 olarak bir resmi vaziyet bir de bunun arkas\u0131nda bir de gizli vaziyet alamam. Bu \u00e7ok \u00f6nemli bir hadise. Ben cumhurba\u015fkan\u0131 olarak bana bir \u015fey y\u00f6neltildi\u011fi zaman ya &#8220;yapt\u0131m&#8221; diyece\u011fim ya da &#8220;yapmad\u0131m&#8221;.<\/p>\n<p style=\"text-align: justify;\"><strong>Siyasi partiler i\u00e7in iki duvar var:<\/strong> Biri laiklik ve modernite di\u011feri tekil devlet<\/p>\n<p style=\"text-align: justify;\"><strong>H\u00fck\u00fcmetini onaylad\u0131\u011f\u0131n\u0131zda bir uyar\u0131n\u0131z oldu mu?<\/strong><\/p>\n<p style=\"text-align: justify;\">&#8220;Hay\u0131rl\u0131 olsun. Bu \u00f6nemli bir hadisedir, hay\u0131rl\u0131 olsun, ba\u015far\u0131l\u0131 olman\u0131z\u0131 isterim&#8221; dedim. O denenmeliydi zaten. Yani ben \u015funu yapamazd\u0131m, hem h\u00fck\u00fcmet kurma kabiliyetine sahip olacakt\u0131 hem h\u00fck\u00fcmet kurmas\u0131n\u0131 ben \u00f6nleyece\u011fim. Keyfi hareket olurdu. Mesela h\u00fck\u00fcmet verdim ben, Meclis&#8217;e gidip g\u00fcvenoyu almasayd\u0131 bir daha vermezdim ikinci defa. G\u00fcveni alamad\u0131 derdim. Ama h\u00fck\u00fcmeti kurmu\u015f gitmi\u015f g\u00fcvenoyu alm\u0131\u015f, kimsenin diyece\u011fi yok. Buna ra\u011fmen T\u00fcrkiye \u015funu yaparak geldi. Bu g\u00fcn de o s\u0131k\u0131nt\u0131lar var h\u00e2l\u00e2, adam\u0131n legal bak\u0131m\u0131ndan \u015fekli bak\u0131m\u0131ndan bir eksi\u011fi yok, \u015fekli legalite. Fakat \u00fclkenin bir k\u0131sm\u0131 taraf\u0131ndan yad\u0131rgan\u0131yor. Bu yad\u0131rganma keyfiyeti hem yad\u0131rgananda hem yad\u0131rgayanda bir so\u011fukluk meydana getiriyor ve T\u00fcrkiye y\u00f6netiminde s\u0131k\u0131nt\u0131 oluyor o y\u00fczden.<\/p>\n<p style=\"text-align: justify;\"><strong>Psikolojik duvar m\u0131 var?<\/strong><\/p>\n<p style=\"text-align: justify;\">Tabii&#8230; Bunlar\u0131n hepsinin k\u00f6k\u00fcnde devrim var. Siyasi partiler hi\u00e7bir kayda tabi de\u011fil. Buraya geliyor mesele. Siyasi partiler iki duvara geliyor. Bana g\u00f6re duvarlardan bir tanesi laiklik ve modernite, bir tanesi de tekil devlet. Bu duvarlar\u0131 zorlad\u0131\u011f\u0131n\u0131z zaman kapan\u0131yorsunuz. Anayasa Mahkemesi geliyor, kapat\u0131yor sizi. E\u011fer Anayasa Mahkemesi gelip kapatmazsa o zaman kaos oluyor. Yani siyasetin legal ortam\u0131 ortadan kalk\u0131yor. Yani T\u00fcrkiye \u015fu durumda de\u011fil: &#8220;Siyasi partiler kurulur, siyasi partiler iste\u011fini yapar. \u0130srail&#8217;de oldu\u011fu gibi dinci parti de olur, Romanya&#8217;da oldu\u011fu gibi \u0131rk\u00e7\u0131 parti de olur&#8230;&#8221; T\u00fcrkiye bunu diyecek durumda de\u011fil. Bu \u00e7ok \u00f6nemli bir hadise.<\/p>\n<p style=\"text-align: justify;\"><strong>Neden T\u00fcrkiye&#8217;de b\u00f6yle partiler olamaz?<\/strong><\/p>\n<p style=\"text-align: justify;\">T.C&#8217;nin kurucular\u0131 bu devletin ayakta durmas\u0131n\u0131 her \u015feyden \u00f6nce d\u00fc\u015f\u00fcnm\u00fc\u015ft\u00fcr. Sek\u00fcriti denen hadise var ya. Yani g\u00fcvenlik, savunma de\u011fil. Devletin g\u00fcvenli\u011fi. Y\u0131k\u0131lm\u0131\u015f bir devletten sonra devlet kuruyorsunuz, bu devletin ayakta durabilmesi her \u015feyden \u00f6nce d\u00fc\u015f\u00fcn\u00fclm\u00fc\u015ft\u00fcr. 1925&#8217;te de 1930&#8217;da da Terakkiperver Cumhuriyet Partisi&#8217;nin, Serbest F\u0131rka&#8217;n\u0131n kapat\u0131lmas\u0131n\u0131n sebepleri budur.<\/p>\n<p style=\"text-align: justify;\"><strong>\u00c7iller&#8217;i ba\u015fbakan yapan sizsiniz. Ona tavsiyelerde, nasihatlarda bulunmad\u0131n\u0131z m\u0131 hi\u00e7?<\/strong><\/p>\n<p style=\"text-align: justify;\">\u0130nsanlar\u0131 idari tarz\u0131m, ki\u015fileri y\u00f6netmeye kalkmam. Telkinlerim olur, ki\u015fili\u011fine zarar vermeden yap\u0131lan \u015feylerdir. Yani telkini dinleyen ki\u015fi rahats\u0131z olmaz. Ki\u015finin tepesine \u00e7\u0131kmam. \u00d6yle bir ortam has\u0131l ederim, s\u00f6yleyece\u011fim laf\u0131 s\u00f6ylerim, o d\u00fc\u015f\u00fcn\u00fcr onu sonra. Ona empoze etmi\u015f duruma girmek istemem. Kendisinin \u00e7\u0131karmas\u0131 laz\u0131m. Zaman zaman telkinlerim olmu\u015ftur gayet tabii.<\/p>\n<p style=\"text-align: justify;\"><strong>Netice \u00e7\u0131kard\u0131 m\u0131?<\/strong><\/p>\n<p style=\"text-align: justify;\">Sormasan\u0131z olmaz m\u0131?..<\/p>\n<p style=\"text-align: justify;\"><strong>&#8216;Erbakan benim iyi arkada\u015f\u0131m&#8217;<\/strong><\/p>\n<p style=\"text-align: justify;\"><strong>Erbakan&#8217;a g\u00f6revi verirken tavsiyeleriniz oldu mu?<\/strong><\/p>\n<p style=\"text-align: justify;\">Erbakan okul arkada\u015f\u0131m. Yaln\u0131z okul arkada\u015f\u0131m de\u011fil, iyi arkada\u015f\u0131m. Okul sonras\u0131nda da uzun s\u00fcre arkada\u015fl\u0131\u011f\u0131m\u0131z var, ta Odalar Birli\u011fi Genel Sekreterli\u011fi meselesine kadar. Ondan sonraki k\u0131sm\u0131nda m\u00fcnasebetlerimiz eskisi kadar s\u0131cak de\u011fildi. Medenidir yaln\u0131z m\u00fcnasebetlerimiz, bug\u00fcn de medenidir, oldum olas\u0131 medenidir. Ben ona bir\u00e7ok \u015feyleri hep s\u00f6yleyegelmi\u015fimdir. Yani h\u00fck\u00fcmet meselesi \u00f6nemli bir meseledir. Kafi say\u0131da g\u00fcven oyuna sahip olabilirsiniz fakat g\u00f6t\u00fcremezsiniz, ta\u015f\u0131yamazs\u0131n\u0131z. H\u00fck\u00fcmeti y\u00fcr\u00fctmek bir sanatt\u0131r. Zaman zaman kendisinin dikkatini \u00e7ekmi\u015fimdir. Nitekim yaz\u0131yla da dikkatini \u00e7ekti\u011fim bir \u00e7ok mesele var, \u015fifahen de dikkatini \u00e7ekti\u011fim \u00e7ok mesele var. Erbakan \u00e7ok kendi do\u011frultusundad\u0131r. Tabii h\u00fck\u00fcmet ba\u015fkanl\u0131\u011f\u0131 seviyesine gelmi\u015f bir ki\u015fiyi de ba\u015fka birisi idare edemez. Telkinde bulunursunuz. Telkinlerin hepsi onun nas\u0131l kar\u015f\u0131layaca\u011f\u0131na ba\u011fl\u0131d\u0131r. Orada b\u0131rak\u0131rs\u0131n\u0131z. Onu idare etmeye kalkmad\u0131m.<\/p>\n<p style=\"text-align: justify;\"><strong>H\u00fck\u00fcmeti kurma s\u00fcreci nas\u0131l ya\u015fand\u0131?<\/strong><\/p>\n<p style=\"text-align: justify;\">24 Aral\u0131k 1995&#8217;de genel se\u00e7im yap\u0131ld\u0131 ve Refah Partisi 21.4 oy oran\u0131 ile 158 milletvekili \u00e7\u0131kararak birinci parti oldu. H\u00fck\u00fcmeti kurma g\u00f6revi RP Genel Ba\u015fkan\u0131 Erbakan&#8217;a verildi. Erbakan&#8217;\u0131n ANAP&#8217;la koalisyon kurma giri\u015fimi sonu\u00e7suz kald\u0131, g\u00f6revi iade etti.<\/p>\n<p style=\"text-align: justify;\">6 Mart 1996&#8217;da Mesut Y\u0131lmaz ba\u015fkanl\u0131\u011f\u0131nda ANAYOL koalisyonu kuruldu. Mesut Y\u0131lmaz ve Tansu \u00c7iller aras\u0131nda \u00e7\u0131kan anla\u015fmazl\u0131k nedeniyle h\u00fck\u00fcmet k\u0131sa \u00f6m\u00fcrl\u00fc oldu.<\/p>\n<p style=\"text-align: justify;\">Bu h\u00fck\u00fcmetin yerine yeni h\u00fck\u00fcmet kurulmas\u0131 i\u00e7in Necmettin Erbakan&#8217;a bir kez daha g\u00f6rev verildi. Erbakan bu kez DYP ile koalisyon kurdu ve 28 Haziran 1996&#8217;da Refahyol H\u00fck\u00fcmeti g\u00f6reve ba\u015flad\u0131. Ya\u015fanan gerginlik \u00fczerine koalisyon ortaklar\u0131 aras\u0131nda Ba\u015fbakanl\u0131\u011f\u0131 Tansu \u00c7iller&#8217;in \u00fcstlenmesi konusunda uzla\u015fmaya var\u0131ld\u0131. Erbakan, istifas\u0131n\u0131 18 Haziran 1997&#8217;de Cumhurba\u015fkan\u0131&#8217;na sundu. Ancak Cumhurba\u015fkan\u0131 S\u00fcleyman Demirel, h\u00fck\u00fcmet kurma g\u00f6revini DYP Genel Ba\u015fkan\u0131 Tansu \u00c7iller yerine ANAP Genel Ba\u015fkan\u0131 Mesut Y\u0131lmaz&#8217;a verdi. Y\u0131lmaz, 30 Haziran 1997&#8217;de CHP&#8217;nin d\u0131\u015fardan deste\u011fiyle ANAP-DSP-DTP koalisyon h\u00fck\u00fcmetini kurdu.<\/p>\n<p style=\"text-align: justify;\"><strong>&#8216;Gerginlik&#8217; \u00f6rnekleri<\/strong><\/p>\n<p style=\"text-align: justify;\">Demirel, Erbakan&#8217;\u0131n istifa etme gerek\u00e7esi olan &#8220;gerginlik&#8221; konusunun iyi anla\u015f\u0131lmas\u0131 gerekti\u011fini belirterek o d\u00f6nemde kamuoyuna yans\u0131yan \u015feriat yanl\u0131s\u0131 a\u00e7\u0131klamalar\u0131 hat\u0131rlatt\u0131 ve \u00f6rnekler verdi. Demirel&#8217;in hat\u0131rlatt\u0131\u011f\u0131 \u00f6rneklerden baz\u0131lar\u0131 \u00f6zetle \u015f\u00f6yle:<\/p>\n<p style=\"text-align: justify;\"><strong>\u0130mdat Kaya: <\/strong> (&#8230;) Ya \u0130ran M\u00fcsl\u00fcmanlar\u0131 gibi aya\u011fa kalkaca\u011f\u0131z ve bu kahpe rejimi ayaklar\u0131m\u0131z\u0131n alt\u0131na alaca\u011f\u0131z. Ya da M\u00fcsl\u00fcman bir partiyi iktidara getirip i\u015fi yumu\u015fak\u00e7a halledece\u011fiz. Bu kadar adam, PKK kadar de\u011fil. PKK vuruyor, biz de vural\u0131m m\u0131? Yok vurmayak da Ankara&#8217;da durak&#8230;&#8221; &#8220;&#8230; \u00c7ankaya, Ezankaya olana kadar bu sava\u015f s\u00fcrecek&#8230;&#8221;<\/p>\n<p style=\"text-align: justify;\"><strong>Necmettin Erbakan:<\/strong> (&#8230;) T\u00fcrkiye&#8217;nin \u015fu anda bir \u015feye karar vermesi laz\u0131m, Refah Partisi adil d\u00fczen getirecek, bu kesin \u015fart, ge\u00e7i\u015f d\u00f6nemi yumu\u015fak m\u0131 olacak sert mi olacak, tatl\u0131 m\u0131 olacak kanl\u0131 m\u0131 olacak, altm\u0131\u015f milyon buna karar verecek.<\/p>\n<p style=\"text-align: justify;\"><strong>Hasan H\u00fcseyin Ceylan:<\/strong> Bu vatan bizimdir, rejim bizim de\u011fildir karde\u015flerim. Rejim ve Kemalizm ba\u015fkalar\u0131n\u0131nd\u0131r&#8230; T\u00fcrkiye y\u0131k\u0131lacak beyler. T\u00fcrkiye Cezayir olur mu diyorlar? Orada %81 nas\u0131l olmu\u015fsa, %20 falan de\u011fil, %81&#8217;lere ula\u015faca\u011f\u0131z.<\/p>\n<p style=\"text-align: justify;\"><span style=\"color: #888888;\">Kaynak : Vatan Gazetesi<\/span><\/p>\n","protected":false},"excerpt":{"rendered":"<p style=\"text-align: center;\">\n<p>28 \u015eUBAT&#8217;IN CUMHURBA\u015eKANI 28 \u015eUBAT&#8217;I ANLATIYOR : 1 &#8211; 2 &#8211; 3 &#8211; 4 &#8211; 5 &#8211; 6<\/p>\n<p style=\"text-align: justify;\">Erbakan&#8217;a &#8216;Sen git muavinin gelsin&#8217; mi diyecektim <\/p>\n<p style=\"text-align: justify;\">Demirel: T\u00fcrkiye&#8217;nin, o andaki menfaati Necmettin Bey&#8217;in, Tansu Han\u0131m&#8217;a h\u00fck\u00fcmet devretmesi de\u011fildi. Erbakan, &#8216;Gerginlik oldu&#8217; diyor, &#8216;Sen git muavinin gelsin, gerginlik s\u00fcrs\u00fcn <\/p>\n","protected":false},"author":1,"featured_media":0,"comment_status":"open","ping_status":"closed","sticky":false,"template":"","format":"standard","meta":{"footnotes":""},"categories":[105],"tags":[],"class_list":["post-4729","post","type-post","status-publish","format-standard","hentry","category-gundem","odd"],"_links":{"self":[{"href":"http:\/\/www.korhanyilmaz.com\/index.php?rest_route=\/wp\/v2\/posts\/4729","targetHints":{"allow":["GET"]}}],"collection":[{"href":"http:\/\/www.korhanyilmaz.com\/index.php?rest_route=\/wp\/v2\/posts"}],"about":[{"href":"http:\/\/www.korhanyilmaz.com\/index.php?rest_route=\/wp\/v2\/types\/post"}],"author":[{"embeddable":true,"href":"http:\/\/www.korhanyilmaz.com\/index.php?rest_route=\/wp\/v2\/users\/1"}],"replies":[{"embeddable":true,"href":"http:\/\/www.korhanyilmaz.com\/index.php?rest_route=%2Fwp%2Fv2%2Fcomments&post=4729"}],"version-history":[{"count":0,"href":"http:\/\/www.korhanyilmaz.com\/index.php?rest_route=\/wp\/v2\/posts\/4729\/revisions"}],"wp:attachment":[{"href":"http:\/\/www.korhanyilmaz.com\/index.php?rest_route=%2Fwp%2Fv2%2Fmedia&parent=4729"}],"wp:term":[{"taxonomy":"category","embeddable":true,"href":"http:\/\/www.korhanyilmaz.com\/index.php?rest_route=%2Fwp%2Fv2%2Fcategories&post=4729"},{"taxonomy":"post_tag","embeddable":true,"href":"http:\/\/www.korhanyilmaz.com\/index.php?rest_route=%2Fwp%2Fv2%2Ftags&post=4729"}],"curies":[{"name":"wp","href":"https:\/\/api.w.org\/{rel}","templated":true}]}}